{"id":120413,"date":"2023-08-28T19:05:39","date_gmt":"2023-08-28T22:05:39","guid":{"rendered":"http:\/\/www.24baires.com\/?p=120413"},"modified":"2023-08-28T23:08:21","modified_gmt":"2023-08-29T02:08:21","slug":"mas-de-6-millones-de-trabajadores-privados-y-publicos-recibiran-una-suma-fija","status":"publish","type":"post","link":"https:\/\/www.24baires.com\/?p=120413","title":{"rendered":"M\u00e1s de 6 millones de trabajadores privados y p\u00fablicos recibir\u00e1n una suma fija"},"content":{"rendered":"<p><img data-recalc-dims=\"1\" loading=\"lazy\" decoding=\"async\" class=\"aligncenter wp-image-120377\" src=\"https:\/\/i0.wp.com\/www.24baires.com\/wp-content\/uploads\/2023\/08\/massa.webp?resize=720%2C405\" alt=\"\" width=\"720\" height=\"405\" srcset=\"https:\/\/i0.wp.com\/www.24baires.com\/wp-content\/uploads\/2023\/08\/massa.webp?w=887&amp;ssl=1 887w, https:\/\/i0.wp.com\/www.24baires.com\/wp-content\/uploads\/2023\/08\/massa.webp?resize=300%2C169&amp;ssl=1 300w, https:\/\/i0.wp.com\/www.24baires.com\/wp-content\/uploads\/2023\/08\/massa.webp?resize=768%2C432&amp;ssl=1 768w\" sizes=\"auto, (max-width: 720px) 100vw, 720px\" \/>El Gobierno comenz\u00f3 a detallar el alcance de las medidas anunciadas por Sergio Massa. Respecto del pago de la suma fija, el Ejecutivo asumir\u00e1 el 100% en el caso de las micro-empresas y el 50% para las pymes, mediante el pago a cuenta de contribuciones patronales.<!--more--><\/p>\n<p>Luego de la bater\u00eda de iniciativas dadas a conocer este domingo por el ministro de Econom\u00eda y candidato presidencial de UxP, la titular de la cartera laboral, Raquel &#8216;Kelly&#8217; Kismer de Olmos, dio precisiones sobre la implementaci\u00f3n del \u00abmal llamado bono\u00bb que busca \u00abneutralizar\u00bb el impacto de la devaluaci\u00f3n forzada por el Fondo Monetario Internacional.<\/p>\n<p>Por ejemplo, se calcula oficialmente que ser\u00e1n 5,5 millones de trabajadores formales de empresas privadas los que acceder\u00e1n a una \u00absuma fija no remunerativa\u00bb de 60 mil pesos que se pagar\u00e1 en dos cuotas mensuales en los meses de septiembre y octubre.<\/p>\n<p>Lo recibir\u00e1n aquellos que hayan cobrado en agosto salarios netos de hasta 400 mil pesos y la suma ser\u00e1 \u00ababsorbible por las paritarias\u00bb.<\/p>\n<p>En ese sentido, la ministra coment\u00f3 que las negociaciones salariales son \u00ablibres\u00bb y que, por esa raz\u00f3n, cada sector deber\u00e1 estipular cu\u00e1l ser\u00e1 la modalidad en la que los pagos acordados con los empresarios se conjugar\u00e1n con la suma fija.<\/p>\n<p>Olmos a\u00f1adi\u00f3 que el Ejecutivo asumir\u00e1 el 100% del pago en el caso de las micro-empresas y el 50% para las pymes, mediante el pago a cuenta de contribuciones patronales.<\/p>\n<p>Respecto de los trabajadores del Estado nacional, que totalizan 390 mil, recibir\u00e1n la misma suma con la misma modalidad de pago en cuotas.<\/p>\n<p>Consultada respecto de los estatales provinciales y municipales, la ministra record\u00f3 que la Naci\u00f3n no tiene potestad sobre la pol\u00edtica salarial de esos distritos, ya que los mismos son \u00abaut\u00f3nomos\u00bb en esa materia, pero que a partir de esta medida se invitar\u00e1 a esas jurisdicciones a implementar pol\u00edticas similares para sostener el poder adquisitivo de sus propios asalariados.<\/p>\n<p>En tanto, hasta 424 mil trabajadores y trabajadoras de casas particulares que est\u00e1n registrados recibir\u00e1n 25 mil pesos en dos cuotas mensuales, proporcional a las horas trabajadas.<\/p>\n<p>En paralelo, a los empleadores -puntualmente, a la persona f\u00edsica que figura como empleador del trabajador dom\u00e9stico registrado- con ingresos de hasta un mill\u00f3n y medio de pesos mensuales netos ($1.500.000) y que no hayan pagado bienes personales en 2022, se les reembolsar\u00e1 el 50% de lo abonado.<\/p>\n<p>\u00abEsto est\u00e1 acompa\u00f1ado, adem\u00e1s, de otras medidas como, por ejemplo, el control de precios, que implic\u00f3 una decisi\u00f3n de retrotraer los precios de los productos de mayor necesidad y un acuerdo del 5% de ajuste mensual que se est\u00e1 suscribiendo con las empresas, para lo cual el estado tambi\u00e9n ha hecho una cantidad de aportes desde el punto de vista tributario\u00bb, argument\u00f3 la titular de la cartera de Trabajo.<\/p>\n<p>Los anuncios realizados el domingo por Massa fueron recibidos con benepl\u00e1cito por el arco pol\u00edtico expresado en el frente electoral Uni\u00f3n por la Patria, mientras que los representantes sindicales saludaron el esfuerzo pero destacaron la necesidad de \u00abprofundizar\u00bb lo actuado.<\/p>\n<p>El presidente Alberto Fern\u00e1ndez, por ejemplo, se\u00f1al\u00f3 que con el Nuevo Programa de Fortalecimiento de la Actividad Econ\u00f3mica y del Ingreso para las familias argentinas, como se denomin\u00f3 al paquete de medidas, se comienza \u00aba poner en marcha para que el ingreso de las y los m\u00e1s vulnerables no se vea afectado\u00bb.<\/p>\n<p>En tanto, el jefe de Gabinete y candidato a vicepresidente de Uni\u00f3n por la Patria (UxP), Agust\u00edn Rossi, destac\u00f3 que \u00ablos problemas no se resuelven con menos Estado y un mercado regulando solo la econom\u00eda\u00bb.<\/p>\n<p>\u00abNecesitamos un Estado activo, fuerte y presente que ponga al desarrollo y la inclusi\u00f3n en el centro y que siempre est\u00e9 donde tiene que estar: junto al pueblo\u00bb, poste\u00f3 en sus redes.<\/p>\n<p>Por su parte, la CGT apoy\u00f3 en un comunicado las medidas anunciadas porque van \u00aben la senda de un Estado presente\u00bb y dan \u00abuna mano a todos aquellos cuya situaci\u00f3n econ\u00f3mica se ha visto da\u00f1ada por este dif\u00edcil contexto\u00bb.<br \/>\nDe igual manera, el secretario general de la CTA de los Trabajadores, Hugo Yasky, celebr\u00f3 \u00abque el Gobierno haya reaccionado con una bater\u00eda de medidas para los sectores m\u00e1s golpeados por la situaci\u00f3n econ\u00f3mica\u00bb.<\/p>\n<p>\u00abEste es el camino pero a\u00fan no es suficiente. Debemos profundizar m\u00e1s la distribuci\u00f3n y proteger al pueblo frente a los abusos de los especuladores\u00bb, sostuvo el tambi\u00e9n diputado nacional del Frente de Todos (FdT) desde su cuenta de Twitter.<\/p>\n<p>Mientras tanto, el titular del gremio de Canillitas y senador provincial bonaerense del FdT, Omar Plaini, las consider\u00f3 como \u00abpaliativos frente a una situaci\u00f3n compleja\u00bb.<\/p>\n<p>Las medidas llegan d\u00edas despu\u00e9s de que se cerrara un nuevo desembolso por parte del FMI y que ese organismo difundiera su recomendaci\u00f3n al Gobierno nacional de un mayor ajuste de las cuentas p\u00fablicas, en especial sobre jubilaciones y gasto social.<\/p>\n<p>A contrapelo de lo aconsejado por Washington, la ministra Olmos aclar\u00f3 que las iniciativas se tomaron \u00aben virtud de la propia capacidad de decisi\u00f3n\u00bb soberana en una situaci\u00f3n \u00abextremadamente restrictiva\u00bb.<\/p>\n<p>\u00abEl FMI act\u00faa como el usurero del barrio, que ahora preocupado por todo lo que le dio a (Mauricio) Macri, pretende condicionar m\u00e1s la capacidad de decisi\u00f3n de nuestro Gobierno. Nosotros estamos cumpliendo con los pagos al FMI, pero intentamos mantener el mayor nivel de autonom\u00eda y soberan\u00eda en las decisiones que nos es posible en el marco de la situaci\u00f3n heredada\u00bb, destac\u00f3.<\/p>\n","protected":false},"excerpt":{"rendered":"<p>El Gobierno comenz\u00f3 a detallar el alcance de las medidas anunciadas por Sergio Massa. Respecto del pago de la suma fija, el Ejecutivo asumir\u00e1 el 100% en el caso de las micro-empresas y el 50% para las pymes, mediante el pago a cuenta de contribuciones patronales.<\/p>\n","protected":false},"author":4,"featured_media":0,"comment_status":"closed","ping_status":"closed","sticky":false,"template":"","format":"standard","meta":{"_jetpack_newsletter_access":"","_jetpack_dont_email_post_to_subs":false,"_jetpack_newsletter_tier_id":0,"_jetpack_memberships_contains_paywalled_content":false,"_jetpack_memberships_contains_paid_content":false,"footnotes":""},"categories":[1],"tags":[],"class_list":["post-120413","post","type-post","status-publish","format-standard","hentry","category-sociedad"],"jetpack_featured_media_url":"","jetpack_shortlink":"https:\/\/wp.me\/p2JWE0-vk9","jetpack-related-posts":[{"id":116471,"url":"https:\/\/www.24baires.com\/?p=116471","url_meta":{"origin":120413,"position":0},"title":"Se acord\u00f3 un aumento de 28% para salario m\u00ednimo, vital y m\u00f3vil","author":"AF","date":"14\/10\/2020","format":false,"excerpt":"Los ajustes ser\u00e1n de 12% en octubre, 10% en diciembre y 6% en marzo. La CGT pidi\u00f3 que se vuelva a reunir el plenario en abril 2021, luego del \u00faltimo aumento programado. El Consejo del Empleo, la Productividad y el Salario M\u00ednimo, Vital y M\u00f3vil fij\u00f3 un aumento de 28%\u2026","rel":"","context":"En \u00abSociedad\u00bb","block_context":{"text":"Sociedad","link":"https:\/\/www.24baires.com\/?cat=1"},"img":{"alt_text":"","src":"https:\/\/i0.wp.com\/www.24baires.com\/wp-content\/uploads\/2018\/11\/industria.jpg?resize=350%2C200","width":350,"height":200,"srcset":"https:\/\/i0.wp.com\/www.24baires.com\/wp-content\/uploads\/2018\/11\/industria.jpg?resize=350%2C200 1x, https:\/\/i0.wp.com\/www.24baires.com\/wp-content\/uploads\/2018\/11\/industria.jpg?resize=525%2C300 1.5x"},"classes":[]},{"id":113678,"url":"https:\/\/www.24baires.com\/?p=113678","url_meta":{"origin":120413,"position":1},"title":"El Gobierno oficializ\u00f3 el aumento de 4000 pesos para los trabajadores privados","author":"AF","date":"03\/01\/2020","format":false,"excerpt":"La primera cuota, de 3000 pesos, se pagar\u00e1 con los sueldos de enero y se completar\u00e1 con otros 1000 en febrero. Los aumentos ser\u00e1n de car\u00e1cter remunerativo. Las Pymes que cuenten con su certificado correspondiente quedar\u00e1n eximidas de las cargas patronales durante tres meses. Qu\u00e9 pasar\u00e1 con los empleados p\u00fablicos.\u2026","rel":"","context":"En \u00abSociedad\u00bb","block_context":{"text":"Sociedad","link":"https:\/\/www.24baires.com\/?cat=1"},"img":{"alt_text":"","src":"https:\/\/i0.wp.com\/www.24baires.com\/wp-content\/uploads\/2018\/05\/industriales.jpg?resize=350%2C200","width":350,"height":200,"srcset":"https:\/\/i0.wp.com\/www.24baires.com\/wp-content\/uploads\/2018\/05\/industriales.jpg?resize=350%2C200 1x, https:\/\/i0.wp.com\/www.24baires.com\/wp-content\/uploads\/2018\/05\/industriales.jpg?resize=525%2C300 1.5x"},"classes":[]},{"id":120455,"url":"https:\/\/www.24baires.com\/?p=120455","url_meta":{"origin":120413,"position":2},"title":"Oficializaron el fondo provincial para que los municipios paguen el bono","author":"GB","date":"11\/09\/2023","format":false,"excerpt":"El gobierno bonaerense puso en marcha el fondo especial para ayudar a los municipios a pagar la suma fija a sus trabajadores. A trav\u00e9s del Decreto 1610\/23, la provincia de Buenos Aires cre\u00f3 el Fondo Especial de Asignaciones Extraordinarias Salariales para Municipios. Se trata de la asistencia financiera que dispuso\u2026","rel":"","context":"En \u00abProvincia\u00bb","block_context":{"text":"Provincia","link":"https:\/\/www.24baires.com\/?cat=40"},"img":{"alt_text":"","src":"https:\/\/i0.wp.com\/www.24baires.com\/wp-content\/uploads\/2023\/09\/walter-correa-axel-kicillof-y-pablo-lopezjpg.webp?resize=350%2C200","width":350,"height":200,"srcset":"https:\/\/i0.wp.com\/www.24baires.com\/wp-content\/uploads\/2023\/09\/walter-correa-axel-kicillof-y-pablo-lopezjpg.webp?resize=350%2C200 1x, https:\/\/i0.wp.com\/www.24baires.com\/wp-content\/uploads\/2023\/09\/walter-correa-axel-kicillof-y-pablo-lopezjpg.webp?resize=525%2C300 1.5x, https:\/\/i0.wp.com\/www.24baires.com\/wp-content\/uploads\/2023\/09\/walter-correa-axel-kicillof-y-pablo-lopezjpg.webp?resize=700%2C400 2x"},"classes":[]},{"id":119631,"url":"https:\/\/www.24baires.com\/?p=119631","url_meta":{"origin":120413,"position":3},"title":"Los trabajadores formales cobrar\u00e1n un bono de fin de a\u00f1o de 24 mil pesos","author":"AF","date":"14\/12\/2022","format":false,"excerpt":"La suma ser\u00e1 abonada en diciembre por \u00fanica vez. Tambien los titulares del programa Potenciar Trabajo cobrar\u00e1n un bono de 13.500 pesos en dos cuotas. El Gobierno anunci\u00f3 el pago de un bono de 13.500 pesos en dos cuotas para los beneficiarios del plan Potenciar Trabajo y otro de 24.000\u2026","rel":"","context":"En \u00abSociedad\u00bb","block_context":{"text":"Sociedad","link":"https:\/\/www.24baires.com\/?cat=1"},"img":{"alt_text":"","src":"https:\/\/i0.wp.com\/www.24baires.com\/wp-content\/uploads\/2019\/02\/trabajador.jpg?resize=350%2C200","width":350,"height":200,"srcset":"https:\/\/i0.wp.com\/www.24baires.com\/wp-content\/uploads\/2019\/02\/trabajador.jpg?resize=350%2C200 1x, https:\/\/i0.wp.com\/www.24baires.com\/wp-content\/uploads\/2019\/02\/trabajador.jpg?resize=525%2C300 1.5x, https:\/\/i0.wp.com\/www.24baires.com\/wp-content\/uploads\/2019\/02\/trabajador.jpg?resize=700%2C400 2x"},"classes":[]},{"id":119623,"url":"https:\/\/www.24baires.com\/?p=119623","url_meta":{"origin":120413,"position":4},"title":"El Gobierno puso en marcha el Plan Ahora 10 para la compra de celulares","author":"AF","date":"12\/12\/2022","format":false,"excerpt":"El acuerdo firmado por el ministro Sergio Massa con las empresas del sector impulsa la venta de 70 modelos de tel\u00e9fonos hasta el 15 de marzo con una tasa preferencial del 48%. El ministro de Econom\u00eda, Sergio Massa, anunci\u00f3 este lunes la puesta en marcha del Plan Ahora 10 destinado\u2026","rel":"","context":"En \u00abSociedad\u00bb","block_context":{"text":"Sociedad","link":"https:\/\/www.24baires.com\/?cat=1"},"img":{"alt_text":"","src":"https:\/\/i0.wp.com\/www.24baires.com\/wp-content\/uploads\/2022\/12\/celular.jpg?fit=1200%2C675&ssl=1&resize=350%2C200","width":350,"height":200,"srcset":"https:\/\/i0.wp.com\/www.24baires.com\/wp-content\/uploads\/2022\/12\/celular.jpg?fit=1200%2C675&ssl=1&resize=350%2C200 1x, https:\/\/i0.wp.com\/www.24baires.com\/wp-content\/uploads\/2022\/12\/celular.jpg?fit=1200%2C675&ssl=1&resize=525%2C300 1.5x, https:\/\/i0.wp.com\/www.24baires.com\/wp-content\/uploads\/2022\/12\/celular.jpg?fit=1200%2C675&ssl=1&resize=700%2C400 2x, https:\/\/i0.wp.com\/www.24baires.com\/wp-content\/uploads\/2022\/12\/celular.jpg?fit=1200%2C675&ssl=1&resize=1050%2C600 3x"},"classes":[]},{"id":69968,"url":"https:\/\/www.24baires.com\/?p=69968","url_meta":{"origin":120413,"position":5},"title":"Desde la suba de las tasas, los plazos fijos crecieron $3.300 millones","author":"AF","date":"03\/08\/2015","format":false,"excerpt":"Seg\u00fan el Banco Central, el jueves de la semana pasada el total de plazos fijos tuvo un incremento de 1.200 millones de pesos, que sumado a la suba de 2.100 millones entre lunes y mi\u00e9rcoles \u00faltimos arroja el mencionado crecimiento. Los dep\u00f3sitos a plazo fijo registraron un aumento de 3.300\u2026","rel":"","context":"En \u00abEconom\u00eda\u00bb","block_context":{"text":"Econom\u00eda","link":"https:\/\/www.24baires.com\/?cat=45"},"img":{"alt_text":"","src":"","width":0,"height":0},"classes":[]}],"jetpack_sharing_enabled":true,"jetpack_likes_enabled":true,"_links":{"self":[{"href":"https:\/\/www.24baires.com\/index.php?rest_route=\/wp\/v2\/posts\/120413","targetHints":{"allow":["GET"]}}],"collection":[{"href":"https:\/\/www.24baires.com\/index.php?rest_route=\/wp\/v2\/posts"}],"about":[{"href":"https:\/\/www.24baires.com\/index.php?rest_route=\/wp\/v2\/types\/post"}],"author":[{"embeddable":true,"href":"https:\/\/www.24baires.com\/index.php?rest_route=\/wp\/v2\/users\/4"}],"replies":[{"embeddable":true,"href":"https:\/\/www.24baires.com\/index.php?rest_route=%2Fwp%2Fv2%2Fcomments&post=120413"}],"version-history":[{"count":1,"href":"https:\/\/www.24baires.com\/index.php?rest_route=\/wp\/v2\/posts\/120413\/revisions"}],"predecessor-version":[{"id":120414,"href":"https:\/\/www.24baires.com\/index.php?rest_route=\/wp\/v2\/posts\/120413\/revisions\/120414"}],"wp:attachment":[{"href":"https:\/\/www.24baires.com\/index.php?rest_route=%2Fwp%2Fv2%2Fmedia&parent=120413"}],"wp:term":[{"taxonomy":"category","embeddable":true,"href":"https:\/\/www.24baires.com\/index.php?rest_route=%2Fwp%2Fv2%2Fcategories&post=120413"},{"taxonomy":"post_tag","embeddable":true,"href":"https:\/\/www.24baires.com\/index.php?rest_route=%2Fwp%2Fv2%2Ftags&post=120413"}],"curies":[{"name":"wp","href":"https:\/\/api.w.org\/{rel}","templated":true}]}}