{"id":120393,"date":"2023-08-22T08:11:23","date_gmt":"2023-08-22T11:11:23","guid":{"rendered":"http:\/\/www.24baires.com\/?p=120393"},"modified":"2023-08-22T08:11:23","modified_gmt":"2023-08-22T11:11:23","slug":"mas-de-300-empresas-adhirieron-al-precios-justos","status":"publish","type":"post","link":"https:\/\/www.24baires.com\/?p=120393","title":{"rendered":"M\u00e1s de 300 empresas adhirieron al Precios Justos"},"content":{"rendered":"<p><img data-recalc-dims=\"1\" loading=\"lazy\" decoding=\"async\" class=\"aligncenter wp-image-120394\" src=\"https:\/\/i0.wp.com\/www.24baires.com\/wp-content\/uploads\/2023\/08\/massa-precios.webp?resize=720%2C480\" alt=\"\" width=\"720\" height=\"480\" srcset=\"https:\/\/i0.wp.com\/www.24baires.com\/wp-content\/uploads\/2023\/08\/massa-precios.webp?w=887&amp;ssl=1 887w, https:\/\/i0.wp.com\/www.24baires.com\/wp-content\/uploads\/2023\/08\/massa-precios.webp?resize=300%2C200&amp;ssl=1 300w, https:\/\/i0.wp.com\/www.24baires.com\/wp-content\/uploads\/2023\/08\/massa-precios.webp?resize=768%2C512&amp;ssl=1 768w\" sizes=\"auto, (max-width: 720px) 100vw, 720px\" \/>La devaluaci\u00f3n del lunes posterior a las elecciones PASO gener\u00f3 un cimbronazo en el mercado interno. Para desactivar este problema que derivar\u00eda en una escalada inflacionaria el Ministerio de Econom\u00eda sali\u00f3 a negociar la renovaci\u00f3n del programa Precios Justos. R\u00e1pidamente, logr\u00f3 retrotraer los aumentos en varios rubros, pero hay uno que todav\u00eda no est\u00e1 cerrado.<!--more--><\/p>\n<p>Actualmente, desde la Secretar\u00eda de Comercio confirmaron que hay m\u00e1s de 340 empresas que renovaron su adhesi\u00f3n a Precios Justos. En esta oportunidad es por 90 d\u00edas, periodo en el cual no podr\u00e1n aumentar sus valores de venta al p\u00fablico m\u00e1s de 5% por mes. Las compa\u00f1\u00edas que se sumaron son de consumo masivo, insumos difundidos, combustibles, medicamentos, calzado, indumentaria, l\u00ednea blanca, motos, electrodom\u00e9sticos y celulares y cadenas de supermercados y mayoristas.<br \/>\nDesde Comercio destacaron que se trata de un \u00abesfuerzo compartido\u00bb entre las empresas y el Estado \u00abpara proteger el bolsillo\u00bb. \u00abLa unidad de negociaci\u00f3n, que coordina Guillermo Michel, permiti\u00f3 incluir aspectos novedosos en esta etapa, donde el esfuerzo se reparte entre las empresas y el Estado, para proteger el impacto en los precios, derivado de la devaluaci\u00f3n impuesta por el FMI\u00bb, precis\u00f3 el titular del \u00e1rea, Mat\u00edas Tombolini.<\/p>\n<p>Mario Ravettino, presidente del Consorcio de Exportadores de Carnes Argentinas; Guillermo Michel, titular de Aduana; y Juan Jos\u00e9 Bahillo, secretario de Agricultura, Ganader\u00eda y Pesca.<br \/>\nMario Ravettino, presidente del Consorcio de Exportadores de Carnes Argentinas; Guillermo Michel, titular de Aduana; y Juan Jos\u00e9 Bahillo, secretario de Agricultura, Ganader\u00eda y Pesca.<\/p>\n<p>Sin embargo, la unidad de negociaci\u00f3n del acuerdo de precios todav\u00eda no cerr\u00f3 un convenio con los frigor\u00edficos. La carne viene aumentando, tanto en el mercado de hacienda como en los mostradores, desde la puesta en marcha del d\u00f3lar agro y sigui\u00f3 ese camino tras la devaluaci\u00f3n del 14 de agosto. En este contexto, el secretario de Agricultura, Juan Jos\u00e9 Bahillo, sali\u00f3 a desmentir el cierre de las exportaciones y confirm\u00f3 las negociaciones para \u00ablos precios de carnes para el mercado interno\u00bb. Hasta ahora no dieron frutos.<\/p>\n<p>Contener el precio de la carne puede ser fundamental para empujar la inflaci\u00f3n hacia abajo. De hecho, en febrero el Gobierno Nacional incorpor\u00f3 este sector al Precios Justos con 7 cortes a precios controlados. En ese momento, la vocera presidencial, Gabriela Cerruti, reconoci\u00f3 que un punto de los 6,6 que registr\u00f3 la inflaci\u00f3n de febrero se explicaba solo con los incrementos de la carne. Habr\u00e1 que ver c\u00f3mo impacta esta vez en el IPC de agosto que se publicar\u00e1 el 14 de septiembre.<\/p>\n","protected":false},"excerpt":{"rendered":"<p>La devaluaci\u00f3n del lunes posterior a las elecciones PASO gener\u00f3 un cimbronazo en el mercado interno. Para desactivar este problema que derivar\u00eda en una escalada inflacionaria el Ministerio de Econom\u00eda sali\u00f3 a negociar la renovaci\u00f3n del programa Precios Justos. R\u00e1pidamente, logr\u00f3 retrotraer los aumentos en varios rubros, pero hay uno que todav\u00eda no est\u00e1 cerrado.<\/p>\n","protected":false},"author":8,"featured_media":0,"comment_status":"closed","ping_status":"closed","sticky":false,"template":"","format":"standard","meta":{"_jetpack_newsletter_access":"","_jetpack_dont_email_post_to_subs":false,"_jetpack_newsletter_tier_id":0,"_jetpack_memberships_contains_paywalled_content":false,"_jetpack_memberships_contains_paid_content":false,"footnotes":""},"categories":[78],"tags":[],"class_list":["post-120393","post","type-post","status-publish","format-standard","hentry","category-consumidores"],"jetpack_featured_media_url":"","jetpack_shortlink":"https:\/\/wp.me\/p2JWE0-vjP","jetpack-related-posts":[{"id":120421,"url":"https:\/\/www.24baires.com\/?p=120421","url_meta":{"origin":120393,"position":0},"title":"Con aumentos del 30%, renovaron el Precios Justos Carne","author":"GB","date":"30\/08\/2023","format":false,"excerpt":"La Secretar\u00eda de Comercio lleg\u00f3 a un acuerdo con supermercados, carnicer\u00edas y empresas exportadoras para renovar el programa Precios Justos Carne. Secretar\u00eda de Comercio de la Naci\u00f3n cerr\u00f3 un acuerdo sectorial para actualizar el programa Precios Justos de la carne. Los siete cortes incluidos en el esquema lanzado por primera\u2026","rel":"","context":"En \u00abConsumidores\u00bb","block_context":{"text":"Consumidores","link":"https:\/\/www.24baires.com\/?cat=78"},"img":{"alt_text":"","src":"https:\/\/i0.wp.com\/www.24baires.com\/wp-content\/uploads\/2016\/02\/carnicer%C3%ADa.jpg?resize=350%2C200","width":350,"height":200,"srcset":"https:\/\/i0.wp.com\/www.24baires.com\/wp-content\/uploads\/2016\/02\/carnicer%C3%ADa.jpg?resize=350%2C200 1x, https:\/\/i0.wp.com\/www.24baires.com\/wp-content\/uploads\/2016\/02\/carnicer%C3%ADa.jpg?resize=525%2C300 1.5x, https:\/\/i0.wp.com\/www.24baires.com\/wp-content\/uploads\/2016\/02\/carnicer%C3%ADa.jpg?resize=700%2C400 2x"},"classes":[]},{"id":120682,"url":"https:\/\/www.24baires.com\/?p=120682","url_meta":{"origin":120393,"position":1},"title":"El Gobierno logr\u00f3 contener los aumentos en los supermercados","author":"GB","date":"22\/11\/2023","format":false,"excerpt":"Luego de la negociaci\u00f3n entre la Secretar\u00eda de Comercio y las empresas, el Gobierno acord\u00f3 aumentos de hasta el 12% para noviembre y del 5% en diciembre. Tras el aumento de precios de este martes, la Secretar\u00eda de Comercio de la Naci\u00f3n acord\u00f3 con supermercados y empresas de consumo masivo\u2026","rel":"","context":"En \u00abConsumidores\u00bb","block_context":{"text":"Consumidores","link":"https:\/\/www.24baires.com\/?cat=78"},"img":{"alt_text":"","src":"https:\/\/i0.wp.com\/www.24baires.com\/wp-content\/uploads\/2022\/11\/sergio-massa-precios-justosjpg.jpg?resize=350%2C200","width":350,"height":200,"srcset":"https:\/\/i0.wp.com\/www.24baires.com\/wp-content\/uploads\/2022\/11\/sergio-massa-precios-justosjpg.jpg?resize=350%2C200 1x, https:\/\/i0.wp.com\/www.24baires.com\/wp-content\/uploads\/2022\/11\/sergio-massa-precios-justosjpg.jpg?resize=525%2C300 1.5x, https:\/\/i0.wp.com\/www.24baires.com\/wp-content\/uploads\/2022\/11\/sergio-massa-precios-justosjpg.jpg?resize=700%2C400 2x"},"classes":[]},{"id":120125,"url":"https:\/\/www.24baires.com\/?p=120125","url_meta":{"origin":120393,"position":2},"title":"Suspenden al supermercado D\u00eda por incumplir con Precios Justos","author":"AF","date":"24\/05\/2023","format":false,"excerpt":"La decisi\u00f3n oficial se tom\u00f3 tras la realizaci\u00f3n de operativos de control en m\u00e1s de 120 sucursales, en los que se comprobaron aumentos del orden del 8,33% promedio en los productos que forman parte del programa, 3,33 puntos por encima del 5% acordado. La Secretar\u00eda de Comercio suspendi\u00f3 a la\u2026","rel":"","context":"En \u00abSociedad\u00bb","block_context":{"text":"Sociedad","link":"https:\/\/www.24baires.com\/?cat=1"},"img":{"alt_text":"","src":"https:\/\/i0.wp.com\/www.24baires.com\/wp-content\/uploads\/2023\/05\/afip.jpg?resize=350%2C200","width":350,"height":200,"srcset":"https:\/\/i0.wp.com\/www.24baires.com\/wp-content\/uploads\/2023\/05\/afip.jpg?resize=350%2C200 1x, https:\/\/i0.wp.com\/www.24baires.com\/wp-content\/uploads\/2023\/05\/afip.jpg?resize=525%2C300 1.5x, https:\/\/i0.wp.com\/www.24baires.com\/wp-content\/uploads\/2023\/05\/afip.jpg?resize=700%2C400 2x"},"classes":[]},{"id":119587,"url":"https:\/\/www.24baires.com\/?p=119587","url_meta":{"origin":120393,"position":3},"title":"Sergio Massa incorpora combustibles al Precios Justos","author":"GB","date":"28\/11\/2022","format":false,"excerpt":"Las naftas no podr\u00e1n subir m\u00e1s del 4% durante el pr\u00f3ximo cuatrimestre. Hoy habr\u00e1 una reuni\u00f3n clave para oficializar el acuerdo. El ministro de Econom\u00eda de la Naci\u00f3n, Sergio Massa, acord\u00f3 con empresas petroleras el ingreso de los combustibles al programa Precios Justos. El anuncio formal se realizar\u00e1 este lunes,\u2026","rel":"","context":"En \u00abEconom\u00eda\u00bb","block_context":{"text":"Econom\u00eda","link":"https:\/\/www.24baires.com\/?cat=45"},"img":{"alt_text":"","src":"https:\/\/i0.wp.com\/www.24baires.com\/wp-content\/uploads\/2022\/11\/sergio-massa-precios-justosjpg.jpg?resize=350%2C200","width":350,"height":200,"srcset":"https:\/\/i0.wp.com\/www.24baires.com\/wp-content\/uploads\/2022\/11\/sergio-massa-precios-justosjpg.jpg?resize=350%2C200 1x, https:\/\/i0.wp.com\/www.24baires.com\/wp-content\/uploads\/2022\/11\/sergio-massa-precios-justosjpg.jpg?resize=525%2C300 1.5x, https:\/\/i0.wp.com\/www.24baires.com\/wp-content\/uploads\/2022\/11\/sergio-massa-precios-justosjpg.jpg?resize=700%2C400 2x"},"classes":[]},{"id":119965,"url":"https:\/\/www.24baires.com\/?p=119965","url_meta":{"origin":120393,"position":4},"title":"Las alimenticias rompen el pacto con el Gobierno","author":"AF","date":"30\/03\/2023","format":false,"excerpt":"Los grandes supermercados rechazaron listas de Ledesma, Milkaut, Arcor harineras y Mondelez, entre otras, que pretenden subas por encima de la inflaci\u00f3n. En los barrios, los comercios no tienen margen para rechazarles aumentos. Las empresas productoras de alimentos y productos de la canasta b\u00e1sica le blanquearon al Gobierno, con acciones\u2026","rel":"","context":"En \u00abEconom\u00eda\u00bb","block_context":{"text":"Econom\u00eda","link":"https:\/\/www.24baires.com\/?cat=45"},"img":{"alt_text":"","src":"https:\/\/i0.wp.com\/www.24baires.com\/wp-content\/uploads\/2022\/04\/61b8c911edf0c_900.jpg?resize=350%2C200","width":350,"height":200,"srcset":"https:\/\/i0.wp.com\/www.24baires.com\/wp-content\/uploads\/2022\/04\/61b8c911edf0c_900.jpg?resize=350%2C200 1x, https:\/\/i0.wp.com\/www.24baires.com\/wp-content\/uploads\/2022\/04\/61b8c911edf0c_900.jpg?resize=525%2C300 1.5x, https:\/\/i0.wp.com\/www.24baires.com\/wp-content\/uploads\/2022\/04\/61b8c911edf0c_900.jpg?resize=700%2C400 2x"},"classes":[]},{"id":119910,"url":"https:\/\/www.24baires.com\/?p=119910","url_meta":{"origin":120393,"position":5},"title":"Aumentan los combustibles un 3,8%","author":"GB","date":"16\/03\/2023","format":false,"excerpt":"Luego de que se conociera la inflaci\u00f3n de febrero, Shell fue la primera en actualizar los precios de la nafta y el gasoil. trata del \u00faltimo aumento que acordado con el gobierno nacional en el marco del programa Precios Justos. Desde hoy, la nafta y el gasoil son un 3,8%\u2026","rel":"","context":"En \u00abEconom\u00eda\u00bb","block_context":{"text":"Econom\u00eda","link":"https:\/\/www.24baires.com\/?cat=45"},"img":{"alt_text":"","src":"https:\/\/i0.wp.com\/www.24baires.com\/wp-content\/uploads\/2013\/02\/surtidor-nafta.jpg?resize=350%2C200","width":350,"height":200,"srcset":"https:\/\/i0.wp.com\/www.24baires.com\/wp-content\/uploads\/2013\/02\/surtidor-nafta.jpg?resize=350%2C200 1x, https:\/\/i0.wp.com\/www.24baires.com\/wp-content\/uploads\/2013\/02\/surtidor-nafta.jpg?resize=525%2C300 1.5x, https:\/\/i0.wp.com\/www.24baires.com\/wp-content\/uploads\/2013\/02\/surtidor-nafta.jpg?resize=700%2C400 2x"},"classes":[]}],"jetpack_sharing_enabled":true,"jetpack_likes_enabled":true,"_links":{"self":[{"href":"https:\/\/www.24baires.com\/index.php?rest_route=\/wp\/v2\/posts\/120393","targetHints":{"allow":["GET"]}}],"collection":[{"href":"https:\/\/www.24baires.com\/index.php?rest_route=\/wp\/v2\/posts"}],"about":[{"href":"https:\/\/www.24baires.com\/index.php?rest_route=\/wp\/v2\/types\/post"}],"author":[{"embeddable":true,"href":"https:\/\/www.24baires.com\/index.php?rest_route=\/wp\/v2\/users\/8"}],"replies":[{"embeddable":true,"href":"https:\/\/www.24baires.com\/index.php?rest_route=%2Fwp%2Fv2%2Fcomments&post=120393"}],"version-history":[{"count":1,"href":"https:\/\/www.24baires.com\/index.php?rest_route=\/wp\/v2\/posts\/120393\/revisions"}],"predecessor-version":[{"id":120395,"href":"https:\/\/www.24baires.com\/index.php?rest_route=\/wp\/v2\/posts\/120393\/revisions\/120395"}],"wp:attachment":[{"href":"https:\/\/www.24baires.com\/index.php?rest_route=%2Fwp%2Fv2%2Fmedia&parent=120393"}],"wp:term":[{"taxonomy":"category","embeddable":true,"href":"https:\/\/www.24baires.com\/index.php?rest_route=%2Fwp%2Fv2%2Fcategories&post=120393"},{"taxonomy":"post_tag","embeddable":true,"href":"https:\/\/www.24baires.com\/index.php?rest_route=%2Fwp%2Fv2%2Ftags&post=120393"}],"curies":[{"name":"wp","href":"https:\/\/api.w.org\/{rel}","templated":true}]}}