{"id":120387,"date":"2023-08-17T23:24:31","date_gmt":"2023-08-18T02:24:31","guid":{"rendered":"http:\/\/www.24baires.com\/?p=120387"},"modified":"2023-08-17T23:24:58","modified_gmt":"2023-08-18T02:24:58","slug":"massa-anuncio-un-acuerdo-para-congelar-combustibles","status":"publish","type":"post","link":"https:\/\/www.24baires.com\/?p=120387","title":{"rendered":"Massa anunci\u00f3 un acuerdo para congelar el precio de los combustibles"},"content":{"rendered":"<p><img data-recalc-dims=\"1\" loading=\"lazy\" decoding=\"async\" class=\"aligncenter wp-image-100130\" src=\"https:\/\/i0.wp.com\/www.24baires.com\/wp-content\/uploads\/2018\/01\/ypf.jpg?resize=720%2C480\" alt=\"\" width=\"720\" height=\"480\" srcset=\"https:\/\/i0.wp.com\/www.24baires.com\/wp-content\/uploads\/2018\/01\/ypf.jpg?w=560&amp;ssl=1 560w, https:\/\/i0.wp.com\/www.24baires.com\/wp-content\/uploads\/2018\/01\/ypf.jpg?resize=300%2C200&amp;ssl=1 300w\" sizes=\"auto, (max-width: 720px) 100vw, 720px\" \/>Ser\u00e1 hasta despu\u00e9s de las elecciones generales de octubre. Este jueves, YPF subi\u00f3 sus precios 12,5 por ciento.<!--more--><\/p>\n<p>El ministro de Econom\u00eda, Sergio Massa, inform\u00f3 que los precios de los combustibles permanecer\u00e1n congelados hasta el 31 de octubre pr\u00f3ximo. Esta decisi\u00f3n se tom\u00f3 como respuesta al aumento del 12,5% que la mayor\u00eda de las petroleras implementaron este mi\u00e9rcoles, y al cual YPF se sumar\u00e1 a partir de esta medianoche.<\/p>\n<p>En una presentaci\u00f3n p\u00fablica, Massa explic\u00f3 que esta medida fue resultado de un acuerdo alcanzado entre las autoridades y las principales empresas del sector. Seg\u00fan sus palabras, \u00abhubo un consenso entre los productores, refinadores, la Secretar\u00eda de Energ\u00eda, Aduanas y la AFIP. Esto implica que el incremento del 12,5% en todas las estaciones de servicio ser\u00e1 el \u00faltimo hasta el 31 de octubre. A partir de ah\u00ed, entraremos en un per\u00edodo sin m\u00e1s aumentos en los precios de los combustibles. Esto es resultado de una decisi\u00f3n en la cual se distribuye el impacto de la devaluaci\u00f3n entre el consumidor, las empresas y el Estado, que resignar\u00e1 parte de los recursos que las empresas pagan\u00bb.<\/p>\n<p>El ministro tambi\u00e9n destac\u00f3 la importancia de la industria del petr\u00f3leo y gas en Argentina como un motor significativo de la econom\u00eda, y se\u00f1al\u00f3 que contribuy\u00f3 a compensar la disminuci\u00f3n en la actividad debido a la sequ\u00eda.<\/p>\n<p>En la reuni\u00f3n estuvieron presentes la secretaria de Energ\u00eda, Flavia Royon, as\u00ed como representantes de varias empresas del sector, incluyendo YPF, Pluspetrol, CGC, Vista, Tecpetrol, Pampa Energy y otras.<\/p>\n<p>Los aumentos del sector<br \/>\nLas empresas Shell y Puma incrementaron un promedio del 12,5% los precios de sus combustibles, tanto naftas como di\u00e9sel, durante el pasado mi\u00e9rcoles. Esta alza es resultado de la devaluaci\u00f3n del 21,6% en el tipo de cambio, que situ\u00f3 el d\u00f3lar a 350 pesos. Estas dos compa\u00f1\u00edas confirmaron que el aumento representa el segundo en el mes, dado que el 1 de agosto ya hab\u00edan elevado los precios en un 4,5%.<\/p>\n<p>En consecuencia, los carburantes l\u00edquidos han acumulado un aumento del 17,56% durante agosto.<\/p>\n<p>En noviembre del a\u00f1o pasado, las cuatro principales empresas, YPF, Pan American Energy (Axion), Raizen (Shell) y Trafigura (Puma), acordaron participar en el programa Precios Justos, comprometi\u00e9ndose a incrementos mensuales del 4% en una primera etapa, y del 4,5% en una segunda etapa que abarc\u00f3 hasta este mes.<\/p>\n<p>A principios de este mismo mes, la Secretar\u00eda de Energ\u00eda autoriz\u00f3 un aumento del 15,22% en el precio de adquisici\u00f3n del litro de bioetanol, tanto en sus variantes a base de ca\u00f1a de az\u00facar como de ma\u00edz, seg\u00fan lo establecido en la Resoluci\u00f3n 631\/2023.<\/p>\n","protected":false},"excerpt":{"rendered":"<p>Ser\u00e1 hasta despu\u00e9s de las elecciones generales de octubre. Este jueves, YPF subi\u00f3 sus precios 12,5 por ciento.<\/p>\n","protected":false},"author":4,"featured_media":0,"comment_status":"closed","ping_status":"closed","sticky":false,"template":"","format":"standard","meta":{"_jetpack_newsletter_access":"","_jetpack_dont_email_post_to_subs":false,"_jetpack_newsletter_tier_id":0,"_jetpack_memberships_contains_paywalled_content":false,"_jetpack_memberships_contains_paid_content":false,"footnotes":""},"categories":[45],"tags":[],"class_list":["post-120387","post","type-post","status-publish","format-standard","hentry","category-economia"],"jetpack_featured_media_url":"","jetpack_shortlink":"https:\/\/wp.me\/p2JWE0-vjJ","jetpack-related-posts":[{"id":119587,"url":"https:\/\/www.24baires.com\/?p=119587","url_meta":{"origin":120387,"position":0},"title":"Sergio Massa incorpora combustibles al Precios Justos","author":"GB","date":"28\/11\/2022","format":false,"excerpt":"Las naftas no podr\u00e1n subir m\u00e1s del 4% durante el pr\u00f3ximo cuatrimestre. Hoy habr\u00e1 una reuni\u00f3n clave para oficializar el acuerdo. El ministro de Econom\u00eda de la Naci\u00f3n, Sergio Massa, acord\u00f3 con empresas petroleras el ingreso de los combustibles al programa Precios Justos. El anuncio formal se realizar\u00e1 este lunes,\u2026","rel":"","context":"En \u00abEconom\u00eda\u00bb","block_context":{"text":"Econom\u00eda","link":"https:\/\/www.24baires.com\/?cat=45"},"img":{"alt_text":"","src":"https:\/\/i0.wp.com\/www.24baires.com\/wp-content\/uploads\/2022\/11\/sergio-massa-precios-justosjpg.jpg?resize=350%2C200","width":350,"height":200,"srcset":"https:\/\/i0.wp.com\/www.24baires.com\/wp-content\/uploads\/2022\/11\/sergio-massa-precios-justosjpg.jpg?resize=350%2C200 1x, https:\/\/i0.wp.com\/www.24baires.com\/wp-content\/uploads\/2022\/11\/sergio-massa-precios-justosjpg.jpg?resize=525%2C300 1.5x, https:\/\/i0.wp.com\/www.24baires.com\/wp-content\/uploads\/2022\/11\/sergio-massa-precios-justosjpg.jpg?resize=700%2C400 2x"},"classes":[]},{"id":120466,"url":"https:\/\/www.24baires.com\/?p=120466","url_meta":{"origin":120387,"position":1},"title":"La inflaci\u00f3n de agosto fue del 12,4%","author":"AF","date":"13\/09\/2023","format":false,"excerpt":"El IPC del INDEC fue el m\u00e1s alto en 30 a\u00f1os, con Alimentos y Bebidas con suba de 15,6. La carne tuvo un alza de m\u00e1s de 25 puntos. Prepagas y regulados tambi\u00e9n empujaron. La inflaci\u00f3n del mes de agosto quebr\u00f3 la barrera psicol\u00f3gica y salt\u00f3 a dos digitos en\u2026","rel":"","context":"En \u00abEconom\u00eda\u00bb","block_context":{"text":"Econom\u00eda","link":"https:\/\/www.24baires.com\/?cat=45"},"img":{"alt_text":"","src":"https:\/\/i0.wp.com\/www.24baires.com\/wp-content\/uploads\/2023\/06\/supermercado.jpg?resize=350%2C200","width":350,"height":200,"srcset":"https:\/\/i0.wp.com\/www.24baires.com\/wp-content\/uploads\/2023\/06\/supermercado.jpg?resize=350%2C200 1x, https:\/\/i0.wp.com\/www.24baires.com\/wp-content\/uploads\/2023\/06\/supermercado.jpg?resize=525%2C300 1.5x, https:\/\/i0.wp.com\/www.24baires.com\/wp-content\/uploads\/2023\/06\/supermercado.jpg?resize=700%2C400 2x"},"classes":[]},{"id":116274,"url":"https:\/\/www.24baires.com\/?p=116274","url_meta":{"origin":120387,"position":2},"title":"YPF aument\u00f3 los combustibles un 3,5%","author":"GB","date":"19\/09\/2020","format":false,"excerpt":"Es el segundo aumento dispuesto por la empresa en el a\u00f1o. Seg\u00fan explic\u00f3 YPF, \"el aumento busca recomponer asimetr\u00edas hist\u00f3ricas a nivel federal\". La petrolera YPF anunci\u00f3 un aumento del 3,5% promedio en el precio de sus combustibles, con un ajuste diferencial de valores de acuerdo a la regi\u00f3n del\u2026","rel":"","context":"En \u00abEconom\u00eda\u00bb","block_context":{"text":"Econom\u00eda","link":"https:\/\/www.24baires.com\/?cat=45"},"img":{"alt_text":"","src":"https:\/\/i0.wp.com\/www.24baires.com\/wp-content\/uploads\/2013\/03\/ypf-300x224.jpg?resize=350%2C200","width":350,"height":200},"classes":[]},{"id":116896,"url":"https:\/\/www.24baires.com\/?p=116896","url_meta":{"origin":120387,"position":3},"title":"Una vez m\u00e1s YPF aument\u00f3 el precio de sus combustibles en todo el pa\u00eds","author":"GB","date":"16\/12\/2020","format":false,"excerpt":"YPF anunci\u00f3 que el precio de sus combustibles aumenta un 4,5% promedio tanto en las naftas como en el gasoil. En CABA, sube un 5,5%. La petrolera YPF anunci\u00f3 que desde este mi\u00e9rcoles 16 de diciembre aumentan el precio de sus combustibles en un 4,5% promedio. La medida ser\u00e1 para\u2026","rel":"","context":"En \u00abConsumidores\u00bb","block_context":{"text":"Consumidores","link":"https:\/\/www.24baires.com\/?cat=78"},"img":{"alt_text":"","src":"https:\/\/i0.wp.com\/www.24baires.com\/wp-content\/uploads\/2018\/01\/ypf.jpg?resize=350%2C200","width":350,"height":200,"srcset":"https:\/\/i0.wp.com\/www.24baires.com\/wp-content\/uploads\/2018\/01\/ypf.jpg?resize=350%2C200 1x, https:\/\/i0.wp.com\/www.24baires.com\/wp-content\/uploads\/2018\/01\/ypf.jpg?resize=525%2C300 1.5x"},"classes":[]},{"id":115919,"url":"https:\/\/www.24baires.com\/?p=115919","url_meta":{"origin":120387,"position":4},"title":"Analizan el aumento de combustibles como parte de \u00abun plan integral\u00bb con YPF","author":"GB","date":"12\/08\/2020","format":false,"excerpt":"El ministro de Econom\u00eda, Mart\u00edn Guzm\u00e1n, se refiri\u00f3 al incremento del precio de naftas y gasoil. Desde el Gobierno nacional analizan todas las posibilidades de implementaci\u00f3n de un aumento de combustibles en todo el pa\u00eds mientras los sectores privados presionan para que se concrete. De esta manera, el Ejecutivo adelant\u00f3\u2026","rel":"","context":"En \u00abEconom\u00eda\u00bb","block_context":{"text":"Econom\u00eda","link":"https:\/\/www.24baires.com\/?cat=45"},"img":{"alt_text":"","src":"https:\/\/i0.wp.com\/www.24baires.com\/wp-content\/uploads\/2013\/02\/surtidor-nafta.jpg?resize=350%2C200","width":350,"height":200,"srcset":"https:\/\/i0.wp.com\/www.24baires.com\/wp-content\/uploads\/2013\/02\/surtidor-nafta.jpg?resize=350%2C200 1x, https:\/\/i0.wp.com\/www.24baires.com\/wp-content\/uploads\/2013\/02\/surtidor-nafta.jpg?resize=525%2C300 1.5x"},"classes":[]},{"id":102031,"url":"https:\/\/www.24baires.com\/?p=102031","url_meta":{"origin":120387,"position":5},"title":"Una buena: congelan el precio de la nafta hasta julio","author":"AF","date":"08\/05\/2018","format":false,"excerpt":"Seg\u00fan adelant\u00f3 C5N, el ministerio de Energ\u00eda lleg\u00f3 a un acuerdo con las petroleras para diferir la nueva suba que ten\u00edan prevista. Apenas siete meses despu\u00e9s de haber dispuesto la liberaci\u00f3n de los precios de los combustibles, el gobierno de Mauricio Macri resolvi\u00f3 este martes dar marcha y volver a\u2026","rel":"","context":"En \u00abEconom\u00eda\u00bb","block_context":{"text":"Econom\u00eda","link":"https:\/\/www.24baires.com\/?cat=45"},"img":{"alt_text":"","src":"https:\/\/i0.wp.com\/www.24baires.com\/wp-content\/uploads\/2013\/02\/surtidor-nafta.jpg?resize=350%2C200","width":350,"height":200,"srcset":"https:\/\/i0.wp.com\/www.24baires.com\/wp-content\/uploads\/2013\/02\/surtidor-nafta.jpg?resize=350%2C200 1x, https:\/\/i0.wp.com\/www.24baires.com\/wp-content\/uploads\/2013\/02\/surtidor-nafta.jpg?resize=525%2C300 1.5x"},"classes":[]}],"jetpack_sharing_enabled":true,"jetpack_likes_enabled":true,"_links":{"self":[{"href":"https:\/\/www.24baires.com\/index.php?rest_route=\/wp\/v2\/posts\/120387","targetHints":{"allow":["GET"]}}],"collection":[{"href":"https:\/\/www.24baires.com\/index.php?rest_route=\/wp\/v2\/posts"}],"about":[{"href":"https:\/\/www.24baires.com\/index.php?rest_route=\/wp\/v2\/types\/post"}],"author":[{"embeddable":true,"href":"https:\/\/www.24baires.com\/index.php?rest_route=\/wp\/v2\/users\/4"}],"replies":[{"embeddable":true,"href":"https:\/\/www.24baires.com\/index.php?rest_route=%2Fwp%2Fv2%2Fcomments&post=120387"}],"version-history":[{"count":2,"href":"https:\/\/www.24baires.com\/index.php?rest_route=\/wp\/v2\/posts\/120387\/revisions"}],"predecessor-version":[{"id":120389,"href":"https:\/\/www.24baires.com\/index.php?rest_route=\/wp\/v2\/posts\/120387\/revisions\/120389"}],"wp:attachment":[{"href":"https:\/\/www.24baires.com\/index.php?rest_route=%2Fwp%2Fv2%2Fmedia&parent=120387"}],"wp:term":[{"taxonomy":"category","embeddable":true,"href":"https:\/\/www.24baires.com\/index.php?rest_route=%2Fwp%2Fv2%2Fcategories&post=120387"},{"taxonomy":"post_tag","embeddable":true,"href":"https:\/\/www.24baires.com\/index.php?rest_route=%2Fwp%2Fv2%2Ftags&post=120387"}],"curies":[{"name":"wp","href":"https:\/\/api.w.org\/{rel}","templated":true}]}}