{"id":120361,"date":"2023-08-10T20:19:21","date_gmt":"2023-08-10T23:19:21","guid":{"rendered":"http:\/\/www.24baires.com\/?p=120361"},"modified":"2023-08-10T20:19:21","modified_gmt":"2023-08-10T23:19:21","slug":"un-hombre-murio-en-medio-de-una-represion-de-la-policia-portena","status":"publish","type":"post","link":"https:\/\/www.24baires.com\/?p=120361","title":{"rendered":"Un hombre muri\u00f3 en medio de una represi\u00f3n de la Polic\u00eda porte\u00f1a"},"content":{"rendered":"<p><img data-recalc-dims=\"1\" loading=\"lazy\" decoding=\"async\" class=\"aligncenter wp-image-120362\" src=\"https:\/\/i0.wp.com\/www.24baires.com\/wp-content\/uploads\/2023\/08\/WhatsApp-Image-2023-08-10-at-20.17.30.jpeg?resize=720%2C480\" alt=\"\" width=\"720\" height=\"480\" srcset=\"https:\/\/i0.wp.com\/www.24baires.com\/wp-content\/uploads\/2023\/08\/WhatsApp-Image-2023-08-10-at-20.17.30.jpeg?w=960&amp;ssl=1 960w, https:\/\/i0.wp.com\/www.24baires.com\/wp-content\/uploads\/2023\/08\/WhatsApp-Image-2023-08-10-at-20.17.30.jpeg?resize=300%2C200&amp;ssl=1 300w, https:\/\/i0.wp.com\/www.24baires.com\/wp-content\/uploads\/2023\/08\/WhatsApp-Image-2023-08-10-at-20.17.30.jpeg?resize=768%2C512&amp;ssl=1 768w\" sizes=\"auto, (max-width: 720px) 100vw, 720px\" \/>Las organizaciones Votamos Luchar y Rebeli\u00f3n Popular realizaban un acto cuando la Polic\u00eda de la Ciudad -tal como se observa en el video- arremeti\u00f3 contra los manifestantes. Hubo cinco detenidos y un hombre fue llevado en estado cr\u00edtico, despu\u00e9s de intentar ser reanimado, al Hospital Ramos Mej\u00eda. El SAME confirm\u00f3 la muerte, minutos despu\u00e9s.<!--more--><\/p>\n<p>Las organizaciones Votamos Luchar y Rebeli\u00f3n Popular realizaban un acto cuando la Polic\u00eda de la Ciudad -tal como se observa en el video- arremeti\u00f3 contra los manifestantes. Hubo cinco detenidos y el militante Facundo Molares Schoenfeld falleci\u00f3 tras sufrir una descompensaci\u00f3n durante la represi\u00f3n. El SAME confirm\u00f3 que su muerte ocurri\u00f3 cuando fue trasladado al Hospital Ramos Mej\u00eda, tras media hora de ejercicios de reanimaci\u00f3n. La fiscal de la causa por \u00abaveriguaci\u00f3n de muerte\u00bb corri\u00f3 a la Polic\u00eda de la Ciudad de la causa que investiga lo sucedido.<\/p>\n<p>Seg\u00fan el reporte del SAME, al hombre que fue trasladado al Hospital Ramos Mejia desde el Obelisco se le realizron, durante m\u00e1s de media hora, maniobras de reanimaci\u00f3n hasta que se constat\u00f3 el fallecimiento. \u00abLas causas del deceso se relacionan con un paro card\u00edaco producto de factores de riesgo\u00bb, explica el parte del SAME. El cuerpo fue trasladado a la morgue judicial para la autopsia correspondiente. Eduardo Belliboni, l\u00edder del Partido Obrero, identific\u00f3 al fallecido como Facundo Molares Schoenfeld. Dos fuentes confirmaron a P\u00e1gina\/12 la misma informaci\u00f3n.<\/p>\n<p>La causa \u00abaveriguaci\u00f3n de causales de muerte\u00bb qued\u00f3 en manos de Marcela S\u00e1nchez, titular de la Fiscal\u00eda Nacional en lo Criminal y Correccional 30. Tras la confirmaci\u00f3n de la muerte, S\u00e1nchez orden\u00f3 el traslado del cuerpo de Molares a la morgue judicial para la autopsia y solicit\u00f3 identificar a todos los efectivos de la Polic\u00eda de la Ciudad que participaron del operativo.<\/p>\n<p>La fiscal corri\u00f3 a la Polic\u00eda de la Ciudad de la investigaci\u00f3n y dio intervenci\u00f3n a la Polic\u00eda Federal. Adem\u00e1s, pidi\u00f3 el secuestro de todas las c\u00e1maras de seguridad de la zona y la recopilaci\u00f3n de los videos que circulan por redes sociales.<\/p>\n<p>Minutos despu\u00e9s de que el SAME trasladara a Molares al Ramos Mej\u00eda, una militante relat\u00f3 c\u00f3mo fue el accionar policial: \u00abAl compa\u00f1ero lo agarraron, le pisaron la cabeza. Literalmente, lo ten\u00edan entre dos pis\u00e1ndolo. El compa\u00f1ero ya estaba inconsciente, no se pod\u00eda mover. Ped\u00edamos, por favor, que llamen a la ambulancia, que lo larguen\u00bb.<\/p>\n<p>La mujer, en di\u00e1logo con un m\u00f3vil de C5N, indic\u00f3 explic\u00f3 que la manifestaci\u00f3n frente al Obelisco, en la que las organizaciones se expresaban en contra de las elecciones del domingo, lleg\u00f3 al lugar pasada las 14 y se estaban retirando cuando la Infanter\u00eda de la Polic\u00eda de la Ciudad avanz\u00f3 sobre Molares y tambi\u00e9n detuvo a Jimena Cejas, Luc\u00eda Machado, Alic\u00eda Machado, Horacio Ferreyra, Rub\u00e9n Yaquet y Hern\u00e1n Loyola.<\/p>\n<p>\u00abNos agred\u00edan todo el tiempo, como que, c\u00f3rranse, c\u00f3rranse. No vemos el hecho de por qu\u00e9 esta represi\u00f3n, este atropello hacia nosotros. Ninguno vino con capucha, ninguno vino con un pano ni con nada\u00bb, denunci\u00f3 la mujer.<\/p>\n<p>Fuente: Nahuel Lag \/ P\u00e1gina 12<\/p>\n","protected":false},"excerpt":{"rendered":"<p>Las organizaciones Votamos Luchar y Rebeli\u00f3n Popular realizaban un acto cuando la Polic\u00eda de la Ciudad -tal como se observa en el video- arremeti\u00f3 contra los manifestantes. Hubo cinco detenidos y un hombre fue llevado en estado cr\u00edtico, despu\u00e9s de intentar ser reanimado, al Hospital Ramos Mej\u00eda. El SAME confirm\u00f3 la muerte, minutos despu\u00e9s.<\/p>\n","protected":false},"author":4,"featured_media":0,"comment_status":"closed","ping_status":"closed","sticky":false,"template":"","format":"standard","meta":{"_jetpack_newsletter_access":"","_jetpack_dont_email_post_to_subs":false,"_jetpack_newsletter_tier_id":0,"_jetpack_memberships_contains_paywalled_content":false,"_jetpack_memberships_contains_paid_content":false,"footnotes":""},"categories":[1],"tags":[],"class_list":["post-120361","post","type-post","status-publish","format-standard","hentry","category-sociedad"],"jetpack_featured_media_url":"","jetpack_shortlink":"https:\/\/wp.me\/p2JWE0-vjj","jetpack-related-posts":[{"id":105090,"url":"https:\/\/www.24baires.com\/?p=105090","url_meta":{"origin":120361,"position":0},"title":"M\u00e1s de 30 detenidos tras la represi\u00f3n en la marcha contra el Presupuesto 2019","author":"AF","date":"24\/10\/2018","format":false,"excerpt":"Denuncian hay tres heridos. Un periodista de Cr\u00f3nica sufri\u00f3 un corte en la cabeza. Adem\u00e1s, detuvieron a Nacho Levy y otros integrantes de La Garganta Poderosa, y a un camar\u00f3grafo de Agencia T\u00e9lam, entre otros. Luego de que comenzara la discusi\u00f3n del Presupuesto 2019, se registraron las primeras piedras y\u2026","rel":"","context":"En \u00abSociedad\u00bb","block_context":{"text":"Sociedad","link":"https:\/\/www.24baires.com\/?cat=1"},"img":{"alt_text":"","src":"https:\/\/i0.wp.com\/www.24baires.com\/wp-content\/uploads\/2018\/10\/represi%C3%B3n-polic%C3%ADa-ciudad.jpg?resize=350%2C200","width":350,"height":200,"srcset":"https:\/\/i0.wp.com\/www.24baires.com\/wp-content\/uploads\/2018\/10\/represi%C3%B3n-polic%C3%ADa-ciudad.jpg?resize=350%2C200 1x, https:\/\/i0.wp.com\/www.24baires.com\/wp-content\/uploads\/2018\/10\/represi%C3%B3n-polic%C3%ADa-ciudad.jpg?resize=525%2C300 1.5x"},"classes":[]},{"id":105559,"url":"https:\/\/www.24baires.com\/?p=105559","url_meta":{"origin":120361,"position":1},"title":"La Matanza: polic\u00edas asesinaron a un militante de la CTEP","author":"AF","date":"22\/11\/2018","format":false,"excerpt":"La organizaci\u00f3n popular denunci\u00f3 que la polic\u00eda mat\u00f3 esta madrugada de un tiro de bala de plomo a Rodolfo Orellana en Ciudad Evita en medio de una ocupaci\u00f3n de terrenos. Advertencia: dentro de la nota hay im\u00e1genes que pueden herir la sensibilidad. La Confederaci\u00f3n de Trabajadores de la Econom\u00eda Popular\u2026","rel":"","context":"En \u00abSociedad\u00bb","block_context":{"text":"Sociedad","link":"https:\/\/www.24baires.com\/?cat=1"},"img":{"alt_text":"","src":"https:\/\/i0.wp.com\/www.24baires.com\/wp-content\/uploads\/2018\/09\/ctep.jpg?resize=350%2C200","width":350,"height":200,"srcset":"https:\/\/i0.wp.com\/www.24baires.com\/wp-content\/uploads\/2018\/09\/ctep.jpg?resize=350%2C200 1x, https:\/\/i0.wp.com\/www.24baires.com\/wp-content\/uploads\/2018\/09\/ctep.jpg?resize=525%2C300 1.5x"},"classes":[]},{"id":105099,"url":"https:\/\/www.24baires.com\/?p=105099","url_meta":{"origin":120361,"position":2},"title":"Tras la represi\u00f3n, Cambiemos logr\u00f3 la media sanci\u00f3n al Presupuesto 2019","author":"GB","date":"25\/10\/2018","format":false,"excerpt":"En una sesi\u00f3n marat\u00f3nica con protestas y serios incidentes, el oficialismo obtuvo la mayor\u00eda para aprobar el proyecto. La clave fue los votos que llegaron de los diputados que responden a los gobernadores peronistas. Tras 17 horas de debate y represi\u00f3n que termin\u00f2 con m\u00e1s de 26 detenidos y heridos,\u2026","rel":"","context":"En \u00abPol\u00edtica\u00bb","block_context":{"text":"Pol\u00edtica","link":"https:\/\/www.24baires.com\/?cat=51"},"img":{"alt_text":"","src":"https:\/\/i0.wp.com\/www.24baires.com\/wp-content\/uploads\/2018\/10\/dipiutades.jpg?resize=350%2C200","width":350,"height":200,"srcset":"https:\/\/i0.wp.com\/www.24baires.com\/wp-content\/uploads\/2018\/10\/dipiutades.jpg?resize=350%2C200 1x, https:\/\/i0.wp.com\/www.24baires.com\/wp-content\/uploads\/2018\/10\/dipiutades.jpg?resize=525%2C300 1.5x"},"classes":[]},{"id":102989,"url":"https:\/\/www.24baires.com\/?p=102989","url_meta":{"origin":120361,"position":3},"title":"A 16 a\u00f1os de la Masacre de Avellaneda: recuerdan a Kosteki y Santill\u00e1n en un acto masivo","author":"GB","date":"26\/06\/2018","format":false,"excerpt":"Organizaciones sociales y pol\u00edticas realizar\u00e1n una marcha y acto en el Puente Pueyrred\u00f3n recordando el asesinato de los dos militantes en junio de 2002. Familiares alertaron sobre similitudes entre aquel contexto social y el actual. Se cumplen 16 a\u00f1os del asesinato de Maximiliano Kosteki y Dar\u00edo Santill\u00e1n, luego de que\u2026","rel":"","context":"En \u00abLocales\u00bb","block_context":{"text":"Locales","link":"https:\/\/www.24baires.com\/?cat=38"},"img":{"alt_text":"","src":"https:\/\/i0.wp.com\/www.24baires.com\/wp-content\/uploads\/2018\/06\/maxi-y-dario-santillan.jpg?resize=350%2C200","width":350,"height":200,"srcset":"https:\/\/i0.wp.com\/www.24baires.com\/wp-content\/uploads\/2018\/06\/maxi-y-dario-santillan.jpg?resize=350%2C200 1x, https:\/\/i0.wp.com\/www.24baires.com\/wp-content\/uploads\/2018\/06\/maxi-y-dario-santillan.jpg?resize=525%2C300 1.5x"},"classes":[]},{"id":38519,"url":"https:\/\/www.24baires.com\/?p=38519","url_meta":{"origin":120361,"position":4},"title":"Violento choque en Capital: al menos 17 heridos","author":"Grupo Sierra","date":"15\/01\/2014","format":false,"excerpt":"Las personas afectadas contin\u00faan internadas como consecuencia del choque producido esta ma\u00f1ana entre dos colectivos y un auto en la intersecci\u00f3n de las calles Libertad y Tucum\u00e1n, en pleno centro porte\u00f1o, informaron fuentes policiales y el SAME. El accidente se produjo alrededor de las 7:00 cuando, por causas que a\u00fan\u2026","rel":"","context":"En \u00abLocales\u00bb","block_context":{"text":"Locales","link":"https:\/\/www.24baires.com\/?cat=38"},"img":{"alt_text":"choque","src":"https:\/\/i0.wp.com\/www.24baires.com\/wp-content\/uploads\/2014\/01\/choque.jpg?resize=350%2C200","width":350,"height":200,"srcset":"https:\/\/i0.wp.com\/www.24baires.com\/wp-content\/uploads\/2014\/01\/choque.jpg?resize=350%2C200 1x, https:\/\/i0.wp.com\/www.24baires.com\/wp-content\/uploads\/2014\/01\/choque.jpg?resize=525%2C300 1.5x"},"classes":[]},{"id":52300,"url":"https:\/\/www.24baires.com\/?p=52300","url_meta":{"origin":120361,"position":5},"title":"Vecinos de Ramos Mej\u00eda intentaron linchar a un hombre por un robo","author":"GB","date":"23\/08\/2014","format":false,"excerpt":"Un delincuente casi fue linchado por vecinos y luego detenido por la polic\u00eda cuando con un c\u00f3mplice, que logr\u00f3 escapar, intentaron robar las pertenencias a un hombre y su hijo que paseaban por esa localidad bonaerense, informaron hoy fuentes policiales El hecho ocurri\u00f3 anoche, a las 21.30, en las calles\u2026","rel":"","context":"En \u00abPoliciales\u00bb","block_context":{"text":"Policiales","link":"https:\/\/www.24baires.com\/?cat=49"},"img":{"alt_text":"","src":"","width":0,"height":0},"classes":[]}],"jetpack_sharing_enabled":true,"jetpack_likes_enabled":true,"_links":{"self":[{"href":"https:\/\/www.24baires.com\/index.php?rest_route=\/wp\/v2\/posts\/120361","targetHints":{"allow":["GET"]}}],"collection":[{"href":"https:\/\/www.24baires.com\/index.php?rest_route=\/wp\/v2\/posts"}],"about":[{"href":"https:\/\/www.24baires.com\/index.php?rest_route=\/wp\/v2\/types\/post"}],"author":[{"embeddable":true,"href":"https:\/\/www.24baires.com\/index.php?rest_route=\/wp\/v2\/users\/4"}],"replies":[{"embeddable":true,"href":"https:\/\/www.24baires.com\/index.php?rest_route=%2Fwp%2Fv2%2Fcomments&post=120361"}],"version-history":[{"count":2,"href":"https:\/\/www.24baires.com\/index.php?rest_route=\/wp\/v2\/posts\/120361\/revisions"}],"predecessor-version":[{"id":120364,"href":"https:\/\/www.24baires.com\/index.php?rest_route=\/wp\/v2\/posts\/120361\/revisions\/120364"}],"wp:attachment":[{"href":"https:\/\/www.24baires.com\/index.php?rest_route=%2Fwp%2Fv2%2Fmedia&parent=120361"}],"wp:term":[{"taxonomy":"category","embeddable":true,"href":"https:\/\/www.24baires.com\/index.php?rest_route=%2Fwp%2Fv2%2Fcategories&post=120361"},{"taxonomy":"post_tag","embeddable":true,"href":"https:\/\/www.24baires.com\/index.php?rest_route=%2Fwp%2Fv2%2Ftags&post=120361"}],"curies":[{"name":"wp","href":"https:\/\/api.w.org\/{rel}","templated":true}]}}