{"id":120358,"date":"2023-08-10T13:50:17","date_gmt":"2023-08-10T16:50:17","guid":{"rendered":"http:\/\/www.24baires.com\/?p=120358"},"modified":"2023-08-10T13:50:17","modified_gmt":"2023-08-10T16:50:17","slug":"familiares-amigos-y-vecinos-dieron-su-ultimo-adios-a-morena","status":"publish","type":"post","link":"https:\/\/www.24baires.com\/?p=120358","title":{"rendered":"Familiares, amigos y vecinos dieron su \u00faltimo adi\u00f3s a Morena"},"content":{"rendered":"<p><img data-recalc-dims=\"1\" loading=\"lazy\" decoding=\"async\" class=\"aligncenter wp-image-120359\" src=\"https:\/\/i0.wp.com\/www.24baires.com\/wp-content\/uploads\/2023\/08\/ultimo-adios-morena.jpg?resize=720%2C539\" alt=\"\" width=\"720\" height=\"539\" srcset=\"https:\/\/i0.wp.com\/www.24baires.com\/wp-content\/uploads\/2023\/08\/ultimo-adios-morena.jpg?w=610&amp;ssl=1 610w, https:\/\/i0.wp.com\/www.24baires.com\/wp-content\/uploads\/2023\/08\/ultimo-adios-morena.jpg?resize=300%2C225&amp;ssl=1 300w\" sizes=\"auto, (max-width: 720px) 100vw, 720px\" \/>El velatorio se realiz\u00f3 en la casa de la familia paterna d\u00f3nde viv\u00eda la nena de 11 a\u00f1os asesinada por motochorros en Lan\u00fas<!--more--><\/p>\n<p>Familiares, amigos y vecinos de Morena Dom\u00ednguez, la nena de 11 a\u00f1os que muri\u00f3 tras ser atacada por motochorros a pocos metros de la escuela, despidieron este jueves los restos de la menor con un cerrado aplauso.<\/p>\n<p>El velorio se realiz\u00f3 en la casa de la familia paterna y donde Morena viv\u00eda, ubicada en la calle Per\u00fa 4300 de dicha localidad bonaerense. Hasta all\u00ed, se acercaron familiares y amigos para darle el \u00faltimo adi\u00f3s a la ni\u00f1a de 11 a\u00f1os.<\/p>\n","protected":false},"excerpt":{"rendered":"<p>El velatorio se realiz\u00f3 en la casa de la familia paterna d\u00f3nde viv\u00eda la nena de 11 a\u00f1os asesinada por motochorros en Lan\u00fas<\/p>\n","protected":false},"author":8,"featured_media":0,"comment_status":"closed","ping_status":"closed","sticky":false,"template":"","format":"standard","meta":{"_jetpack_newsletter_access":"","_jetpack_dont_email_post_to_subs":false,"_jetpack_newsletter_tier_id":0,"_jetpack_memberships_contains_paywalled_content":false,"_jetpack_memberships_contains_paid_content":false,"footnotes":""},"categories":[1],"tags":[],"class_list":["post-120358","post","type-post","status-publish","format-standard","hentry","category-sociedad"],"jetpack_featured_media_url":"","jetpack_shortlink":"https:\/\/wp.me\/p2JWE0-vjg","jetpack-related-posts":[{"id":120355,"url":"https:\/\/www.24baires.com\/?p=120355","url_meta":{"origin":120358,"position":0},"title":"Candidatos de todas las fuerzas suspendieron sus actos por el crimen de Morena","author":"AF","date":"09\/08\/2023","format":false,"excerpt":"Varios de los precandidatos para las PASO decidieron cancelar sus actos de cierre de campa\u00f1a tras conocerse la muerte de Morena, una nena que fue asesinada por motochorros cuando caminaba rumbo al colegio. La muerte de Morena Dom\u00ednguez de 11 a\u00f1os en Lan\u00fas tras ser v\u00edctima de un ataque de\u2026","rel":"","context":"En \u00abPol\u00edtica\u00bb","block_context":{"text":"Pol\u00edtica","link":"https:\/\/www.24baires.com\/?cat=51"},"img":{"alt_text":"","src":"https:\/\/i0.wp.com\/www.24baires.com\/wp-content\/uploads\/2023\/08\/WhatsApp-Image-2023-08-09-at-22.44.29.jpeg?resize=350%2C200","width":350,"height":200,"srcset":"https:\/\/i0.wp.com\/www.24baires.com\/wp-content\/uploads\/2023\/08\/WhatsApp-Image-2023-08-09-at-22.44.29.jpeg?resize=350%2C200 1x, https:\/\/i0.wp.com\/www.24baires.com\/wp-content\/uploads\/2023\/08\/WhatsApp-Image-2023-08-09-at-22.44.29.jpeg?resize=525%2C300 1.5x, https:\/\/i0.wp.com\/www.24baires.com\/wp-content\/uploads\/2023\/08\/WhatsApp-Image-2023-08-09-at-22.44.29.jpeg?resize=700%2C400 2x"},"classes":[]},{"id":67704,"url":"https:\/\/www.24baires.com\/?p=67704","url_meta":{"origin":120358,"position":1},"title":"Wilde: Denunciaron que una nena fue violada durante 7 a\u00f1os","author":"GB","date":"17\/06\/2015","format":false,"excerpt":"La menor le habr\u00eda contado el hecho a su padre biol\u00f3gico, quien realiz\u00f3 la denuncia penal, y los acusados son familiares. Hay tres detenidos. La nena de 11 a\u00f1os revel\u00f3 a su padre biol\u00f3gico que era abusada sexualmente por su mam\u00e1, la pareja de ella, un t\u00edo y un abuelo\u2026","rel":"","context":"En \u00abPoliciales\u00bb","block_context":{"text":"Policiales","link":"https:\/\/www.24baires.com\/?cat=49"},"img":{"alt_text":"nena wilde","src":"https:\/\/i0.wp.com\/www.24baires.com\/wp-content\/uploads\/2015\/06\/nena-wilde.jpg?resize=350%2C200","width":350,"height":200,"srcset":"https:\/\/i0.wp.com\/www.24baires.com\/wp-content\/uploads\/2015\/06\/nena-wilde.jpg?resize=350%2C200 1x, https:\/\/i0.wp.com\/www.24baires.com\/wp-content\/uploads\/2015\/06\/nena-wilde.jpg?resize=525%2C300 1.5x"},"classes":[]},{"id":507,"url":"https:\/\/www.24baires.com\/?p=507","url_meta":{"origin":120358,"position":2},"title":"Un recolector de residuos fue asesinado por dos \u00abmotochorros\u00bb en Moreno","author":"Grupo Sierra","date":"26\/09\/2012","format":false,"excerpt":"Un recolector de residuos fue asesinado por dos \"motochorros\" que le reprocharon que no corr\u00eda el cami\u00f3n de basura de la calle por donde escapaban tras haber asaltado a dos maestras en pleno centro de la localidad bonaerense de Moreno, informaron fuentes policiales. Por el hecho, la polic\u00eda detuvo a\u2026","rel":"","context":"En \u00abPoliciales\u00bb","block_context":{"text":"Policiales","link":"https:\/\/www.24baires.com\/?cat=49"},"img":{"alt_text":"","src":"","width":0,"height":0},"classes":[]},{"id":16309,"url":"https:\/\/www.24baires.com\/?p=16309","url_meta":{"origin":120358,"position":3},"title":"Quisieron &#8216;coimear&#8217; a la Polic\u00eda para que libere a dos motochorros: terminaron presos","author":"AF","date":"21\/02\/2013","format":false,"excerpt":"Dos \"motochorros\" fueron detenidos tras una breve persecuci\u00f3n a los tiros en el partido bonaerense de Quilmes, donde luego tambi\u00e9n fueron apresados tres familiares que quisieron \"coimear\" a los agentes en una comisar\u00eda para que los liberaran, informaron hoy fuentes policiales. El hecho se produjo a \u00faltima hora de anoche\u2026","rel":"","context":"En \u00abPoliciales\u00bb","block_context":{"text":"Policiales","link":"https:\/\/www.24baires.com\/?cat=49"},"img":{"alt_text":"motochorro","src":"https:\/\/i0.wp.com\/www.24baires.com\/wp-content\/uploads\/2013\/02\/motochorro.jpg?resize=350%2C200","width":350,"height":200,"srcset":"https:\/\/i0.wp.com\/www.24baires.com\/wp-content\/uploads\/2013\/02\/motochorro.jpg?resize=350%2C200 1x, https:\/\/i0.wp.com\/www.24baires.com\/wp-content\/uploads\/2013\/02\/motochorro.jpg?resize=525%2C300 1.5x"},"classes":[]},{"id":51858,"url":"https:\/\/www.24baires.com\/?p=51858","url_meta":{"origin":120358,"position":4},"title":"Crimen en Pilar: sospechan que el motivo ser\u00eda la tenencia de su hijo con s\u00edndrome de down","author":"GB","date":"15\/08\/2014","format":false,"excerpt":"La mujer fue asesinada de dos pu\u00f1adas en la puerta de su casa. El hombre sigue pr\u00f3fugo y es intensamente buscado por la polic\u00eda. Carolina Giardino de 44 a\u00f1os resid\u00eda en un departamento de la calle 9 de Julio, en Pilar junto a sus tres hijos. A todos los hab\u00eda\u2026","rel":"","context":"En \u00abLocales\u00bb","block_context":{"text":"Locales","link":"https:\/\/www.24baires.com\/?cat=38"},"img":{"alt_text":"cirmen pilar","src":"https:\/\/i0.wp.com\/www.24baires.com\/wp-content\/uploads\/2014\/08\/cirmen-pilar.jpg?resize=350%2C200","width":350,"height":200,"srcset":"https:\/\/i0.wp.com\/www.24baires.com\/wp-content\/uploads\/2014\/08\/cirmen-pilar.jpg?resize=350%2C200 1x, https:\/\/i0.wp.com\/www.24baires.com\/wp-content\/uploads\/2014\/08\/cirmen-pilar.jpg?resize=525%2C300 1.5x"},"classes":[]},{"id":62639,"url":"https:\/\/www.24baires.com\/?p=62639","url_meta":{"origin":120358,"position":5},"title":"Buscan a un chico que se despidi\u00f3 por Facebook y desapareci\u00f3","author":"Grupo Sierra","date":"04\/03\/2015","format":false,"excerpt":"Un adolescente que concurr\u00eda a una escuela privada del barrio de Devoto dej\u00f3 sus \u00fatiles y escap\u00f3 luego de desaprobar un examen. Dej\u00f3 un mensaje desgarrador. Un adolescente de 16 a\u00f1os que estudia en un colegio alem\u00e1n de la Ciudad de Buenos Aires, desapareci\u00f3 despu\u00e9s de abandonar su celular y\u2026","rel":"","context":"En \u00abSociedad\u00bb","block_context":{"text":"Sociedad","link":"https:\/\/www.24baires.com\/?cat=1"},"img":{"alt_text":"nene perdido desaparecido porretti","src":"https:\/\/i0.wp.com\/www.24baires.com\/wp-content\/uploads\/2015\/03\/nene-perdido-desaparecido-porretti.jpg?resize=350%2C200","width":350,"height":200,"srcset":"https:\/\/i0.wp.com\/www.24baires.com\/wp-content\/uploads\/2015\/03\/nene-perdido-desaparecido-porretti.jpg?resize=350%2C200 1x, https:\/\/i0.wp.com\/www.24baires.com\/wp-content\/uploads\/2015\/03\/nene-perdido-desaparecido-porretti.jpg?resize=525%2C300 1.5x"},"classes":[]}],"jetpack_sharing_enabled":true,"jetpack_likes_enabled":true,"_links":{"self":[{"href":"https:\/\/www.24baires.com\/index.php?rest_route=\/wp\/v2\/posts\/120358","targetHints":{"allow":["GET"]}}],"collection":[{"href":"https:\/\/www.24baires.com\/index.php?rest_route=\/wp\/v2\/posts"}],"about":[{"href":"https:\/\/www.24baires.com\/index.php?rest_route=\/wp\/v2\/types\/post"}],"author":[{"embeddable":true,"href":"https:\/\/www.24baires.com\/index.php?rest_route=\/wp\/v2\/users\/8"}],"replies":[{"embeddable":true,"href":"https:\/\/www.24baires.com\/index.php?rest_route=%2Fwp%2Fv2%2Fcomments&post=120358"}],"version-history":[{"count":1,"href":"https:\/\/www.24baires.com\/index.php?rest_route=\/wp\/v2\/posts\/120358\/revisions"}],"predecessor-version":[{"id":120360,"href":"https:\/\/www.24baires.com\/index.php?rest_route=\/wp\/v2\/posts\/120358\/revisions\/120360"}],"wp:attachment":[{"href":"https:\/\/www.24baires.com\/index.php?rest_route=%2Fwp%2Fv2%2Fmedia&parent=120358"}],"wp:term":[{"taxonomy":"category","embeddable":true,"href":"https:\/\/www.24baires.com\/index.php?rest_route=%2Fwp%2Fv2%2Fcategories&post=120358"},{"taxonomy":"post_tag","embeddable":true,"href":"https:\/\/www.24baires.com\/index.php?rest_route=%2Fwp%2Fv2%2Ftags&post=120358"}],"curies":[{"name":"wp","href":"https:\/\/api.w.org\/{rel}","templated":true}]}}