{"id":120346,"date":"2023-08-07T21:33:27","date_gmt":"2023-08-08T00:33:27","guid":{"rendered":"http:\/\/www.24baires.com\/?p=120346"},"modified":"2023-08-07T21:33:27","modified_gmt":"2023-08-08T00:33:27","slug":"el-gobierno-analiza-el-pago-de-una-suma-fija-a-trabajadores","status":"publish","type":"post","link":"https:\/\/www.24baires.com\/?p=120346","title":{"rendered":"El Gobierno analiza el pago de una suma fija a trabajadores"},"content":{"rendered":"<p><img data-recalc-dims=\"1\" loading=\"lazy\" decoding=\"async\" class=\"aligncenter wp-image-120347\" src=\"https:\/\/i0.wp.com\/www.24baires.com\/wp-content\/uploads\/2023\/08\/massa.jpeg?resize=720%2C480\" alt=\"\" width=\"720\" height=\"480\" srcset=\"https:\/\/i0.wp.com\/www.24baires.com\/wp-content\/uploads\/2023\/08\/massa.jpeg?w=960&amp;ssl=1 960w, https:\/\/i0.wp.com\/www.24baires.com\/wp-content\/uploads\/2023\/08\/massa.jpeg?resize=300%2C200&amp;ssl=1 300w, https:\/\/i0.wp.com\/www.24baires.com\/wp-content\/uploads\/2023\/08\/massa.jpeg?resize=768%2C512&amp;ssl=1 768w\" sizes=\"auto, (max-width: 720px) 100vw, 720px\" \/>El ministro Sergio Massa expres\u00f3 que eval\u00faa junto con los sectores sindicales una suma fija para los trabajadores, bajo \u00abla convicci\u00f3n de que tenemos que buscar mecanismos de mejora del ingreso\u00bb. Tambi\u00e9n anunci\u00f3 una inversi\u00f3n de $ 19.000 millones para financiar a pymes exportadoras. \u00abEl gran objetivo debe ser promover exportaciones con valor agregado, acumular reservas y ganar nuevos mercados. Eso nos permitir\u00e1 fortalecer la econom\u00eda y bajar la inflaci\u00f3n\u00bb, afirm\u00f3. Las cr\u00edticas a la gesti\u00f3n de Macri y cuatro premisas de su programa de gobierno.<!--more--><\/p>\n<p>El ministro de Econom\u00eda y precandidato presidencial de Uni\u00f3n por la Patria, Sergio Massa, confirm\u00f3 que este lunes mantendr\u00e1 una reuni\u00f3n con la CTA y el martes con la CGT para analizar la posibilidad de otorgar una suma fija. Asimismo, record\u00f3 que actualmente hay muchas paritarias en discusi\u00f3n y que esa es \u00abuna buena herramienta\u00bb.<\/p>\n<p>\u00abRespecto del tema de suma fija, hoy tengo una reuni\u00f3n con la CTA y ma\u00f1ana con la CGT. Yo tengo la convicci\u00f3n de que tenemos que buscar mecanismos de mejora del ingreso\u00bb, se\u00f1al\u00f3.<\/p>\n<p>No obstante, aclar\u00f3 que quiere ser \u00abrespetuoso de las paritarias, porque hay muchas paritarias en este momento en discusi\u00f3n\u00bb.<\/p>\n<p>\u00abLo que no quiero es que una medida del Gobierno termine perjudicando la discusi\u00f3n paritaria, porque la paritaria es una buena herramienta\u00bb, explic\u00f3 en declaraciones a Radio Mitre..<\/p>\n<p>El objetivo en el sector p\u00fablico, precis\u00f3 el funcionario, es que se logren \u00abtres puntos m\u00e1s de recuperaci\u00f3n de ingreso real\u00bb.<\/p>\n<p>En ese marco, record\u00f3 que durante su gesti\u00f3n como ministro hubo un \u00abreordenamiento que tiene luces y sombras, algunas propias y otras que est\u00e1n marcadas por situaciones de shock\u00bb y dijo que \u00aben el per\u00edodo agosto-diciembre\u00bb se ordenaron y cumplieron los objetivos del a\u00f1o, pese a que ven\u00edan en un desborde descontrolado y despu\u00e9s apareci\u00f3 la sequ\u00eda, que a la Argentina le sac\u00f3 el 25% de las exportaciones y eso te deprecia el valor de la moneda\u00bb, describi\u00f3.<\/p>\n<p>A\u00f1adi\u00f3, marcando un contraste con el macrismo: \u00abpor un 20% de esta sequ\u00eda (el expresidente Mauricio) Macri fue al Fondo en el 2018 (durante su gobierno), con un agravante, que es que tom\u00f3 los 45 mil millones de d\u00f3lares que terminaron financiando no al sector agroindustrial, no la obra p\u00fablica, no el crecimiento de infraestructura argentina, sino que terminaron financiando la salida de aquellos que estaban haciendo carry trade\u00bb.<\/p>\n<p>Argentina tiene \u00abque cuidar los d\u00f3lares para garantizar el normal funcionamiento de la econom\u00eda\u00bb, reflexion\u00f3 en ese sentido Massa, quien puntualiz\u00f3 cuatro premisas de su programa de gobierno: \u00abequilibrio fiscal, super\u00e1vit comercial, competitividad cambiaria e instrumentos del Estado para el desarrollo con inclusi\u00f3n\u00bb.<\/p>\n<p>Medidas de apoyo a las pymes industriales exportadoras<br \/>\nEste lunes, Massa tambi\u00e9n anunci\u00f3 una serie de medidas de apoyo a las pymes industriales exportadoras, entre las que se destac\u00f3 el destino de 19.000 millones de pesos para Aportes No Reembolsables (ARN) y una l\u00ednea de cr\u00e9dito con tasas subsidiadas en pesos para la exportaci\u00f3n de pymes industriales, que adem\u00e1s ser\u00e1n financiadas con tasas subsidiadas en pesos de 35 puntos porcentuales y del 4% en d\u00f3lares.<\/p>\n<p>\u00abEl \u00fanico camino real, concreto, de largo plazo, es exportar m\u00e1s de lo que se importa, y exportar m\u00e1s valor agregado que producto primario\u00bb, remarc\u00f3 Massa al hablar en el Centro Cultural Kirchner de la ciudad de Buenos Aires, en un encuentro con m\u00e1s de 300 pymes exportadoras del Programa Potencia PyMEx.<\/p>\n<p>Durante la actividad, el ministro inst\u00f3 a que en 2024, con el aporte de las pymes, la econom\u00eda del conocimiento, la miner\u00eda, la energ\u00eda y la industria, la Argentina alcance exportaciones por 150.000 millones de d\u00f3lares.<\/p>\n<p>De esa manera, indic\u00f3, se podr\u00e1 \u00ablograr esa autonom\u00eda y solvencia que nos permita consolidar nuestra moneda, bajar la inflaci\u00f3n y sacar a los que nos condicionan sobre la base de un pr\u00e9stamo que no sirvi\u00f3\u00bb, en alusi\u00f3n a la asistencia otorgada por el Fondo Monetario Internacional (FMI) en 2018.<\/p>\n<p>Los ARN y los subsidios al cr\u00e9dito, subray\u00f3 Massa, \u00abtienen un \u00fanico objetivo central\u00bb que es el de \u00ablograr lo que nos va a sacar de los shocks permanentes que tiene la Argentina\u00bb.<\/p>\n<p>\u00abEs la soluci\u00f3n que necesita nuestro pa\u00eds, si exportamos m\u00e1s de lo que importamos, con valor agregado, y abrimos nuevos destinos y cumplimos nuestros contratos en el mundo, estas crisis recurrentes alrededor de los tipos de cambio, cepos y medidas de administraci\u00f3n del comercio exterior, no van a existir m\u00e1s\u00bb, concluy\u00f3.<\/p>\n<p>El programa Pymex integra a empresas que incorporan mejoras en sus procesos y sus productos para aumentar r\u00e1pidamente sus exportaciones y llegar a m\u00e1s mercados.<\/p>\n<p>Fuente: P\u00e1gina 12<\/p>\n","protected":false},"excerpt":{"rendered":"<p>El ministro Sergio Massa expres\u00f3 que eval\u00faa junto con los sectores sindicales una suma fija para los trabajadores, bajo \u00abla convicci\u00f3n de que tenemos que buscar mecanismos de mejora del ingreso\u00bb. Tambi\u00e9n anunci\u00f3 una inversi\u00f3n de $ 19.000 millones para financiar a pymes exportadoras. \u00abEl gran objetivo debe ser promover exportaciones con valor agregado, acumular reservas y ganar nuevos mercados. [&#8230;]<\/p>\n","protected":false},"author":4,"featured_media":0,"comment_status":"closed","ping_status":"closed","sticky":false,"template":"","format":"standard","meta":{"_jetpack_newsletter_access":"","_jetpack_dont_email_post_to_subs":false,"_jetpack_newsletter_tier_id":0,"_jetpack_memberships_contains_paywalled_content":false,"_jetpack_memberships_contains_paid_content":false,"footnotes":""},"categories":[45],"tags":[],"class_list":["post-120346","post","type-post","status-publish","format-standard","hentry","category-economia"],"jetpack_featured_media_url":"","jetpack_shortlink":"https:\/\/wp.me\/p2JWE0-vj4","jetpack-related-posts":[{"id":119985,"url":"https:\/\/www.24baires.com\/?p=119985","url_meta":{"origin":120346,"position":0},"title":"Massa anunci\u00f3 el d\u00f3lar agro a $300","author":"AF","date":"05\/04\/2023","format":false,"excerpt":"El ministro de Econom\u00eda present\u00f3 el Programa de Incremento Exportador a trav\u00e9s de tres decretos que establecen, entre otras cosas, un tipo de cambio diferencial. El plan se extender\u00e1 desde el 8 de abril hasta el 31 de mayo para la cadena sojera, y entre el 8 de abril y\u2026","rel":"","context":"En \u00abEconom\u00eda\u00bb","block_context":{"text":"Econom\u00eda","link":"https:\/\/www.24baires.com\/?cat=45"},"img":{"alt_text":"","src":"https:\/\/i0.wp.com\/www.24baires.com\/wp-content\/uploads\/2023\/04\/massa.jpeg?resize=350%2C200","width":350,"height":200,"srcset":"https:\/\/i0.wp.com\/www.24baires.com\/wp-content\/uploads\/2023\/04\/massa.jpeg?resize=350%2C200 1x, https:\/\/i0.wp.com\/www.24baires.com\/wp-content\/uploads\/2023\/04\/massa.jpeg?resize=525%2C300 1.5x, https:\/\/i0.wp.com\/www.24baires.com\/wp-content\/uploads\/2023\/04\/massa.jpeg?resize=700%2C400 2x"},"classes":[]},{"id":119226,"url":"https:\/\/www.24baires.com\/?p=119226","url_meta":{"origin":120346,"position":1},"title":"Entraron los primeros d\u00f3lares de los 5000 millones que prometi\u00f3 Massa","author":"AF","date":"17\/08\/2022","format":false,"excerpt":"Fue en el primer d\u00eda de las cuentas especiales de prefinancianci\u00f3n y anticipo de exportaci\u00f3n, un beneficio que otorg\u00f3 el BCRA. En unos d\u00edas se completar\u00e1n 1000 millones y en septiembre, s\u00f3lo con liquidaci\u00f3n de exportaciones, se cumple la meta del ministro. El deseo del ministro de Econom\u00eda, Sergio Massa,\u2026","rel":"","context":"En \u00abEconom\u00eda\u00bb","block_context":{"text":"Econom\u00eda","link":"https:\/\/www.24baires.com\/?cat=45"},"img":{"alt_text":"","src":"https:\/\/i0.wp.com\/www.24baires.com\/wp-content\/uploads\/2019\/08\/d%C3%B3lar.jpg?resize=350%2C200","width":350,"height":200,"srcset":"https:\/\/i0.wp.com\/www.24baires.com\/wp-content\/uploads\/2019\/08\/d%C3%B3lar.jpg?resize=350%2C200 1x, https:\/\/i0.wp.com\/www.24baires.com\/wp-content\/uploads\/2019\/08\/d%C3%B3lar.jpg?resize=525%2C300 1.5x, https:\/\/i0.wp.com\/www.24baires.com\/wp-content\/uploads\/2019\/08\/d%C3%B3lar.jpg?resize=700%2C400 2x"},"classes":[]},{"id":119163,"url":"https:\/\/www.24baires.com\/?p=119163","url_meta":{"origin":120346,"position":2},"title":"Massa apostar\u00e1 a los incentivos fiscales","author":"AF","date":"30\/07\/2022","format":false,"excerpt":"Desde su equipo de colaboradores adelantaron a T\u00e9lam que el designado ministro de Econom\u00eda buscar\u00e1 potenciar los sectores de la energ\u00eda, la agroindustria y la econom\u00eda del conocimiento, al tiempo que apuntar\u00e1 a profundizar \"la b\u00fasqueda de consensos\" con el FMI. El designado ministro de Econom\u00eda, Sergio Massa, priorizar\u00e1 la\u2026","rel":"","context":"En \u00abEconom\u00eda\u00bb","block_context":{"text":"Econom\u00eda","link":"https:\/\/www.24baires.com\/?cat=45"},"img":{"alt_text":"","src":"https:\/\/i0.wp.com\/www.24baires.com\/wp-content\/uploads\/2022\/07\/6273e672eab38_900.jpg?resize=350%2C200","width":350,"height":200,"srcset":"https:\/\/i0.wp.com\/www.24baires.com\/wp-content\/uploads\/2022\/07\/6273e672eab38_900.jpg?resize=350%2C200 1x, https:\/\/i0.wp.com\/www.24baires.com\/wp-content\/uploads\/2022\/07\/6273e672eab38_900.jpg?resize=525%2C300 1.5x, https:\/\/i0.wp.com\/www.24baires.com\/wp-content\/uploads\/2022\/07\/6273e672eab38_900.jpg?resize=700%2C400 2x"},"classes":[]},{"id":119491,"url":"https:\/\/www.24baires.com\/?p=119491","url_meta":{"origin":120346,"position":3},"title":"El Gobierno busca congelar precios por cuatro meses","author":"AF","date":"31\/10\/2022","format":false,"excerpt":"\"El plan busca que la gente vaya al supermercado con cierta tranquilidad y seguridad\", adelant\u00f3 Sergio Massa en declaraciones radiales. El ministro de Econom\u00eda, Sergio Massa, anunci\u00f3 este lunes que planea avanzar en un programa de estabilizaci\u00f3n de precios durante el verano, que se extender\u00e1 entre los meses de diciembre\u2026","rel":"","context":"En \u00abEconom\u00eda\u00bb","block_context":{"text":"Econom\u00eda","link":"https:\/\/www.24baires.com\/?cat=45"},"img":{"alt_text":"","src":"https:\/\/i0.wp.com\/www.24baires.com\/wp-content\/uploads\/2018\/08\/supermercado.jpg?resize=350%2C200","width":350,"height":200,"srcset":"https:\/\/i0.wp.com\/www.24baires.com\/wp-content\/uploads\/2018\/08\/supermercado.jpg?resize=350%2C200 1x, https:\/\/i0.wp.com\/www.24baires.com\/wp-content\/uploads\/2018\/08\/supermercado.jpg?resize=525%2C300 1.5x, https:\/\/i0.wp.com\/www.24baires.com\/wp-content\/uploads\/2018\/08\/supermercado.jpg?resize=700%2C400 2x"},"classes":[]},{"id":119623,"url":"https:\/\/www.24baires.com\/?p=119623","url_meta":{"origin":120346,"position":4},"title":"El Gobierno puso en marcha el Plan Ahora 10 para la compra de celulares","author":"AF","date":"12\/12\/2022","format":false,"excerpt":"El acuerdo firmado por el ministro Sergio Massa con las empresas del sector impulsa la venta de 70 modelos de tel\u00e9fonos hasta el 15 de marzo con una tasa preferencial del 48%. El ministro de Econom\u00eda, Sergio Massa, anunci\u00f3 este lunes la puesta en marcha del Plan Ahora 10 destinado\u2026","rel":"","context":"En \u00abSociedad\u00bb","block_context":{"text":"Sociedad","link":"https:\/\/www.24baires.com\/?cat=1"},"img":{"alt_text":"","src":"https:\/\/i0.wp.com\/www.24baires.com\/wp-content\/uploads\/2022\/12\/celular.jpg?fit=1200%2C675&ssl=1&resize=350%2C200","width":350,"height":200,"srcset":"https:\/\/i0.wp.com\/www.24baires.com\/wp-content\/uploads\/2022\/12\/celular.jpg?fit=1200%2C675&ssl=1&resize=350%2C200 1x, https:\/\/i0.wp.com\/www.24baires.com\/wp-content\/uploads\/2022\/12\/celular.jpg?fit=1200%2C675&ssl=1&resize=525%2C300 1.5x, https:\/\/i0.wp.com\/www.24baires.com\/wp-content\/uploads\/2022\/12\/celular.jpg?fit=1200%2C675&ssl=1&resize=700%2C400 2x, https:\/\/i0.wp.com\/www.24baires.com\/wp-content\/uploads\/2022\/12\/celular.jpg?fit=1200%2C675&ssl=1&resize=1050%2C600 3x"},"classes":[]},{"id":119715,"url":"https:\/\/www.24baires.com\/?p=119715","url_meta":{"origin":120346,"position":5},"title":"Massa dijo que la inflaci\u00f3n se soluciona con \u201corden fiscal y disciplina\u201d","author":"GB","date":"13\/01\/2023","format":false,"excerpt":"El ministro de Econom\u00eda nacional, Sergio Massa, habl\u00f3 sobre la inflaci\u00f3n sosteniendo que se trata de \u201cla fiebre de una econom\u00eda enferma\u201d y brind\u00f3 los m\u00e9todos para solucionarla Sergio Massa sostuvo que la inflaci\u00f3n \u201cno es ni m\u00e1s ni menos que la fiebre de una econom\u00eda enferma\u201d aclarando que bajarla\u2026","rel":"","context":"En \u00abEconom\u00eda\u00bb","block_context":{"text":"Econom\u00eda","link":"https:\/\/www.24baires.com\/?cat=45"},"img":{"alt_text":"","src":"https:\/\/i0.wp.com\/www.24baires.com\/wp-content\/uploads\/2023\/01\/WhatsApp-Image-2023-01-13-at-09.45.23-1024x682.jpeg.webp?resize=350%2C200","width":350,"height":200,"srcset":"https:\/\/i0.wp.com\/www.24baires.com\/wp-content\/uploads\/2023\/01\/WhatsApp-Image-2023-01-13-at-09.45.23-1024x682.jpeg.webp?resize=350%2C200 1x, https:\/\/i0.wp.com\/www.24baires.com\/wp-content\/uploads\/2023\/01\/WhatsApp-Image-2023-01-13-at-09.45.23-1024x682.jpeg.webp?resize=525%2C300 1.5x, https:\/\/i0.wp.com\/www.24baires.com\/wp-content\/uploads\/2023\/01\/WhatsApp-Image-2023-01-13-at-09.45.23-1024x682.jpeg.webp?resize=700%2C400 2x"},"classes":[]}],"jetpack_sharing_enabled":true,"jetpack_likes_enabled":true,"_links":{"self":[{"href":"https:\/\/www.24baires.com\/index.php?rest_route=\/wp\/v2\/posts\/120346","targetHints":{"allow":["GET"]}}],"collection":[{"href":"https:\/\/www.24baires.com\/index.php?rest_route=\/wp\/v2\/posts"}],"about":[{"href":"https:\/\/www.24baires.com\/index.php?rest_route=\/wp\/v2\/types\/post"}],"author":[{"embeddable":true,"href":"https:\/\/www.24baires.com\/index.php?rest_route=\/wp\/v2\/users\/4"}],"replies":[{"embeddable":true,"href":"https:\/\/www.24baires.com\/index.php?rest_route=%2Fwp%2Fv2%2Fcomments&post=120346"}],"version-history":[{"count":1,"href":"https:\/\/www.24baires.com\/index.php?rest_route=\/wp\/v2\/posts\/120346\/revisions"}],"predecessor-version":[{"id":120348,"href":"https:\/\/www.24baires.com\/index.php?rest_route=\/wp\/v2\/posts\/120346\/revisions\/120348"}],"wp:attachment":[{"href":"https:\/\/www.24baires.com\/index.php?rest_route=%2Fwp%2Fv2%2Fmedia&parent=120346"}],"wp:term":[{"taxonomy":"category","embeddable":true,"href":"https:\/\/www.24baires.com\/index.php?rest_route=%2Fwp%2Fv2%2Fcategories&post=120346"},{"taxonomy":"post_tag","embeddable":true,"href":"https:\/\/www.24baires.com\/index.php?rest_route=%2Fwp%2Fv2%2Ftags&post=120346"}],"curies":[{"name":"wp","href":"https:\/\/api.w.org\/{rel}","templated":true}]}}