{"id":120322,"date":"2023-08-01T23:12:57","date_gmt":"2023-08-02T02:12:57","guid":{"rendered":"http:\/\/www.24baires.com\/?p=120322"},"modified":"2023-08-01T23:12:57","modified_gmt":"2023-08-02T02:12:57","slug":"massa-apunto-a-los-que-miran-la-argentina-desde-la-comodidad-de-la-recoleta","status":"publish","type":"post","link":"https:\/\/www.24baires.com\/?p=120322","title":{"rendered":"Massa apunt\u00f3 a los que \u00abmiran la Argentina desde la comodidad de La Recoleta\u00bb"},"content":{"rendered":"<p><img data-recalc-dims=\"1\" loading=\"lazy\" decoding=\"async\" class=\"aligncenter wp-image-120092\" src=\"https:\/\/i0.wp.com\/www.24baires.com\/wp-content\/uploads\/2023\/05\/massa-scaled.jpg?resize=720%2C480\" alt=\"\" width=\"720\" height=\"480\" srcset=\"https:\/\/i0.wp.com\/www.24baires.com\/wp-content\/uploads\/2023\/05\/massa-scaled.jpg?w=2560&amp;ssl=1 2560w, https:\/\/i0.wp.com\/www.24baires.com\/wp-content\/uploads\/2023\/05\/massa-scaled.jpg?resize=300%2C200&amp;ssl=1 300w, https:\/\/i0.wp.com\/www.24baires.com\/wp-content\/uploads\/2023\/05\/massa-scaled.jpg?resize=1024%2C683&amp;ssl=1 1024w, https:\/\/i0.wp.com\/www.24baires.com\/wp-content\/uploads\/2023\/05\/massa-scaled.jpg?resize=768%2C512&amp;ssl=1 768w, https:\/\/i0.wp.com\/www.24baires.com\/wp-content\/uploads\/2023\/05\/massa-scaled.jpg?resize=1536%2C1024&amp;ssl=1 1536w, https:\/\/i0.wp.com\/www.24baires.com\/wp-content\/uploads\/2023\/05\/massa-scaled.jpg?resize=2048%2C1365&amp;ssl=1 2048w, https:\/\/i0.wp.com\/www.24baires.com\/wp-content\/uploads\/2023\/05\/massa-scaled.jpg?w=1720 1720w\" sizes=\"auto, (max-width: 720px) 100vw, 720px\" \/>El ministro de Econom\u00eda y precandidato a presidente por UxP asegur\u00f3 que el cr\u00e9dito de 45 mil millones de d\u00f3lares heredado de la gesti\u00f3n de Juntos por el Cambio \u00abno qued\u00f3 en empresas, rutas ni hospitales\u00bb. \u00abSe juegan dos miradas de pa\u00eds\u00bb, advirti\u00f3.<!--more--><\/p>\n<p>El ministro de Econom\u00eda y precandidato presidencial de Uni\u00f3n por la Patria (UxP), Sergio Massa, reforz\u00f3 este martes la campa\u00f1a federal para las PASO del 13 de agosto con recorridas por las provincias de Mendoza y San Luis, donde convoc\u00f3 a la sociedad a votar en las primarias, y prepara su visita a C\u00f3rdoba para el jueves pr\u00f3ximo.<\/p>\n<p>En Mendoza, Massa volvi\u00f3 a contrastar el modelo de \u00abproducci\u00f3n y generaci\u00f3n de empleo\u00bb que representa el oficialismo con la propuesta de \u00abaquellos que miran la Argentina desde la comodidad de las 60 manzanas que van de la Casa Rosada a La Recoleta\u00bb, dijo en referencia a la coalici\u00f3n opositora Juntos por el Cambio (JxC).<\/p>\n<p>Al encabezar un acto con empresarios vitivin\u00edcolas, en una provincia administrada por la oposici\u00f3n, el postulante del peronismo advirti\u00f3 que en las PASO \u00abse juegan dos miradas de pa\u00eds\u00bb, encarnadas, por un lado, por UxP, y por otro por JxC y los liberales de La Libertad Avanza (LLA). Lleg\u00f3 a Buenos Aires el Tercer Mal\u00f3n de la Paz: cu\u00e1les son sus reclamos<\/p>\n<p>Durante una recorrida por la empresa industrial Impsa, Massa volvi\u00f3 a recordar que el multimillonario cr\u00e9dito que el Fondo Monetario Internacional (FMI) otorg\u00f3 al Gobierno de Mauricio Macri fue usado por aquella gesti\u00f3n para \u00abfinanciar fuga de capitales\u00bb y no para \u00abrutas, hospitales\u00bb o para invertir en empresas.<\/p>\n<p>Luego se reuni\u00f3 en el Hotel C\u00f3ndor de los Andes, de la capital provincial, con productores regionales, para cerrar su visita a esa provincia con un encuentro con jubilados, a quienes convoc\u00f3 especialmente a votar en las PASO.<\/p>\n<p>En un acto de corte m\u00e1s intimista, rodeado de jubilados que lo escuchaban, Massa les dijo que pese a que sabe que \u00abmuchos no est\u00e1n obligados a ir votar\u00bb, la participaci\u00f3n electoral es necesaria en este contexto para que ese sector \u00abdefienda sus derechos\u00bb. Papel\u00f3n de aliado de Bullrich: defend\u00eda a Grindetti y lo desmintieron al aire<\/p>\n<p>Al apelar a su experiencia con el mundo previsional desde su paso por la Anses, donde, dijo, \u00abaprendi\u00f3 a convivir con la realidad de los jubilados\u00bb, Massa les pidi\u00f3 a los adultos mayores que lo escuchaban que \u00abvayan a darles la mano\u00bb a los desencantados, \u00ababr\u00e1cenlos y d\u00edganles que tienen que ir votar para defender su derecho a los medicamentos, al Previaje, la movilidad jubilatoria, el cr\u00e9dito y a una buena obra social\u00bb.<\/p>\n<p>\u00abNo volvamos atr\u00e1s, a los que usan a los jubilados como variable de ajuste con el recorte del 13% o cualquier otra trampa econ\u00f3mica\u00bb, advirti\u00f3 en referencia al paso por la gesti\u00f3n de la Alianza (1999-2001) de la precandidata presidencial de JxC Patricia Bullrich, entonces ministra de Trabajo.<\/p>\n<p>En San Luis, donde habl\u00f3 ante dirigentes y militantes en la sede del PJ, Massa llam\u00f3 a buscar a los desesperanzados y \u00abpedirles disculpas por los logros que no alcanzamos, porque nos toc\u00f3 una brava con el pa\u00eds endeudado con el FMI\u00bb.<\/p>\n<p>Fuente: Infonews<\/p>\n","protected":false},"excerpt":{"rendered":"<p>El ministro de Econom\u00eda y precandidato a presidente por UxP asegur\u00f3 que el cr\u00e9dito de 45 mil millones de d\u00f3lares heredado de la gesti\u00f3n de Juntos por el Cambio \u00abno qued\u00f3 en empresas, rutas ni hospitales\u00bb. \u00abSe juegan dos miradas de pa\u00eds\u00bb, advirti\u00f3.<\/p>\n","protected":false},"author":4,"featured_media":0,"comment_status":"closed","ping_status":"closed","sticky":false,"template":"","format":"standard","meta":{"_jetpack_newsletter_access":"","_jetpack_dont_email_post_to_subs":false,"_jetpack_newsletter_tier_id":0,"_jetpack_memberships_contains_paywalled_content":false,"_jetpack_memberships_contains_paid_content":false,"footnotes":""},"categories":[45],"tags":[],"class_list":["post-120322","post","type-post","status-publish","format-standard","hentry","category-economia"],"jetpack_featured_media_url":"","jetpack_shortlink":"https:\/\/wp.me\/p2JWE0-viG","jetpack-related-posts":[{"id":120296,"url":"https:\/\/www.24baires.com\/?p=120296","url_meta":{"origin":120322,"position":0},"title":"Massa: \u00abNuestro primer desaf\u00edo es mejorar el salario de los trabajadores\u00bb","author":"AF","date":"19\/07\/2023","format":false,"excerpt":"El precandidato a presidente y ministro de Econom\u00eda agradeci\u00f3 la invitaci\u00f3n de la CGT por su \"respaldo y acompa\u00f1amiento\" para las elecciones. Rossi, por su parte, afirm\u00f3 que la central obrera representa al sector que tienen que \"defender por excelencia\". El ministro de Econom\u00eda y precandidato presidencial por Uni\u00f3n por\u2026","rel":"","context":"En \u00abPol\u00edtica\u00bb","block_context":{"text":"Pol\u00edtica","link":"https:\/\/www.24baires.com\/?cat=51"},"img":{"alt_text":"","src":"https:\/\/i0.wp.com\/www.24baires.com\/wp-content\/uploads\/2023\/07\/WhatsApp-Image-2023-07-19-at-22.32.04.jpeg?resize=350%2C200","width":350,"height":200,"srcset":"https:\/\/i0.wp.com\/www.24baires.com\/wp-content\/uploads\/2023\/07\/WhatsApp-Image-2023-07-19-at-22.32.04.jpeg?resize=350%2C200 1x, https:\/\/i0.wp.com\/www.24baires.com\/wp-content\/uploads\/2023\/07\/WhatsApp-Image-2023-07-19-at-22.32.04.jpeg?resize=525%2C300 1.5x, https:\/\/i0.wp.com\/www.24baires.com\/wp-content\/uploads\/2023\/07\/WhatsApp-Image-2023-07-19-at-22.32.04.jpeg?resize=700%2C400 2x"},"classes":[]},{"id":120305,"url":"https:\/\/www.24baires.com\/?p=120305","url_meta":{"origin":120322,"position":1},"title":"Massa anunci\u00f3 el fin de las retenciones para econom\u00edas regionales","author":"AF","date":"24\/07\/2023","format":false,"excerpt":"El ministro de Econom\u00eda y candidato presidencial de UxP critic\u00f3 a los dirigentes de la oposici\u00f3n que hab\u00edan asegurado que se aplicar\u00edan retenciones a \"200 econom\u00edas regionales\". \"Las consignas f\u00e1ciles y lindas para repetir en la tele, son pan para hoy y hambre para ma\u00f1ana\", afirm\u00f3. El ministro de Econom\u00eda\u2026","rel":"","context":"En \u00abPol\u00edtica\u00bb","block_context":{"text":"Pol\u00edtica","link":"https:\/\/www.24baires.com\/?cat=51"},"img":{"alt_text":"","src":"https:\/\/i0.wp.com\/www.24baires.com\/wp-content\/uploads\/2023\/07\/WhatsApp-Image-2023-07-24-at-19.44.07.jpeg?resize=350%2C200","width":350,"height":200,"srcset":"https:\/\/i0.wp.com\/www.24baires.com\/wp-content\/uploads\/2023\/07\/WhatsApp-Image-2023-07-24-at-19.44.07.jpeg?resize=350%2C200 1x, https:\/\/i0.wp.com\/www.24baires.com\/wp-content\/uploads\/2023\/07\/WhatsApp-Image-2023-07-24-at-19.44.07.jpeg?resize=525%2C300 1.5x, https:\/\/i0.wp.com\/www.24baires.com\/wp-content\/uploads\/2023\/07\/WhatsApp-Image-2023-07-24-at-19.44.07.jpeg?resize=700%2C400 2x"},"classes":[]},{"id":120313,"url":"https:\/\/www.24baires.com\/?p=120313","url_meta":{"origin":120322,"position":2},"title":"Massa: \u201cVamos a ganar las elecciones y el a\u00f1o que viene Argentina va a crecer\u201d","author":"AF","date":"27\/07\/2023","format":false,"excerpt":"El ministro de Econom\u00eda y precandidato presidencial de Uni\u00f3n por la Patria mantuvo un encuentro con referentes industriales y les indic\u00f3 que su plan apunta \u201cfuerte al crecimiento y desarrollo del sector industrial exportador porque es la salida para sacarnos ese clavo en el zapato que es tener esa deuda\u2026","rel":"","context":"En \u00abPol\u00edtica\u00bb","block_context":{"text":"Pol\u00edtica","link":"https:\/\/www.24baires.com\/?cat=51"},"img":{"alt_text":"","src":"https:\/\/i0.wp.com\/www.24baires.com\/wp-content\/uploads\/2023\/07\/massa-1.jpg?resize=350%2C200","width":350,"height":200,"srcset":"https:\/\/i0.wp.com\/www.24baires.com\/wp-content\/uploads\/2023\/07\/massa-1.jpg?resize=350%2C200 1x, https:\/\/i0.wp.com\/www.24baires.com\/wp-content\/uploads\/2023\/07\/massa-1.jpg?resize=525%2C300 1.5x, https:\/\/i0.wp.com\/www.24baires.com\/wp-content\/uploads\/2023\/07\/massa-1.jpg?resize=700%2C400 2x"},"classes":[]},{"id":120352,"url":"https:\/\/www.24baires.com\/?p=120352","url_meta":{"origin":120322,"position":3},"title":"Massa: \u00abVoy a ser el presidente del trabajo y los trabajadores\u00bb","author":"AF","date":"08\/08\/2023","format":false,"excerpt":"As\u00ed lo se\u00f1al\u00f3 el precandidato presidencial de UxP ante miles de trabajadores de diferentes sindicatos que colmaban el estadio DirecTV Arena de la localidad bonaerense de Tortuguitas en su respaldo. El ministro de Econom\u00eda y precandidato presidencial de Uni\u00f3n por la Patria (UxP), Sergio Massa, advirti\u00f3 este martes que en\u2026","rel":"","context":"En \u00abPol\u00edtica\u00bb","block_context":{"text":"Pol\u00edtica","link":"https:\/\/www.24baires.com\/?cat=51"},"img":{"alt_text":"","src":"https:\/\/i0.wp.com\/www.24baires.com\/wp-content\/uploads\/2023\/08\/WhatsApp-Image-2023-08-08-at-23.21.31.jpeg?resize=350%2C200","width":350,"height":200,"srcset":"https:\/\/i0.wp.com\/www.24baires.com\/wp-content\/uploads\/2023\/08\/WhatsApp-Image-2023-08-08-at-23.21.31.jpeg?resize=350%2C200 1x, https:\/\/i0.wp.com\/www.24baires.com\/wp-content\/uploads\/2023\/08\/WhatsApp-Image-2023-08-08-at-23.21.31.jpeg?resize=525%2C300 1.5x, https:\/\/i0.wp.com\/www.24baires.com\/wp-content\/uploads\/2023\/08\/WhatsApp-Image-2023-08-08-at-23.21.31.jpeg?resize=700%2C400 2x"},"classes":[]},{"id":120215,"url":"https:\/\/www.24baires.com\/?p=120215","url_meta":{"origin":120322,"position":4},"title":"Massa-Rossi: la f\u00f3rmula \u00abde unidad\u00bb de Uni\u00f3n por la Patria","author":"AF","date":"23\/06\/2023","format":false,"excerpt":"El ministro de Econom\u00eda, Sergio Massa, ser\u00e1 el candidato de unidad de la coalici\u00f3n Uni\u00f3n por la Patria (UxP), inform\u00f3 este viernes esa fuerza pol\u00edtica. Sergio Massa y Agust\u00edn Rossi son los precandidatos a presidente y vicepresidente, en la lista \"de unidad\" que present\u00f3 Uni\u00f3n x la Patria este viernes\u2026","rel":"","context":"En \u00abPol\u00edtica\u00bb","block_context":{"text":"Pol\u00edtica","link":"https:\/\/www.24baires.com\/?cat=51"},"img":{"alt_text":"","src":"https:\/\/i0.wp.com\/www.24baires.com\/wp-content\/uploads\/2023\/06\/rossi-massa.jpeg?resize=350%2C200","width":350,"height":200,"srcset":"https:\/\/i0.wp.com\/www.24baires.com\/wp-content\/uploads\/2023\/06\/rossi-massa.jpeg?resize=350%2C200 1x, https:\/\/i0.wp.com\/www.24baires.com\/wp-content\/uploads\/2023\/06\/rossi-massa.jpeg?resize=525%2C300 1.5x, https:\/\/i0.wp.com\/www.24baires.com\/wp-content\/uploads\/2023\/06\/rossi-massa.jpeg?resize=700%2C400 2x"},"classes":[]},{"id":120308,"url":"https:\/\/www.24baires.com\/?p=120308","url_meta":{"origin":120322,"position":5},"title":"Massa alert\u00f3 sobre \u00abel programa de ajuste\u00bb de la oposici\u00f3n","author":"AF","date":"25\/07\/2023","format":false,"excerpt":"El ministro y precandidato a presidente llam\u00f3 a \"recuperar la esperanza\" y no volver atr\u00e1s \"a la discriminaci\u00f3n, el odio, la violencia y la descalificaci\u00f3n\". \"Impulsan recortes de la plata en universidades, en hospitales, cloacas, agua, viviendas y becas, porque lo consideran un gasto\", precis\u00f3. El ministro de Econom\u00eda y\u2026","rel":"","context":"En \u00abPol\u00edtica\u00bb","block_context":{"text":"Pol\u00edtica","link":"https:\/\/www.24baires.com\/?cat=51"},"img":{"alt_text":"","src":"https:\/\/i0.wp.com\/www.24baires.com\/wp-content\/uploads\/2022\/09\/massa..jpg?resize=350%2C200","width":350,"height":200,"srcset":"https:\/\/i0.wp.com\/www.24baires.com\/wp-content\/uploads\/2022\/09\/massa..jpg?resize=350%2C200 1x, https:\/\/i0.wp.com\/www.24baires.com\/wp-content\/uploads\/2022\/09\/massa..jpg?resize=525%2C300 1.5x, https:\/\/i0.wp.com\/www.24baires.com\/wp-content\/uploads\/2022\/09\/massa..jpg?resize=700%2C400 2x"},"classes":[]}],"jetpack_sharing_enabled":true,"jetpack_likes_enabled":true,"_links":{"self":[{"href":"https:\/\/www.24baires.com\/index.php?rest_route=\/wp\/v2\/posts\/120322","targetHints":{"allow":["GET"]}}],"collection":[{"href":"https:\/\/www.24baires.com\/index.php?rest_route=\/wp\/v2\/posts"}],"about":[{"href":"https:\/\/www.24baires.com\/index.php?rest_route=\/wp\/v2\/types\/post"}],"author":[{"embeddable":true,"href":"https:\/\/www.24baires.com\/index.php?rest_route=\/wp\/v2\/users\/4"}],"replies":[{"embeddable":true,"href":"https:\/\/www.24baires.com\/index.php?rest_route=%2Fwp%2Fv2%2Fcomments&post=120322"}],"version-history":[{"count":1,"href":"https:\/\/www.24baires.com\/index.php?rest_route=\/wp\/v2\/posts\/120322\/revisions"}],"predecessor-version":[{"id":120323,"href":"https:\/\/www.24baires.com\/index.php?rest_route=\/wp\/v2\/posts\/120322\/revisions\/120323"}],"wp:attachment":[{"href":"https:\/\/www.24baires.com\/index.php?rest_route=%2Fwp%2Fv2%2Fmedia&parent=120322"}],"wp:term":[{"taxonomy":"category","embeddable":true,"href":"https:\/\/www.24baires.com\/index.php?rest_route=%2Fwp%2Fv2%2Fcategories&post=120322"},{"taxonomy":"post_tag","embeddable":true,"href":"https:\/\/www.24baires.com\/index.php?rest_route=%2Fwp%2Fv2%2Ftags&post=120322"}],"curies":[{"name":"wp","href":"https:\/\/api.w.org\/{rel}","templated":true}]}}