{"id":120319,"date":"2023-07-31T19:50:51","date_gmt":"2023-07-31T22:50:51","guid":{"rendered":"http:\/\/www.24baires.com\/?p=120319"},"modified":"2023-07-31T19:50:51","modified_gmt":"2023-07-31T22:50:51","slug":"aumentan-los-montos-del-programa-potenciar-trabajo","status":"publish","type":"post","link":"https:\/\/www.24baires.com\/?p=120319","title":{"rendered":"Aumentan los montos del programa Potenciar Trabajo"},"content":{"rendered":"<p><img data-recalc-dims=\"1\" loading=\"lazy\" decoding=\"async\" class=\"aligncenter wp-image-120320\" src=\"https:\/\/i0.wp.com\/www.24baires.com\/wp-content\/uploads\/2023\/07\/WhatsApp-Image-2023-07-31-at-19.49.08.jpeg?resize=720%2C405\" alt=\"\" width=\"720\" height=\"405\" srcset=\"https:\/\/i0.wp.com\/www.24baires.com\/wp-content\/uploads\/2023\/07\/WhatsApp-Image-2023-07-31-at-19.49.08.jpeg?w=1200&amp;ssl=1 1200w, https:\/\/i0.wp.com\/www.24baires.com\/wp-content\/uploads\/2023\/07\/WhatsApp-Image-2023-07-31-at-19.49.08.jpeg?resize=300%2C169&amp;ssl=1 300w, https:\/\/i0.wp.com\/www.24baires.com\/wp-content\/uploads\/2023\/07\/WhatsApp-Image-2023-07-31-at-19.49.08.jpeg?resize=1024%2C576&amp;ssl=1 1024w, https:\/\/i0.wp.com\/www.24baires.com\/wp-content\/uploads\/2023\/07\/WhatsApp-Image-2023-07-31-at-19.49.08.jpeg?resize=768%2C432&amp;ssl=1 768w\" sizes=\"auto, (max-width: 720px) 100vw, 720px\" \/>El Consejo del Empleo, la Productividad y el Salario M\u00ednimo, Vital y M\u00f3vil hab\u00eda acordado el 13 de julio \u00faltimo un aumento del 34% en tres tramos, que lleg\u00f3 a 105.500 pesos este mes, alcanzar\u00e1 los 112.500 en agosto y los 118.000 en septiembre. De esta manera, para agosto, los titulares del programa percibir\u00e1n $56.250 pesos.<!--more--><\/p>\n<p>El Gobierno nacional oficializ\u00f3 este lunes un aumento en el ingreso para los beneficiarios del programa Potenciar Trabajo y dispuso que ese incremento pasar\u00e1 a ser la mitad del Salario M\u00ednimo, Vital y M\u00f3vil (SMVyM), por lo que la prestaci\u00f3n aumentar\u00e1 \u201cen lo sucesivo conforme los montos fijados en esa norma\u201d.<\/p>\n<p>El Ministerio de Desarrollo Social, que conduce Victoria Tolosa Paz, formaliz\u00f3 la medida a trav\u00e9s de resoluci\u00f3n 1480 publicada en el Bolet\u00edn Oficial.<\/p>\n<p>En el texto de la norma se establece que \u201ca partir del 1\u00ba de julio de 2023, la prestaci\u00f3n del Salario Social Complementario (&#8230;) corresponder\u00e1 al cincuenta por ciento (50%) del SMVyM fijado por el Consejo del Salario, la cual se incrementar\u00e1 en lo sucesivo conforme los montos fijados en dicha norma\u201d.<\/p>\n<p>El Consejo del Empleo, la Productividad y el Salario M\u00ednimo, Vital y M\u00f3vil hab\u00eda acordado el 13 de julio \u00faltimo un aumento del 34% en tres tramos, que lleg\u00f3 a 105.500 pesos este mes, alcanzar\u00e1 los 112.500 en agosto y los 118.000 en septiembre.<\/p>\n<p>De esta manera, para agosto, como el SMVyM ser\u00e1 de 112.500 pesos, los titulares del programa percibir\u00e1n $56.250 pesos.<\/p>\n<p>El Programa est\u00e1 vigente desde marzo de 2020 y tiene como fin \u201ccontribuir al mejoramiento de la empleabilidad y la generaci\u00f3n de nuevas propuestas productivas, a trav\u00e9s de la educaci\u00f3n, la formaci\u00f3n laboral, la certificaci\u00f3n de competencias, as\u00ed como tambi\u00e9n la creaci\u00f3n, promoci\u00f3n y fortalecimiento de unidades productivas gestionadas por personas f\u00edsicas que se encuentren en situaci\u00f3n de alta vulnerabilidad social y econ\u00f3mica\u201d, seg\u00fan el Gobierno.<\/p>\n<p>La iniciativa prev\u00e9 una prestaci\u00f3n econ\u00f3mica individual, de percepci\u00f3n peri\u00f3dica y duraci\u00f3n determinada, denominada Salario Social Complementario.<\/p>\n<p>Qu\u00e9 es Potenciar Trabajo<br \/>\nEl Programa Nacional de Inclusi\u00f3n Socioproductiva y Desarrollo Local \u201cPotenciar Trabajo\u201d, unifica a los programas Hacemos Futuro y Salario Social Complementario en una \u00fanica iniciativa.<\/p>\n<p>\u00bfCu\u00e1l es su objetivo?<br \/>\nTiene como objetivo contribuir a mejorar el empleo y generar nuevas propuestas productivas a trav\u00e9s del desarrollo de proyectos socio-productivos, socio-comunitarios, socio-laborales y la terminalidad educativa, con el fin de promover la inclusi\u00f3n social plena para personas que se encuentren en situaci\u00f3n de vulnerabilidad social y econ\u00f3mica.<\/p>\n<p>\u00bfQui\u00e9nes son parte del programa?<br \/>\nEst\u00e1 destinado a aquellas personas f\u00edsicas que se encontraban bajo los programas \u201cHacemos Futuro\u201d y \u201cProyectos Productivos Comunitarios\u201d. El programa \u201cPotenciar Trabajo\u201d unifica en esta iniciativa a todas y todos sus titulares.<\/p>\n<p>\u00bfQu\u00e9 contraprestaci\u00f3n deben realizar los titulares?<br \/>\nLos y las titulares del programa podr\u00e1n optar por cumplir su contraprestaci\u00f3n con su participaci\u00f3n en proyectos socio-productivos, socio-laborales y\/o socio-comunitarios o a trav\u00e9s de la terminalidad educativa.<\/p>\n<p>Derechos<br \/>\nA recibir un Salario Social Complementario (SSC) equivalente al 50% del Salario M\u00ednimo Vital y M\u00f3vil. Se aclara que el programa aspira a que cada trabajador obtenga un ingreso superior a partir de su actividad productivo-comunitaria.<br \/>\nA contar con un seguro de accidentes personales y sepelio a cargo del Ministerio.<br \/>\nA percibir una prestaci\u00f3n dineraria como incentivo para la incorporaci\u00f3n al empleo formal registrado en el sector privado, ya sea por participar de actividades formativas de capacitaci\u00f3n profesional o entrenamiento en el trabajo o bien para el caso de la inserci\u00f3n laboral.<br \/>\nA la compatibilidad total o parcial de la percepci\u00f3n del Salario Social Complementario (SSC) o del Incentivo para la Inclusi\u00f3n Laboral (IIL) con los ingresos obtenidos a partir de un v\u00ednculo laboral formal cuando la reglamentaci\u00f3n as\u00ed lo establezca.<br \/>\nA conservar la pertenencia al Programa por el t\u00e9rmino de doce (12) meses para el caso del ingreso al mercado formal de empleo.<br \/>\nA acceder a un r\u00e9gimen tributario integrado y simplificado destinado a los peque\u00f1os contribuyentes extremo que importa una cobertura de salud y aportes al Sistema Integrado Previsional Argentino. (SIPA).<br \/>\nA la finalizaci\u00f3n de los estudios formales o de los procesos formativos de aquellos beneficiarios que los tengan pendientes.<br \/>\nA Solicitar la revisi\u00f3n y efectuar los reclamos ante el Ministerio de Desarrollo Social como instancia neutral frente a la suspensi\u00f3n parcial o definitiva por parte de la Unidad de Gesti\u00f3n o Certificaci\u00f3n.<br \/>\nA Solicitar cambio de Unidad de Gesti\u00f3n o Certificaci\u00f3n en cualquier momento del a\u00f1o, y cada nueve meses, a trav\u00e9s del formulario web www.argentina.gob.ar\/desarrollosocial\/potenciartrabajo\/cambiodeug .<br \/>\nObligaciones<br \/>\nCumplimiento de un m\u00e1ximo de 60 horas mensuales dentro de su plan de actividades y grupo de trabajo de su Unidad de Gesti\u00f3n o Certificaci\u00f3n, en las siguientes ramas de actividades:<\/p>\n<p>Tareas de cuidados y servicios sociocomunitarios.<br \/>\nReciclado y servicios ambientales.<br \/>\nConstrucci\u00f3n, infraestructura social, mejoramiento barrial y habitacional.<br \/>\nAgricultura familiar y producci\u00f3n de alimentos.<br \/>\nProducci\u00f3n de indumentaria y otras manufacturas.<br \/>\nComercio popular.<br \/>\nActividades de formaci\u00f3n y capacitaci\u00f3n profesional o entrenamiento laboral en virtud de lo normado por el DNU N\u00ba 711\/2021.<br \/>\nEstas actividades siempre deben realizarse en forma independiente o agrupada, bajo relaciones comunitarias o en cooperativas de trabajo. Es decir, nunca en beneficio de un tercero que no sea la comunidad o realizando actividades bajo una relaci\u00f3n de dependencia encubierta.<\/p>\n<p>En caso de que la actividad genere un excedente econ\u00f3mico, el mismo debe distribuirse equitativamente entre quienes lo produzcan.<\/p>\n<p>Alternativamente, los trabajadores y trabajadoras pueden optar por realizar procesos de terminalidad educativa que ser\u00e1n acreditados por la Unidad de Certificaci\u00f3n. Esta contraprestaci\u00f3n forma parte del cumplimiento del programa y permite seguir percibiendo el Salario Social Complementario.<\/p>\n<p>Es obligatorio el cumplimiento de normas b\u00e1sicas de conducta y convivencia. Cualquier dependencia del Ministerio de Desarrollo social podr\u00e1 recepcionar planteos relacionados con controversias que pudieran existir sobre la aplicaci\u00f3n de esta Carta de Derechos y Obligaciones, debiendo remitirlas a las oficinas competentes para su intervenci\u00f3n.<\/p>\n<p>Fuente: eldiarioar<\/p>\n","protected":false},"excerpt":{"rendered":"<p>El Consejo del Empleo, la Productividad y el Salario M\u00ednimo, Vital y M\u00f3vil hab\u00eda acordado el 13 de julio \u00faltimo un aumento del 34% en tres tramos, que lleg\u00f3 a 105.500 pesos este mes, alcanzar\u00e1 los 112.500 en agosto y los 118.000 en septiembre. De esta manera, para agosto, los titulares del programa percibir\u00e1n $56.250 pesos.<\/p>\n","protected":false},"author":4,"featured_media":0,"comment_status":"closed","ping_status":"closed","sticky":false,"template":"","format":"standard","meta":{"_jetpack_newsletter_access":"","_jetpack_dont_email_post_to_subs":false,"_jetpack_newsletter_tier_id":0,"_jetpack_memberships_contains_paywalled_content":false,"_jetpack_memberships_contains_paid_content":false,"footnotes":""},"categories":[1],"tags":[],"class_list":["post-120319","post","type-post","status-publish","format-standard","hentry","category-sociedad"],"jetpack_featured_media_url":"","jetpack_shortlink":"https:\/\/wp.me\/p2JWE0-viD","jetpack-related-posts":[{"id":119144,"url":"https:\/\/www.24baires.com\/?p=119144","url_meta":{"origin":120319,"position":0},"title":"El 5 de agosto se pagar\u00e1 un bono a receptores de Potenciar Trabajo","author":"AF","date":"26\/07\/2022","format":false,"excerpt":"Lo asegur\u00f3 Alberto Fern\u00e1ndez en el cierre de su discurso en la reinauguraci\u00f3n de uno de los hoteles de la Unidad Tur\u00edstica Chapadmalal. \"Tenemos una primera obligaci\u00f3n y es con los que est\u00e1n m\u00e1s abajo, primero los \u00faltimos, dije aquel 10 de diciembre de 2019\", expres\u00f3 el mandatario. Casi 1.300.000\u2026","rel":"","context":"En \u00abSociedad\u00bb","block_context":{"text":"Sociedad","link":"https:\/\/www.24baires.com\/?cat=1"},"img":{"alt_text":"","src":"https:\/\/i0.wp.com\/www.24baires.com\/wp-content\/uploads\/2022\/07\/potenciar.jpg?resize=350%2C200","width":350,"height":200,"srcset":"https:\/\/i0.wp.com\/www.24baires.com\/wp-content\/uploads\/2022\/07\/potenciar.jpg?resize=350%2C200 1x, https:\/\/i0.wp.com\/www.24baires.com\/wp-content\/uploads\/2022\/07\/potenciar.jpg?resize=525%2C300 1.5x, https:\/\/i0.wp.com\/www.24baires.com\/wp-content\/uploads\/2022\/07\/potenciar.jpg?resize=700%2C400 2x"},"classes":[]},{"id":116471,"url":"https:\/\/www.24baires.com\/?p=116471","url_meta":{"origin":120319,"position":1},"title":"Se acord\u00f3 un aumento de 28% para salario m\u00ednimo, vital y m\u00f3vil","author":"AF","date":"14\/10\/2020","format":false,"excerpt":"Los ajustes ser\u00e1n de 12% en octubre, 10% en diciembre y 6% en marzo. La CGT pidi\u00f3 que se vuelva a reunir el plenario en abril 2021, luego del \u00faltimo aumento programado. El Consejo del Empleo, la Productividad y el Salario M\u00ednimo, Vital y M\u00f3vil fij\u00f3 un aumento de 28%\u2026","rel":"","context":"En \u00abSociedad\u00bb","block_context":{"text":"Sociedad","link":"https:\/\/www.24baires.com\/?cat=1"},"img":{"alt_text":"","src":"https:\/\/i0.wp.com\/www.24baires.com\/wp-content\/uploads\/2018\/11\/industria.jpg?resize=350%2C200","width":350,"height":200,"srcset":"https:\/\/i0.wp.com\/www.24baires.com\/wp-content\/uploads\/2018\/11\/industria.jpg?resize=350%2C200 1x, https:\/\/i0.wp.com\/www.24baires.com\/wp-content\/uploads\/2018\/11\/industria.jpg?resize=525%2C300 1.5x"},"classes":[]},{"id":118023,"url":"https:\/\/www.24baires.com\/?p=118023","url_meta":{"origin":120319,"position":2},"title":"Se re\u00fane el Consejo del Salario para fijar un nuevo aumento del m\u00ednimo","author":"GB","date":"21\/09\/2021","format":false,"excerpt":"Participar\u00e1n los representantes empresarios de las diversas c\u00e1maras de actividades, la CGT y ambas CTA. En el encuentro se determinar\u00e1n tambi\u00e9n los montos de la prestaci\u00f3n por desempleo El Gobierno nacional convoc\u00f3 para hoy, a partir de las 14, al Consejo Nacional del Empleo, la Productividad y el Salario m\u00ednimo,\u2026","rel":"","context":"En \u00abEconom\u00eda\u00bb","block_context":{"text":"Econom\u00eda","link":"https:\/\/www.24baires.com\/?cat=45"},"img":{"alt_text":"","src":"https:\/\/i0.wp.com\/www.24baires.com\/wp-content\/uploads\/2019\/02\/pesos.jpg?resize=350%2C200","width":350,"height":200,"srcset":"https:\/\/i0.wp.com\/www.24baires.com\/wp-content\/uploads\/2019\/02\/pesos.jpg?resize=350%2C200 1x, https:\/\/i0.wp.com\/www.24baires.com\/wp-content\/uploads\/2019\/02\/pesos.jpg?resize=525%2C300 1.5x"},"classes":[]},{"id":119923,"url":"https:\/\/www.24baires.com\/?p=119923","url_meta":{"origin":120319,"position":3},"title":"El Consejo del Salario defini\u00f3 actualizar el m\u00ednimo a 88 mil pesos para junio","author":"AF","date":"21\/03\/2023","format":false,"excerpt":"Con disidencias de las dos CTA, el Consejo dispuso un aumento de 26,5 por ciento en tres tramos en abril, mayo y junio y revisi\u00f3n de los valores en julio. En la reuni\u00f3n que inaugura el periodo anual de abril de 2023 a marzo de 2024 del Consejo del Salario\u2026","rel":"","context":"En \u00abSociedad\u00bb","block_context":{"text":"Sociedad","link":"https:\/\/www.24baires.com\/?cat=1"},"img":{"alt_text":"","src":"https:\/\/i0.wp.com\/www.24baires.com\/wp-content\/uploads\/2023\/03\/consejo-salario.jpeg?resize=350%2C200","width":350,"height":200,"srcset":"https:\/\/i0.wp.com\/www.24baires.com\/wp-content\/uploads\/2023\/03\/consejo-salario.jpeg?resize=350%2C200 1x, https:\/\/i0.wp.com\/www.24baires.com\/wp-content\/uploads\/2023\/03\/consejo-salario.jpeg?resize=525%2C300 1.5x, https:\/\/i0.wp.com\/www.24baires.com\/wp-content\/uploads\/2023\/03\/consejo-salario.jpeg?resize=700%2C400 2x"},"classes":[]},{"id":111863,"url":"https:\/\/www.24baires.com\/?p=111863","url_meta":{"origin":120319,"position":4},"title":"El gobierno se re\u00fane con empresarios y la CGT para evaluar aumento del salario m\u00ednimo","author":"GB","date":"30\/08\/2019","format":false,"excerpt":"Desde el mediod\u00eda se espera que se lleve a cabo el encuentro entre las partes y en simult\u00e1neo habr\u00e1 manifestaciones para reclamar un incremento que pueda contener la p\u00e9rdida del poder adquisitivo. Este viernes desde las 12 el gobierno nacional encabezar\u00e1 la reuni\u00f3n del Consejo del Salario M\u00ednimo, Vital y\u2026","rel":"","context":"En \u00abPol\u00edtica\u00bb","block_context":{"text":"Pol\u00edtica","link":"https:\/\/www.24baires.com\/?cat=51"},"img":{"alt_text":"","src":"https:\/\/i0.wp.com\/www.24baires.com\/wp-content\/uploads\/2016\/09\/cgt.jpg?resize=350%2C200","width":350,"height":200,"srcset":"https:\/\/i0.wp.com\/www.24baires.com\/wp-content\/uploads\/2016\/09\/cgt.jpg?resize=350%2C200 1x, https:\/\/i0.wp.com\/www.24baires.com\/wp-content\/uploads\/2016\/09\/cgt.jpg?resize=525%2C300 1.5x"},"classes":[]},{"id":119569,"url":"https:\/\/www.24baires.com\/?p=119569","url_meta":{"origin":120319,"position":5},"title":"Acordaron un aumento del 20% del salario m\u00ednimo en cuatro tramos","author":"AF","date":"22\/11\/2022","format":false,"excerpt":"La CGT, la CTA y las c\u00e1maras empresarias acordaron en el Consejo del Salario que la suba se abonar\u00e1 un 7 por ciento en diciembre, un 6 en enero, un 4 en febrero y otro 3 en marzo de 2023. La CGT, la CTA y las c\u00e1maras empresarias acordaron en\u2026","rel":"","context":"En \u00abSociedad\u00bb","block_context":{"text":"Sociedad","link":"https:\/\/www.24baires.com\/?cat=1"},"img":{"alt_text":"","src":"https:\/\/i0.wp.com\/www.24baires.com\/wp-content\/uploads\/2022\/11\/ministerio-trabajo.jpg?resize=350%2C200","width":350,"height":200,"srcset":"https:\/\/i0.wp.com\/www.24baires.com\/wp-content\/uploads\/2022\/11\/ministerio-trabajo.jpg?resize=350%2C200 1x, https:\/\/i0.wp.com\/www.24baires.com\/wp-content\/uploads\/2022\/11\/ministerio-trabajo.jpg?resize=525%2C300 1.5x, https:\/\/i0.wp.com\/www.24baires.com\/wp-content\/uploads\/2022\/11\/ministerio-trabajo.jpg?resize=700%2C400 2x"},"classes":[]}],"jetpack_sharing_enabled":true,"jetpack_likes_enabled":true,"_links":{"self":[{"href":"https:\/\/www.24baires.com\/index.php?rest_route=\/wp\/v2\/posts\/120319","targetHints":{"allow":["GET"]}}],"collection":[{"href":"https:\/\/www.24baires.com\/index.php?rest_route=\/wp\/v2\/posts"}],"about":[{"href":"https:\/\/www.24baires.com\/index.php?rest_route=\/wp\/v2\/types\/post"}],"author":[{"embeddable":true,"href":"https:\/\/www.24baires.com\/index.php?rest_route=\/wp\/v2\/users\/4"}],"replies":[{"embeddable":true,"href":"https:\/\/www.24baires.com\/index.php?rest_route=%2Fwp%2Fv2%2Fcomments&post=120319"}],"version-history":[{"count":1,"href":"https:\/\/www.24baires.com\/index.php?rest_route=\/wp\/v2\/posts\/120319\/revisions"}],"predecessor-version":[{"id":120321,"href":"https:\/\/www.24baires.com\/index.php?rest_route=\/wp\/v2\/posts\/120319\/revisions\/120321"}],"wp:attachment":[{"href":"https:\/\/www.24baires.com\/index.php?rest_route=%2Fwp%2Fv2%2Fmedia&parent=120319"}],"wp:term":[{"taxonomy":"category","embeddable":true,"href":"https:\/\/www.24baires.com\/index.php?rest_route=%2Fwp%2Fv2%2Fcategories&post=120319"},{"taxonomy":"post_tag","embeddable":true,"href":"https:\/\/www.24baires.com\/index.php?rest_route=%2Fwp%2Fv2%2Ftags&post=120319"}],"curies":[{"name":"wp","href":"https:\/\/api.w.org\/{rel}","templated":true}]}}