{"id":120316,"date":"2023-07-31T08:59:21","date_gmt":"2023-07-31T11:59:21","guid":{"rendered":"http:\/\/www.24baires.com\/?p=120316"},"modified":"2023-07-31T08:59:21","modified_gmt":"2023-07-31T11:59:21","slug":"desde-came-aseguran-que-son-las-mejores-vacaciones-de-invierno-desde-el-2017","status":"publish","type":"post","link":"https:\/\/www.24baires.com\/?p=120316","title":{"rendered":"Desde CAME aseguran que son las mejores vacaciones de invierno desde el 2017"},"content":{"rendered":"<p><img data-recalc-dims=\"1\" loading=\"lazy\" decoding=\"async\" class=\"aligncenter wp-image-120317\" src=\"https:\/\/i0.wp.com\/www.24baires.com\/wp-content\/uploads\/2023\/07\/220716-vacaciones-invierno-mt-2jpg.jpg?resize=720%2C480\" alt=\"\" width=\"720\" height=\"480\" srcset=\"https:\/\/i0.wp.com\/www.24baires.com\/wp-content\/uploads\/2023\/07\/220716-vacaciones-invierno-mt-2jpg.jpg?w=887&amp;ssl=1 887w, https:\/\/i0.wp.com\/www.24baires.com\/wp-content\/uploads\/2023\/07\/220716-vacaciones-invierno-mt-2jpg.jpg?resize=300%2C200&amp;ssl=1 300w, https:\/\/i0.wp.com\/www.24baires.com\/wp-content\/uploads\/2023\/07\/220716-vacaciones-invierno-mt-2jpg.jpg?resize=768%2C512&amp;ssl=1 768w\" sizes=\"auto, (max-width: 720px) 100vw, 720px\" \/>Las vacaciones de invierno terminaron y desde CAME ya analizan los n\u00fameros: impacto econ\u00f3mico de m\u00e1s de USD 1500 millones y m\u00e1s de 5 millones de turistas.<!--more--><\/p>\n<p>Este domingo ser\u00e1 el fin del receso invernal y desde la Confederaci\u00f3n Argentina de la Mediana Empresa (CAME) aseguran que fue el ha sido el mejor invierno de los \u00faltimos 6 a\u00f1os, con n\u00fameros muy alentadores.<\/p>\n<p>El presidente de la entidad, Alfredo Gonz\u00e1lez, analiz\u00f3 con el ministro de Turismo y Deportes de la Naci\u00f3n, Mat\u00edas Lammens, la temporada de vacaciones de invierno, en la que se han movilizado m\u00e1s de 5 millones de turistas y 10 millones de excursionistas, e implic\u00f3 un impacto econ\u00f3mico en las econom\u00edas regionales de 1500 millones de d\u00f3lares (a moneda constante, a d\u00f3lar oficial).<\/p>\n<p>\u201cEstos 21 d\u00edas reflejan la mejor temporada invernal desde 2017&#8243;, dijo el titular de CAME y agreg\u00f3: \u201cEl turismo es un gran derramador en varios sectores, ya que en las localidades que reciben visitantes no s\u00f3lo se benefician los emprendimientos ligados a la actividad, sino todos los dem\u00e1s comercios\u201d.<\/p>\n<p>Este a\u00f1o, las vacaciones de invierno alcanzaron valores r\u00e9cord, tanto en turistas nacionales como internacionales. Viajaron 5,5 millones de personas por el pa\u00eds, esto representa un 6,7% m\u00e1s que el a\u00f1o pasado, y gastaron $410.633 millones en las ciudades que integran el circuito tur\u00edstico nacional. El impacto econ\u00f3mico fue 54,7% mayor que en 2022 a precios constantes.<\/p>\n<p>Los n\u00fameros de las vacaciones 2023, elaborados por CAME en base a informaci\u00f3n brindada por entidades de provincias y municipios, reflejan un mes de julio muy bueno con altos niveles de consumo, con la nieve como lo m\u00e1s convocante.<\/p>\n<p>Pero tambi\u00e9n con la sorpresa de m\u00e1s presencia de turistas que el a\u00f1o pasado, especialmente en ciudades que habitualmente no eran muy visitadas.<\/p>\n","protected":false},"excerpt":{"rendered":"<p>Las vacaciones de invierno terminaron y desde CAME ya analizan los n\u00fameros: impacto econ\u00f3mico de m\u00e1s de USD 1500 millones y m\u00e1s de 5 millones de turistas.<\/p>\n","protected":false},"author":8,"featured_media":0,"comment_status":"closed","ping_status":"closed","sticky":false,"template":"","format":"standard","meta":{"_jetpack_newsletter_access":"","_jetpack_dont_email_post_to_subs":false,"_jetpack_newsletter_tier_id":0,"_jetpack_memberships_contains_paywalled_content":false,"_jetpack_memberships_contains_paid_content":false,"footnotes":""},"categories":[1],"tags":[],"class_list":["post-120316","post","type-post","status-publish","format-standard","hentry","category-sociedad"],"jetpack_featured_media_url":"","jetpack_shortlink":"https:\/\/wp.me\/p2JWE0-viA","jetpack-related-posts":[{"id":119166,"url":"https:\/\/www.24baires.com\/?p=119166","url_meta":{"origin":120316,"position":0},"title":"M\u00e1s de 5 millones de turistas viajaron por el pa\u00eds durante las vacaciones","author":"AF","date":"31\/07\/2022","format":false,"excerpt":"\"Como sucedi\u00f3 con la temporada de verano, en los fines de semana largos de Carnaval, de Semana Santa y el \u00faltimo de junio, volvimos a superar las cifras de movimiento tur\u00edstico de la prepandemia\", destac\u00f3 el ministro de Turismo y Deportes, Mat\u00edas Lammens. M\u00e1s de 5 millones de turistas viajaron\u2026","rel":"","context":"En \u00abSociedad\u00bb","block_context":{"text":"Sociedad","link":"https:\/\/www.24baires.com\/?cat=1"},"img":{"alt_text":"","src":"https:\/\/i0.wp.com\/www.24baires.com\/wp-content\/uploads\/2022\/07\/cataratas.jpg?resize=350%2C200","width":350,"height":200,"srcset":"https:\/\/i0.wp.com\/www.24baires.com\/wp-content\/uploads\/2022\/07\/cataratas.jpg?resize=350%2C200 1x, https:\/\/i0.wp.com\/www.24baires.com\/wp-content\/uploads\/2022\/07\/cataratas.jpg?resize=525%2C300 1.5x, https:\/\/i0.wp.com\/www.24baires.com\/wp-content\/uploads\/2022\/07\/cataratas.jpg?resize=700%2C400 2x"},"classes":[]},{"id":26872,"url":"https:\/\/www.24baires.com\/?p=26872","url_meta":{"origin":120316,"position":1},"title":"Superfinde: \u00abM\u00e1s de 1,2 millones de personas se movilizaron\u00bb asegur\u00f3 Patricia Vismara","author":"AF","date":"25\/06\/2013","format":false,"excerpt":"Lo asegur\u00f3 la subsecretaria de Promoci\u00f3n Tur\u00edstica de la Naci\u00f3n, Patricia Vismara. En los cuatro d\u00edas se movilizaron m\u00e1s de 1,2 millones de personas. Buenas perspectivas para las vacaciones de invierno. Las m\u00e1s de 1,2 millones de personas que se desplazaron por el pa\u00eds durante el feriado puente del pasado\u2026","rel":"","context":"En \u00abEconom\u00eda\u00bb","block_context":{"text":"Econom\u00eda","link":"https:\/\/www.24baires.com\/?cat=45"},"img":{"alt_text":"vismara","src":"https:\/\/i0.wp.com\/www.24baires.com\/wp-content\/uploads\/2013\/06\/vismara-300x194.jpg?resize=350%2C200","width":350,"height":200},"classes":[]},{"id":111455,"url":"https:\/\/www.24baires.com\/?p=111455","url_meta":{"origin":120316,"position":2},"title":"Durante las vacaciones de invierno se registr\u00f3 un 13% menos de consumo","author":"AF","date":"04\/08\/2019","format":false,"excerpt":"La cantidad de personas que descansaron en per\u00edodo invernal creci\u00f3 un 2,5% respecto al a\u00f1o pasado. Por persona, erogaron $1.200 en promedio por d\u00eda. Unos 5.126.354 de turistas viajaron por las provincias argentinas y la Ciudad de Buenos Aires durante las vacaciones de invierno, lo que represent\u00f3 un 2,5% m\u00e1s\u2026","rel":"","context":"En \u00abSociedad\u00bb","block_context":{"text":"Sociedad","link":"https:\/\/www.24baires.com\/?cat=1"},"img":{"alt_text":"","src":"https:\/\/i0.wp.com\/www.24baires.com\/wp-content\/uploads\/2014\/07\/mar-del-plata-invierno.jpg?resize=350%2C200","width":350,"height":200,"srcset":"https:\/\/i0.wp.com\/www.24baires.com\/wp-content\/uploads\/2014\/07\/mar-del-plata-invierno.jpg?resize=350%2C200 1x, https:\/\/i0.wp.com\/www.24baires.com\/wp-content\/uploads\/2014\/07\/mar-del-plata-invierno.jpg?resize=525%2C300 1.5x"},"classes":[]},{"id":118786,"url":"https:\/\/www.24baires.com\/?p=118786","url_meta":{"origin":120316,"position":3},"title":"Anuncian la vuelta de Previaje a partir de agosto","author":"GB","date":"22\/04\/2022","format":false,"excerpt":"Con el 50% de reintegro en viajes, el programa tendr\u00e1 su tercera edici\u00f3n luego de vacaciones de invierno para impulsar el turismo en temporadas media y baja Todav\u00eda no est\u00e1 definida la fecha de lanzamiento de Previaje 3, pero el Gobierno ha anunciado ya hace algunas semanas que la intenci\u00f3n\u2026","rel":"","context":"En \u00abTurismo\u00bb","block_context":{"text":"Turismo","link":"https:\/\/www.24baires.com\/?cat=69"},"img":{"alt_text":"","src":"https:\/\/i0.wp.com\/www.24baires.com\/wp-content\/uploads\/2014\/07\/mar-del-plata-turismo.jpg?resize=350%2C200","width":350,"height":200,"srcset":"https:\/\/i0.wp.com\/www.24baires.com\/wp-content\/uploads\/2014\/07\/mar-del-plata-turismo.jpg?resize=350%2C200 1x, https:\/\/i0.wp.com\/www.24baires.com\/wp-content\/uploads\/2014\/07\/mar-del-plata-turismo.jpg?resize=525%2C300 1.5x, https:\/\/i0.wp.com\/www.24baires.com\/wp-content\/uploads\/2014\/07\/mar-del-plata-turismo.jpg?resize=700%2C400 2x"},"classes":[]},{"id":50806,"url":"https:\/\/www.24baires.com\/?p=50806","url_meta":{"origin":120316,"position":4},"title":"La oferta de empleo durante las vacaciones de invierno creci\u00f3 un 15%","author":"AF","date":"30\/07\/2014","format":false,"excerpt":"La suba signific\u00f3 un aumento en la demanda de personal calificado para la industria gastron\u00f3mica y hotelera por el receso invernal, al igual que a lo largo del a\u00f1o en muchos centros tur\u00edsticos de personal eventual para los fines de semana largos o puentes. La oferta de empleo durante las\u2026","rel":"","context":"En \u00abEconom\u00eda\u00bb","block_context":{"text":"Econom\u00eda","link":"https:\/\/www.24baires.com\/?cat=45"},"img":{"alt_text":"mar del plata invierno","src":"https:\/\/i0.wp.com\/www.24baires.com\/wp-content\/uploads\/2014\/07\/mar-del-plata-invierno.jpg?resize=350%2C200","width":350,"height":200,"srcset":"https:\/\/i0.wp.com\/www.24baires.com\/wp-content\/uploads\/2014\/07\/mar-del-plata-invierno.jpg?resize=350%2C200 1x, https:\/\/i0.wp.com\/www.24baires.com\/wp-content\/uploads\/2014\/07\/mar-del-plata-invierno.jpg?resize=525%2C300 1.5x"},"classes":[]},{"id":94788,"url":"https:\/\/www.24baires.com\/?p=94788","url_meta":{"origin":120316,"position":5},"title":"Advierten que el turismo se ver\u00e1 afectado si se recuperan las clases en vacaciones","author":"GB","date":"26\/05\/2017","format":false,"excerpt":"Desde el gremio de trabajadores tur\u00edsticos y hoteleros advirtieron que Mar del Plata ser\u00e1 la ciudad \"m\u00e1s castigada\" si los chicos recuperan en vacaciones de invierno los d\u00edas de clases perdidos. La secretaria general de la Uni\u00f3n de Trabajadores del Turismo, Hoteleros y Gastron\u00f3micos de Mar del Plata, Mercedes Morro,\u2026","rel":"","context":"En \u00abSociedad\u00bb","block_context":{"text":"Sociedad","link":"https:\/\/www.24baires.com\/?cat=1"},"img":{"alt_text":"","src":"https:\/\/i0.wp.com\/www.24baires.com\/wp-content\/uploads\/2014\/03\/aulas-vac%C3%ADas.jpg?resize=350%2C200","width":350,"height":200},"classes":[]}],"jetpack_sharing_enabled":true,"jetpack_likes_enabled":true,"_links":{"self":[{"href":"https:\/\/www.24baires.com\/index.php?rest_route=\/wp\/v2\/posts\/120316","targetHints":{"allow":["GET"]}}],"collection":[{"href":"https:\/\/www.24baires.com\/index.php?rest_route=\/wp\/v2\/posts"}],"about":[{"href":"https:\/\/www.24baires.com\/index.php?rest_route=\/wp\/v2\/types\/post"}],"author":[{"embeddable":true,"href":"https:\/\/www.24baires.com\/index.php?rest_route=\/wp\/v2\/users\/8"}],"replies":[{"embeddable":true,"href":"https:\/\/www.24baires.com\/index.php?rest_route=%2Fwp%2Fv2%2Fcomments&post=120316"}],"version-history":[{"count":1,"href":"https:\/\/www.24baires.com\/index.php?rest_route=\/wp\/v2\/posts\/120316\/revisions"}],"predecessor-version":[{"id":120318,"href":"https:\/\/www.24baires.com\/index.php?rest_route=\/wp\/v2\/posts\/120316\/revisions\/120318"}],"wp:attachment":[{"href":"https:\/\/www.24baires.com\/index.php?rest_route=%2Fwp%2Fv2%2Fmedia&parent=120316"}],"wp:term":[{"taxonomy":"category","embeddable":true,"href":"https:\/\/www.24baires.com\/index.php?rest_route=%2Fwp%2Fv2%2Fcategories&post=120316"},{"taxonomy":"post_tag","embeddable":true,"href":"https:\/\/www.24baires.com\/index.php?rest_route=%2Fwp%2Fv2%2Ftags&post=120316"}],"curies":[{"name":"wp","href":"https:\/\/api.w.org\/{rel}","templated":true}]}}