{"id":120310,"date":"2023-07-26T23:07:44","date_gmt":"2023-07-27T02:07:44","guid":{"rendered":"http:\/\/www.24baires.com\/?p=120310"},"modified":"2023-07-26T23:07:44","modified_gmt":"2023-07-27T02:07:44","slug":"el-gobierno-alcanzo-las-120-mil-viviendas-entregadas","status":"publish","type":"post","link":"https:\/\/www.24baires.com\/?p=120310","title":{"rendered":"El Gobierno alcanz\u00f3 las 120 mil viviendas entregadas"},"content":{"rendered":"<p><img data-recalc-dims=\"1\" loading=\"lazy\" decoding=\"async\" class=\"aligncenter wp-image-120311\" src=\"https:\/\/i0.wp.com\/www.24baires.com\/wp-content\/uploads\/2023\/07\/WhatsApp-Image-2023-07-26-at-23.06.13.jpeg?resize=720%2C472\" alt=\"\" width=\"720\" height=\"472\" srcset=\"https:\/\/i0.wp.com\/www.24baires.com\/wp-content\/uploads\/2023\/07\/WhatsApp-Image-2023-07-26-at-23.06.13.jpeg?w=741&amp;ssl=1 741w, https:\/\/i0.wp.com\/www.24baires.com\/wp-content\/uploads\/2023\/07\/WhatsApp-Image-2023-07-26-at-23.06.13.jpeg?resize=300%2C197&amp;ssl=1 300w\" sizes=\"auto, (max-width: 720px) 100vw, 720px\" \/>Santiago Maggiotti, titular de la cartera de Desarrollo Territorial y H\u00e1bitat, inform\u00f3 que ya son m\u00e1s de 120.000 las viviendas entregadas por el Gobierno de Alberto Fern\u00e1ndez. Agreg\u00f3 que el objetivo es llegar a 150.000 antes de fin de a\u00f1o.<!--more--><\/p>\n<p>El Ministerio de Desarrollo Territorial y H\u00e1bitat alcanz\u00f3 este mi\u00e9rcoles las 120.000 viviendas entregadas en todo el pa\u00eds desde el inicio de esta gesti\u00f3n, seg\u00fan se inform\u00f3 oficialmente.<\/p>\n<p>Al respecto, el ministro Santiago Maggiotti se\u00f1al\u00f3 que \u00abtrabajamos d\u00eda a d\u00eda para que la Argentina sea un pa\u00eds federal, con igualdad de oportunidades para todos y todas, donde no haya ciudadanos de primera o de segunda\u00bb.<\/p>\n<p>Y resalt\u00f3 que \u00abseguimos entregando viviendas porque las necesidades y los avances de las obras no cesan con la veda, solo cesan los actos oficiales\u00bb.<\/p>\n<p>El funcionario se refiri\u00f3 as\u00ed a la entrega de nuevas viviendas sin la realizaci\u00f3n de actos oficiales, ya que desde hace 7 d\u00edas rige la veda para los actos de gobierno porque pueden considerarse proselitistas. Como es habitual, la prohibici\u00f3n comenz\u00f3 a regir 25 d\u00edas antes de las PASO que se realizar\u00e1n el pr\u00f3ximo 13 de agosto.<\/p>\n<p>En un comunicado, la cartera de H\u00e1bitat se\u00f1al\u00f3 que \u00abfamilias argentinas de distintas regiones han seguido recibiendo las llaves de sus nuevas casas\u00bb gracias a que \u00abel Estado Nacional nunca se detuvo con las gestiones y las obras de urbanizaci\u00f3n y viviendas que mejoran la calidad de vida de la poblaci\u00f3n, en coordinaci\u00f3n con los gobiernos provinciales y municipales\u00bb.<\/p>\n<p>\u00abEl Gobierno nacional sigue trabajando para garantizar el acceso a la vivienda, el trabajo y el desarrollo de las econom\u00edas regionales de manera federal\u00bb, se concluy\u00f3.<\/p>\n<p>Semanas atr\u00e1s, en el marco de la Convenci\u00f3n Anual de la C\u00e1mara de la Construcci\u00f3n, Maggiotti asegur\u00f3 que \u00abque el Gobierno nacional pretende \u00abllegar a diciembre de este a\u00f1o habiendo entregado 150.000 viviendas a familias argentinas\u201d y confirm\u00f3 que \u201clas obras que est\u00e1n en ejecuci\u00f3n tienen el financiamiento garantizado\u201d, imform\u00f3 T\u00e9lam.<\/p>\n","protected":false},"excerpt":{"rendered":"<p>Santiago Maggiotti, titular de la cartera de Desarrollo Territorial y H\u00e1bitat, inform\u00f3 que ya son m\u00e1s de 120.000 las viviendas entregadas por el Gobierno de Alberto Fern\u00e1ndez. Agreg\u00f3 que el objetivo es llegar a 150.000 antes de fin de a\u00f1o.<\/p>\n","protected":false},"author":4,"featured_media":0,"comment_status":"closed","ping_status":"closed","sticky":false,"template":"","format":"standard","meta":{"_jetpack_newsletter_access":"","_jetpack_dont_email_post_to_subs":false,"_jetpack_newsletter_tier_id":0,"_jetpack_memberships_contains_paywalled_content":false,"_jetpack_memberships_contains_paid_content":false,"footnotes":""},"categories":[1],"tags":[],"class_list":["post-120310","post","type-post","status-publish","format-standard","hentry","category-sociedad"],"jetpack_featured_media_url":"","jetpack_shortlink":"https:\/\/wp.me\/p2JWE0-viu","jetpack-related-posts":[{"id":119517,"url":"https:\/\/www.24baires.com\/?p=119517","url_meta":{"origin":120310,"position":0},"title":"\u00abLa pol\u00edtica no tiene sentido si no es para mejorar la vida del pueblo\u00bb","author":"AF","date":"07\/11\/2022","format":false,"excerpt":"\"Tengo la tranquilidad de la tarea cumplida\", se\u00f1al\u00f3 el Presidente durante una acto de entrega de viviendas a familias que hab\u00edan perdido sus casas en un terremoto en 2021. Es \"un momento gratificante\" y que hace \"despejar dudas a las familias\", se\u00f1al\u00f3. El presidente Alberto Fern\u00e1ndez afirm\u00f3 este lunes que\u2026","rel":"","context":"En \u00abPol\u00edtica\u00bb","block_context":{"text":"Pol\u00edtica","link":"https:\/\/www.24baires.com\/?cat=51"},"img":{"alt_text":"","src":"https:\/\/i0.wp.com\/www.24baires.com\/wp-content\/uploads\/2022\/11\/FERNANDEZ-PROCREAR.jpg?resize=350%2C200","width":350,"height":200,"srcset":"https:\/\/i0.wp.com\/www.24baires.com\/wp-content\/uploads\/2022\/11\/FERNANDEZ-PROCREAR.jpg?resize=350%2C200 1x, https:\/\/i0.wp.com\/www.24baires.com\/wp-content\/uploads\/2022\/11\/FERNANDEZ-PROCREAR.jpg?resize=525%2C300 1.5x, https:\/\/i0.wp.com\/www.24baires.com\/wp-content\/uploads\/2022\/11\/FERNANDEZ-PROCREAR.jpg?resize=700%2C400 2x"},"classes":[]},{"id":120288,"url":"https:\/\/www.24baires.com\/?p=120288","url_meta":{"origin":120310,"position":1},"title":"Abren un nuevo sorteo Procrear II para m\u00e1s de 1.600 viviendas","author":"AF","date":"14\/07\/2023","format":false,"excerpt":"Las viviendas en el marco del nuevo sorteo Procrear est\u00e1n ubicados en las provincias de Buenos Aires, Chubut, C\u00f3rdoba, Santa Cruz, San Juan y Santa Fe. El Ministerio de Desarrollo Territorial y H\u00e1bitat que conduce Santiago Maggiotti anunci\u00f3 que el pr\u00f3ximo martes 18 de julio a las 15 horas se\u2026","rel":"","context":"En \u00abSociedad\u00bb","block_context":{"text":"Sociedad","link":"https:\/\/www.24baires.com\/?cat=1"},"img":{"alt_text":"","src":"https:\/\/i0.wp.com\/www.24baires.com\/wp-content\/uploads\/2017\/08\/procrear.jpg?resize=350%2C200","width":350,"height":200,"srcset":"https:\/\/i0.wp.com\/www.24baires.com\/wp-content\/uploads\/2017\/08\/procrear.jpg?resize=350%2C200 1x, https:\/\/i0.wp.com\/www.24baires.com\/wp-content\/uploads\/2017\/08\/procrear.jpg?resize=525%2C300 1.5x, https:\/\/i0.wp.com\/www.24baires.com\/wp-content\/uploads\/2017\/08\/procrear.jpg?resize=700%2C400 2x"},"classes":[]},{"id":118999,"url":"https:\/\/www.24baires.com\/?p=118999","url_meta":{"origin":120310,"position":2},"title":"\u00abSi el Estado no activa, muchas familias no pueden acceder al derecho a una vivienda\u00bb","author":"AF","date":"22\/06\/2022","format":false,"excerpt":"El Presidente encabez\u00f3 el acto de entrega de 224 viviendas pertenecientes al Programa Reconstruir, junto al ministro de Desarrollo Territorial y H\u00e1bitat, Jorge Ferraresi, el intendente de Ensenada, Mario Secco, y la diputada Victoria Tolosa Paz. El presidente Alberto Fern\u00e1ndez destac\u00f3 este mi\u00e9rcoles el rol de un gobierno presente que\u2026","rel":"","context":"En \u00abPol\u00edtica\u00bb","block_context":{"text":"Pol\u00edtica","link":"https:\/\/www.24baires.com\/?cat=51"},"img":{"alt_text":"","src":"https:\/\/i0.wp.com\/www.24baires.com\/wp-content\/uploads\/2022\/06\/62b34fa68471f_900.jpg?resize=350%2C200","width":350,"height":200,"srcset":"https:\/\/i0.wp.com\/www.24baires.com\/wp-content\/uploads\/2022\/06\/62b34fa68471f_900.jpg?resize=350%2C200 1x, https:\/\/i0.wp.com\/www.24baires.com\/wp-content\/uploads\/2022\/06\/62b34fa68471f_900.jpg?resize=525%2C300 1.5x, https:\/\/i0.wp.com\/www.24baires.com\/wp-content\/uploads\/2022\/06\/62b34fa68471f_900.jpg?resize=700%2C400 2x"},"classes":[]},{"id":117913,"url":"https:\/\/www.24baires.com\/?p=117913","url_meta":{"origin":120310,"position":3},"title":"El Presidente convoc\u00f3 a la \u00ab\u00e9pica\u00bb de reconstruir Argentina","author":"AF","date":"26\/07\/2021","format":false,"excerpt":"\"\u00bfPor qu\u00e9 alguien quiere privar a 11 mil familias de sus casas\"?, se pregunt\u00f3 el mandatario durante un acto de entrega de viviendas del Plan Procrear, en la ciudad bonaerense de Merlo. El presidente Alberto Fern\u00e1ndez convoc\u00f3 a la \"\u00e9pica del d\u00eda despu\u00e9s\" para recuperar la Argentina tras la pandemia\u2026","rel":"","context":"En \u00abPol\u00edtica\u00bb","block_context":{"text":"Pol\u00edtica","link":"https:\/\/www.24baires.com\/?cat=51"},"img":{"alt_text":"","src":"https:\/\/i0.wp.com\/www.24baires.com\/wp-content\/uploads\/2021\/07\/60fee1d7ebb4f.07.2021-llave-vivienda-captura-2-565_1004x565.jpg?resize=350%2C200","width":350,"height":200,"srcset":"https:\/\/i0.wp.com\/www.24baires.com\/wp-content\/uploads\/2021\/07\/60fee1d7ebb4f.07.2021-llave-vivienda-captura-2-565_1004x565.jpg?resize=350%2C200 1x, https:\/\/i0.wp.com\/www.24baires.com\/wp-content\/uploads\/2021\/07\/60fee1d7ebb4f.07.2021-llave-vivienda-captura-2-565_1004x565.jpg?resize=525%2C300 1.5x"},"classes":[]},{"id":122361,"url":"https:\/\/www.24baires.com\/?p=122361","url_meta":{"origin":120310,"position":4},"title":"Provincia retoma obras que Milei dej\u00f3 abandonadas","author":"GB","date":"19\/06\/2025","format":false,"excerpt":"Ante la paralizaci\u00f3n de obras por parte del gobierno nacional, la gesti\u00f3n bonaerense retoma construcciones y busca soluciones El plan de Milei trajo muchos cambios para la estructura del Estado. Miles de trabajadores quedaron sin empleo y el recorte en \u00e1reas esenciales tuvo un fuerte impacto en el pa\u00eds, como\u2026","rel":"","context":"En \u00abProvincia\u00bb","block_context":{"text":"Provincia","link":"https:\/\/www.24baires.com\/?cat=40"},"img":{"alt_text":"","src":"https:\/\/i0.wp.com\/www.24baires.com\/wp-content\/uploads\/2025\/06\/obras.webp?resize=350%2C200","width":350,"height":200,"srcset":"https:\/\/i0.wp.com\/www.24baires.com\/wp-content\/uploads\/2025\/06\/obras.webp?resize=350%2C200 1x, https:\/\/i0.wp.com\/www.24baires.com\/wp-content\/uploads\/2025\/06\/obras.webp?resize=525%2C300 1.5x, https:\/\/i0.wp.com\/www.24baires.com\/wp-content\/uploads\/2025\/06\/obras.webp?resize=700%2C400 2x"},"classes":[]},{"id":116942,"url":"https:\/\/www.24baires.com\/?p=116942","url_meta":{"origin":120310,"position":5},"title":"El Presidente anuncia el programa \u00abCasa Propia\u00bb para municipios bonaerenses","author":"GB","date":"28\/12\/2020","format":false,"excerpt":"Tal como adelant\u00f3 el presidente la semana pasada, y tras la firma del convenio entre el gobernador Kicillof y el ministro Ferrresi, se comienza con el programa que proyecta una inversi\u00f3n de 890 mil millones para los pr\u00f3ximos tres a\u00f1os. El presidente Alberto Fern\u00e1ndez encabezar\u00e1 un acto de anuncio de\u2026","rel":"","context":"En \u00abPol\u00edtica\u00bb","block_context":{"text":"Pol\u00edtica","link":"https:\/\/www.24baires.com\/?cat=51"},"img":{"alt_text":"","src":"https:\/\/i0.wp.com\/www.24baires.com\/wp-content\/uploads\/2020\/08\/alberto-anuncio.jpg?resize=350%2C200","width":350,"height":200,"srcset":"https:\/\/i0.wp.com\/www.24baires.com\/wp-content\/uploads\/2020\/08\/alberto-anuncio.jpg?resize=350%2C200 1x, https:\/\/i0.wp.com\/www.24baires.com\/wp-content\/uploads\/2020\/08\/alberto-anuncio.jpg?resize=525%2C300 1.5x"},"classes":[]}],"jetpack_sharing_enabled":true,"jetpack_likes_enabled":true,"_links":{"self":[{"href":"https:\/\/www.24baires.com\/index.php?rest_route=\/wp\/v2\/posts\/120310","targetHints":{"allow":["GET"]}}],"collection":[{"href":"https:\/\/www.24baires.com\/index.php?rest_route=\/wp\/v2\/posts"}],"about":[{"href":"https:\/\/www.24baires.com\/index.php?rest_route=\/wp\/v2\/types\/post"}],"author":[{"embeddable":true,"href":"https:\/\/www.24baires.com\/index.php?rest_route=\/wp\/v2\/users\/4"}],"replies":[{"embeddable":true,"href":"https:\/\/www.24baires.com\/index.php?rest_route=%2Fwp%2Fv2%2Fcomments&post=120310"}],"version-history":[{"count":1,"href":"https:\/\/www.24baires.com\/index.php?rest_route=\/wp\/v2\/posts\/120310\/revisions"}],"predecessor-version":[{"id":120312,"href":"https:\/\/www.24baires.com\/index.php?rest_route=\/wp\/v2\/posts\/120310\/revisions\/120312"}],"wp:attachment":[{"href":"https:\/\/www.24baires.com\/index.php?rest_route=%2Fwp%2Fv2%2Fmedia&parent=120310"}],"wp:term":[{"taxonomy":"category","embeddable":true,"href":"https:\/\/www.24baires.com\/index.php?rest_route=%2Fwp%2Fv2%2Fcategories&post=120310"},{"taxonomy":"post_tag","embeddable":true,"href":"https:\/\/www.24baires.com\/index.php?rest_route=%2Fwp%2Fv2%2Ftags&post=120310"}],"curies":[{"name":"wp","href":"https:\/\/api.w.org\/{rel}","templated":true}]}}