{"id":120302,"date":"2023-07-21T23:00:31","date_gmt":"2023-07-22T02:00:31","guid":{"rendered":"http:\/\/www.24baires.com\/?p=120302"},"modified":"2023-07-22T00:06:06","modified_gmt":"2023-07-22T03:06:06","slug":"el-gasoducto-nestor-kirchner-esta-llenado-en-un-55","status":"publish","type":"post","link":"https:\/\/www.24baires.com\/?p=120302","title":{"rendered":"El Gasoducto N\u00e9stor Kirchner est\u00e1 llenado en un 55%"},"content":{"rendered":"<p><img data-recalc-dims=\"1\" loading=\"lazy\" decoding=\"async\" class=\"aligncenter wp-image-120303\" src=\"https:\/\/i0.wp.com\/www.24baires.com\/wp-content\/uploads\/2023\/07\/gasoducto-1.jpg?resize=720%2C432\" alt=\"\" width=\"720\" height=\"432\" srcset=\"https:\/\/i0.wp.com\/www.24baires.com\/wp-content\/uploads\/2023\/07\/gasoducto-1.jpg?w=1200&amp;ssl=1 1200w, https:\/\/i0.wp.com\/www.24baires.com\/wp-content\/uploads\/2023\/07\/gasoducto-1.jpg?resize=300%2C180&amp;ssl=1 300w, https:\/\/i0.wp.com\/www.24baires.com\/wp-content\/uploads\/2023\/07\/gasoducto-1.jpg?resize=1024%2C614&amp;ssl=1 1024w, https:\/\/i0.wp.com\/www.24baires.com\/wp-content\/uploads\/2023\/07\/gasoducto-1.jpg?resize=768%2C461&amp;ssl=1 768w\" sizes=\"auto, (max-width: 720px) 100vw, 720px\" \/>La empresa estatal Energ\u00eda Argentina inform\u00f3 este viernes que contin\u00faa el llenado del Gasoducto Presidente N\u00e9stor Kirchner y que este proceso finalizar\u00e1 la pr\u00f3xima semana, con lo que de ah\u00ed en m\u00e1s el gas proveniente de Vaca Muerta comenzar\u00e1 a circular por el sistema de distribuci\u00f3n.<!--more--><\/p>\n<p>\u201cContinuamos con el llenado del Gasoducto Presidente N\u00e9stor Kirchner. Ya superamos los 13,8 millones de metros c\u00fabicos de gas cargados, lo que significa m\u00e1s de un 55 por ciento del total\u201d, se\u00f1al\u00f3 este viernes por la tarde la compa\u00f1\u00eda, a trav\u00e9s de su cuenta en la red social Twitter.<\/p>\n<p>\u201cSe estima que la etapa de llenado concluir\u00e1 a mediados de la pr\u00f3xima semana, inici\u00e1ndose la inyecci\u00f3n de gas del GPNK al Gasoducto Neuba II que forma parte del sistema de transporte\u201d, agreg\u00f3 Enarsa.<\/p>\n<p>Por \u00faltimo, Energ\u00eda Argentina subray\u00f3 que \u201cel proceso de llenado y presurizaci\u00f3n se est\u00e1 desarrollando dentro de los plazos previstos y usuales, teniendo en cuenta las condiciones de seguridad necesarias para llevar adelante para este tipo de operaciones\u201d.<\/p>\n<p>El 9 de julio pasado, en el marco de un acto celebrado en la localidad bonaerense de Salliquel\u00f3, se concret\u00f3 la apertura de la \u00faltima v\u00e1lvula del primer tramo del GPNK que -una vez concluido el proceso de llenado del ducto- permitir\u00e1 la conexi\u00f3n con el sistema troncal de gas para asegurar el abastecimiento de seis millones de usuarios.<\/p>\n<p>Fuente: T\u00e9lam<\/p>\n","protected":false},"excerpt":{"rendered":"<p>La empresa estatal Energ\u00eda Argentina inform\u00f3 este viernes que contin\u00faa el llenado del Gasoducto Presidente N\u00e9stor Kirchner y que este proceso finalizar\u00e1 la pr\u00f3xima semana, con lo que de ah\u00ed en m\u00e1s el gas proveniente de Vaca Muerta comenzar\u00e1 a circular por el sistema de distribuci\u00f3n.<\/p>\n","protected":false},"author":4,"featured_media":0,"comment_status":"closed","ping_status":"closed","sticky":false,"template":"","format":"standard","meta":{"_jetpack_newsletter_access":"","_jetpack_dont_email_post_to_subs":false,"_jetpack_newsletter_tier_id":0,"_jetpack_memberships_contains_paywalled_content":false,"_jetpack_memberships_contains_paid_content":false,"footnotes":""},"categories":[1],"tags":[],"class_list":["post-120302","post","type-post","status-publish","format-standard","hentry","category-sociedad"],"jetpack_featured_media_url":"","jetpack_shortlink":"https:\/\/wp.me\/p2JWE0-vim","jetpack-related-posts":[{"id":120269,"url":"https:\/\/www.24baires.com\/?p=120269","url_meta":{"origin":120302,"position":0},"title":"Cristina a Macri: \u201cUsted es muy mentiroso, ingeniero\u201d","author":"AF","date":"10\/07\/2023","format":false,"excerpt":"Los ex mandatarios se cruzaron en Twitter por la pol\u00edtica energ\u00e9tica de sus gobiernos y la inauguraci\u00f3n de la obra en Salliquel\u00f3. El dirigente de Juntos por el Cambio hab\u00eda calificado al kirchnerismo como el \u201cpeor gobierno de la historia\u201d. La vicepresidenta Cristina Fern\u00e1ndez de Kirchner tild\u00f3 hoy de \u201cmuy\u2026","rel":"","context":"En \u00abPol\u00edtica\u00bb","block_context":{"text":"Pol\u00edtica","link":"https:\/\/www.24baires.com\/?cat=51"},"img":{"alt_text":"","src":"https:\/\/i0.wp.com\/www.24baires.com\/wp-content\/uploads\/2021\/10\/macri.jpg?resize=350%2C200","width":350,"height":200,"srcset":"https:\/\/i0.wp.com\/www.24baires.com\/wp-content\/uploads\/2021\/10\/macri.jpg?resize=350%2C200 1x, https:\/\/i0.wp.com\/www.24baires.com\/wp-content\/uploads\/2021\/10\/macri.jpg?resize=525%2C300 1.5x, https:\/\/i0.wp.com\/www.24baires.com\/wp-content\/uploads\/2021\/10\/macri.jpg?resize=700%2C400 2x"},"classes":[]},{"id":119594,"url":"https:\/\/www.24baires.com\/?p=119594","url_meta":{"origin":120302,"position":1},"title":"Avanzan las obras del Gasoducto N\u00e9stor Kirchner","author":"AF","date":"29\/11\/2022","format":false,"excerpt":"\u201cEl gasoducto es m\u00e1s trabajo, y m\u00e1s industrias y energ\u00eda barata en las casas de las familias\u201d, dijo el ministro del Interior, Eduardo De Pedro, en una rueda de prensa realizada en el obrador PK 60, uno de los frentes de obra del gasoducto. El ministro del Interior, Eduardo De\u2026","rel":"","context":"En \u00abSociedad\u00bb","block_context":{"text":"Sociedad","link":"https:\/\/www.24baires.com\/?cat=1"},"img":{"alt_text":"","src":"https:\/\/i0.wp.com\/www.24baires.com\/wp-content\/uploads\/2022\/11\/gasoductoo.jpg?resize=350%2C200","width":350,"height":200,"srcset":"https:\/\/i0.wp.com\/www.24baires.com\/wp-content\/uploads\/2022\/11\/gasoductoo.jpg?resize=350%2C200 1x, https:\/\/i0.wp.com\/www.24baires.com\/wp-content\/uploads\/2022\/11\/gasoductoo.jpg?resize=525%2C300 1.5x, https:\/\/i0.wp.com\/www.24baires.com\/wp-content\/uploads\/2022\/11\/gasoductoo.jpg?resize=700%2C400 2x"},"classes":[]},{"id":120266,"url":"https:\/\/www.24baires.com\/?p=120266","url_meta":{"origin":120302,"position":2},"title":"El Gasoducto N\u00e9stor Kirchner es la mayor obra energ\u00e9tica en 30 a\u00f1os","author":"GB","date":"10\/07\/2023","format":false,"excerpt":"Con la esperada foto de unidad, Cristina, Massa, Alberto y Rossi inauguraron la obra energ\u00e9tica m\u00e1s imponente e importante de las \u00faltimas d\u00e9cadas: el gasoducto presidente N\u00e9stor Kirchner. El presidente Alberto Fern\u00e1ndez, la vicepresidenta Cristina Fern\u00e1ndez de Kirchner y el ministro de Econom\u00eda y precandidato presidencial de Uni\u00f3n por la\u2026","rel":"","context":"En \u00abPol\u00edtica\u00bb","block_context":{"text":"Pol\u00edtica","link":"https:\/\/www.24baires.com\/?cat=51"},"img":{"alt_text":"","src":"https:\/\/i0.wp.com\/www.24baires.com\/wp-content\/uploads\/2023\/07\/gasoducto.jpeg?resize=350%2C200","width":350,"height":200,"srcset":"https:\/\/i0.wp.com\/www.24baires.com\/wp-content\/uploads\/2023\/07\/gasoducto.jpeg?resize=350%2C200 1x, https:\/\/i0.wp.com\/www.24baires.com\/wp-content\/uploads\/2023\/07\/gasoducto.jpeg?resize=525%2C300 1.5x, https:\/\/i0.wp.com\/www.24baires.com\/wp-content\/uploads\/2023\/07\/gasoducto.jpeg?resize=700%2C400 2x"},"classes":[]},{"id":120244,"url":"https:\/\/www.24baires.com\/?p=120244","url_meta":{"origin":120302,"position":3},"title":"El gasoducto N\u00e9stor Kirchner llega a la provincia de Buenos Aires","author":"AF","date":"03\/07\/2023","format":false,"excerpt":"Kicillof se prepara para ser el anfitri\u00f3n, el domingo que viene, 9 de julio, de un gran acto para celebrar en Salliquel\u00f3 el llenado del gasoducto que viene de Vaca Muerta y estrenar\u00e1 un tramo bonaerense. El 1852 Juan Bautista Alberdi acu\u00f1o aquella frase de \"Gobernar es poblar\". En esos\u2026","rel":"","context":"En \u00abSociedad\u00bb","block_context":{"text":"Sociedad","link":"https:\/\/www.24baires.com\/?cat=1"},"img":{"alt_text":"","src":"https:\/\/i0.wp.com\/www.24baires.com\/wp-content\/uploads\/2023\/07\/gasoducto.jpg?resize=350%2C200","width":350,"height":200,"srcset":"https:\/\/i0.wp.com\/www.24baires.com\/wp-content\/uploads\/2023\/07\/gasoducto.jpg?resize=350%2C200 1x, https:\/\/i0.wp.com\/www.24baires.com\/wp-content\/uploads\/2023\/07\/gasoducto.jpg?resize=525%2C300 1.5x, https:\/\/i0.wp.com\/www.24baires.com\/wp-content\/uploads\/2023\/07\/gasoducto.jpg?resize=700%2C400 2x"},"classes":[]},{"id":121380,"url":"https:\/\/www.24baires.com\/?p=121380","url_meta":{"origin":120302,"position":4},"title":"GNC: declaran situaci\u00f3n de \u00abpre emergencia\u00bb y anuncian cortes en industrias","author":"GB","date":"27\/05\/2024","format":false,"excerpt":"Ante la ola de fr\u00edo polar en el centro del pa\u00eds, el ente nacional que regula el suministro de gas proclam\u00f3 el estado de pre emergencia y anunci\u00f3 que continuar\u00e1n los cortes a estaciones de GNC y otras industrias para garantizar la demanda domiciliaria. El Gobierno nacional decidi\u00f3 avanzar con\u2026","rel":"","context":"En \u00abPol\u00edtica\u00bb","block_context":{"text":"Pol\u00edtica","link":"https:\/\/www.24baires.com\/?cat=51"},"img":{"alt_text":"","src":"https:\/\/i0.wp.com\/www.24baires.com\/wp-content\/uploads\/2024\/05\/gasoducto.webp?resize=350%2C200","width":350,"height":200,"srcset":"https:\/\/i0.wp.com\/www.24baires.com\/wp-content\/uploads\/2024\/05\/gasoducto.webp?resize=350%2C200 1x, https:\/\/i0.wp.com\/www.24baires.com\/wp-content\/uploads\/2024\/05\/gasoducto.webp?resize=525%2C300 1.5x, https:\/\/i0.wp.com\/www.24baires.com\/wp-content\/uploads\/2024\/05\/gasoducto.webp?resize=700%2C400 2x"},"classes":[]},{"id":65714,"url":"https:\/\/www.24baires.com\/?p=65714","url_meta":{"origin":120302,"position":5},"title":"Cumple once a\u00f1os el Plan Energ\u00e9tico Nacional","author":"AF","date":"11\/05\/2015","format":false,"excerpt":"Fue lanzado un d\u00eda como hoy pero hace once a\u00f1os por el presidente N\u00e9stor Kirchner. Entre sus obras se cuentan la finalizaci\u00f3n de las paralizadas Yacyret\u00e1 y Atucha II, que permitieron apuntalar el crecimiento de la econom\u00eda que pr\u00e1cticamente se duplic\u00f3 en ese per\u00edodo. El plan lanzado durante el mandato\u2026","rel":"","context":"En \u00abEconom\u00eda\u00bb","block_context":{"text":"Econom\u00eda","link":"https:\/\/www.24baires.com\/?cat=45"},"img":{"alt_text":"","src":"","width":0,"height":0},"classes":[]}],"jetpack_sharing_enabled":true,"jetpack_likes_enabled":true,"_links":{"self":[{"href":"https:\/\/www.24baires.com\/index.php?rest_route=\/wp\/v2\/posts\/120302","targetHints":{"allow":["GET"]}}],"collection":[{"href":"https:\/\/www.24baires.com\/index.php?rest_route=\/wp\/v2\/posts"}],"about":[{"href":"https:\/\/www.24baires.com\/index.php?rest_route=\/wp\/v2\/types\/post"}],"author":[{"embeddable":true,"href":"https:\/\/www.24baires.com\/index.php?rest_route=\/wp\/v2\/users\/4"}],"replies":[{"embeddable":true,"href":"https:\/\/www.24baires.com\/index.php?rest_route=%2Fwp%2Fv2%2Fcomments&post=120302"}],"version-history":[{"count":1,"href":"https:\/\/www.24baires.com\/index.php?rest_route=\/wp\/v2\/posts\/120302\/revisions"}],"predecessor-version":[{"id":120304,"href":"https:\/\/www.24baires.com\/index.php?rest_route=\/wp\/v2\/posts\/120302\/revisions\/120304"}],"wp:attachment":[{"href":"https:\/\/www.24baires.com\/index.php?rest_route=%2Fwp%2Fv2%2Fmedia&parent=120302"}],"wp:term":[{"taxonomy":"category","embeddable":true,"href":"https:\/\/www.24baires.com\/index.php?rest_route=%2Fwp%2Fv2%2Fcategories&post=120302"},{"taxonomy":"post_tag","embeddable":true,"href":"https:\/\/www.24baires.com\/index.php?rest_route=%2Fwp%2Fv2%2Ftags&post=120302"}],"curies":[{"name":"wp","href":"https:\/\/api.w.org\/{rel}","templated":true}]}}