{"id":120299,"date":"2023-07-20T19:35:21","date_gmt":"2023-07-20T22:35:21","guid":{"rendered":"http:\/\/www.24baires.com\/?p=120299"},"modified":"2023-07-20T19:35:21","modified_gmt":"2023-07-20T22:35:21","slug":"massa-volvio-a-hablar-con-georgieva-y-se-aceleran-las-negociaciones-con-el-fmi","status":"publish","type":"post","link":"https:\/\/www.24baires.com\/?p=120299","title":{"rendered":"Massa volvi\u00f3 a hablar con Georgieva y se aceleran las negociaciones con el FMI"},"content":{"rendered":"<p><img data-recalc-dims=\"1\" loading=\"lazy\" decoding=\"async\" class=\"aligncenter wp-image-120300\" src=\"https:\/\/i0.wp.com\/www.24baires.com\/wp-content\/uploads\/2023\/07\/massa.jpg?resize=720%2C405\" alt=\"\" width=\"720\" height=\"405\" srcset=\"https:\/\/i0.wp.com\/www.24baires.com\/wp-content\/uploads\/2023\/07\/massa.jpg?w=987&amp;ssl=1 987w, https:\/\/i0.wp.com\/www.24baires.com\/wp-content\/uploads\/2023\/07\/massa.jpg?resize=300%2C169&amp;ssl=1 300w, https:\/\/i0.wp.com\/www.24baires.com\/wp-content\/uploads\/2023\/07\/massa.jpg?resize=768%2C432&amp;ssl=1 768w\" sizes=\"auto, (max-width: 720px) 100vw, 720px\" \/>La conversaci\u00f3n entre el ministro de Econom\u00eda y la titular del Fondo se extendi\u00f3 durante una hora y luego, se sumaron dos nuevos funcionarios a la delegaci\u00f3n argentina. El precandidato debe definir si viaja a Washington para cerrar el entendimiento con el organismo. <!--more--><\/p>\n<p>El ministro de Econom\u00eda, Sergio Massa, volvi\u00f3 a hablar con la titular del FMI, Kristalina Georgieva, lo que deriv\u00f3 en que se aceleren las negociaciones para intentar llegar a un acuerdo t\u00e9cnico entre la Argentina y el organismo, seg\u00fan confirmaron este jueves a T\u00e9lam fuentes oficiales.<\/p>\n<p>Luego de la conversaci\u00f3n entre ambos, que se habr\u00eda prolongado por el lapso de una hora, se supo que Massa tom\u00f3 la decisi\u00f3n de sumar al equipo negociador que se encuentra desde el martes \u00faltimo en Washington a Leonardo Madcur, el jede de Asesores del Ministerio, y a Ra\u00fal Rigo, secretario de Hacienda.<\/p>\n<p>Tanto el Gobierno como el FMI est\u00e1n trabajando para cerrar el acuerdo t\u00e9cnico sobre el fin de semana.<\/p>\n<p>El funcionario argentino y precandidato presidencial por Uni\u00f3n por la Patria dialog\u00f3 tambi\u00e9n con altas fuentes del gobierno de Estados Unidos, en momentos cr\u00edticos donde se define la reformulac\u00f3n del programa, el eventual adelanto de desembolsos \u2013 se habla de alrededor de unos 8,500 millones de d\u00f3lares-, y los repagos del programa vigente, que fue suscripto en 2022.<\/p>\n<p>Si bien la idea inicial del Gobierno era cerrar un acuerdo esta semana, no se descarta que las mismas se extiendan \u00ablos pr\u00f3ximos d\u00edas\u00bb, seg\u00fan coment\u00f3 un vocero del FMI, las cuales podr\u00edan tener un cierre a principios de la pr\u00f3xima semana.<\/p>\n<p>En ese marco, el ministro Sergio Massa a\u00fan debe decidir si viaja \u2013 e interrumpe su campa\u00f1a- para terminar de cerrar el entendimiento con el organismo.<\/p>\n<p>El FMI public\u00f3 este mi\u00e9rcoles el Informe del Sector Externo del a\u00f1o 2022, que fue revisado por el directorio del organismo la semana pasada.<\/p>\n<p>En lo que respecta a la Argentina, el staff t\u00e9cnico del organismo multilateral advirti\u00f3 que las pol\u00edticas fiscales y monetarias son necesarias para asegurar los super\u00e1vit comerciales proyectados y mejorar la cobertura de reservas.<\/p>\n<p>En ese marco, dijeron que el pa\u00eds debe implementar una \u00abpol\u00edtica monetaria restrictiva y un r\u00e9gimen cambiario simplificado\u00bb.<\/p>\n<p>\u00abDada la escasez de reservas, las ventas de divisas (en el mercado oficial o paralelo) deben ser consistentes con las metas de acumulaci\u00f3n de reservas, teniendo en cuenta la variabilidad derivada de factores estacionales y episodios temporales de volatilidad excesiva\u00bb, agreg\u00f3 el organismo.<\/p>\n<p>En lo que respecta a las negociaciones en curso, uno de los puntos que m\u00e1s interesa a la Argentina pasa por el adelantamiento de fondos de parte del organismo multilateral, de manera de fortalecer las reservas afectadas por el impacto de la sequ\u00eda en las exportaciones del sector agropecuario.<\/p>\n<p>El monto que el FMI adelantar\u00eda rondar\u00eda los 8.500 millones de d\u00f3lares, seg\u00fan trascendidos.<\/p>\n<p>Los fondos pendientes del programa que la Argentina mantiene con el FMI para la segunda mitad del a\u00f1o suman en total 10.400 millones de d\u00f3lares aproximadamente.<\/p>\n<p>La Argentina solicit\u00f3 un adelanto parcial o total de los mismos, en medio del a\u00f1o electoral y por los efectos de la sequ\u00eda, que significaron una p\u00e9rdida para el pa\u00eds de alrededor de 20.000 millones de d\u00f3lares.<\/p>\n<p>El FMI confirm\u00f3 este mi\u00e9rcoles que \u00abel equipo del FMI y una delegaci\u00f3n argentina comenzaron las reuniones t\u00e9cnicas presenciales esta tarde en Washington D.C., para avanzar en la quinta revisi\u00f3n del programa respaldado por el Fondo\u00bb.<\/p>\n<p>\u00abSe espera que estas reuniones contin\u00faen durante los pr\u00f3ximos d\u00edas\u00bb, complet\u00f3 el organismo.<\/p>\n","protected":false},"excerpt":{"rendered":"<p>La conversaci\u00f3n entre el ministro de Econom\u00eda y la titular del Fondo se extendi\u00f3 durante una hora y luego, se sumaron dos nuevos funcionarios a la delegaci\u00f3n argentina. El precandidato debe definir si viaja a Washington para cerrar el entendimiento con el organismo.<\/p>\n","protected":false},"author":4,"featured_media":0,"comment_status":"closed","ping_status":"closed","sticky":false,"template":"","format":"standard","meta":{"_jetpack_newsletter_access":"","_jetpack_dont_email_post_to_subs":false,"_jetpack_newsletter_tier_id":0,"_jetpack_memberships_contains_paywalled_content":false,"_jetpack_memberships_contains_paid_content":false,"footnotes":""},"categories":[45,51],"tags":[],"class_list":["post-120299","post","type-post","status-publish","format-standard","hentry","category-economia","category-politica"],"jetpack_featured_media_url":"","jetpack_shortlink":"https:\/\/wp.me\/p2JWE0-vij","jetpack-related-posts":[{"id":119435,"url":"https:\/\/www.24baires.com\/?p=119435","url_meta":{"origin":120299,"position":0},"title":"Massa avanz\u00f3 con las negociaciones por la deuda de 2400 millones","author":"AF","date":"13\/10\/2022","format":false,"excerpt":"Se reuni\u00f3 con Moulin, secretario del organismo. Preparan viaje a Francia para lograr la r\u00fabrica a fines de este mes. La cena con el G20 y los dichos de Georgieva. El ministro de Econom\u00eda, Sergio Massa, avanz\u00f3 en las \u00faltimas horas en las negociaciones con el Club de Par\u00eds, durante\u2026","rel":"","context":"En \u00abEconom\u00eda\u00bb","block_context":{"text":"Econom\u00eda","link":"https:\/\/www.24baires.com\/?cat=45"},"img":{"alt_text":"","src":"https:\/\/i0.wp.com\/www.24baires.com\/wp-content\/uploads\/2022\/09\/massa..jpg?resize=350%2C200","width":350,"height":200,"srcset":"https:\/\/i0.wp.com\/www.24baires.com\/wp-content\/uploads\/2022\/09\/massa..jpg?resize=350%2C200 1x, https:\/\/i0.wp.com\/www.24baires.com\/wp-content\/uploads\/2022\/09\/massa..jpg?resize=525%2C300 1.5x, https:\/\/i0.wp.com\/www.24baires.com\/wp-content\/uploads\/2022\/09\/massa..jpg?resize=700%2C400 2x"},"classes":[]},{"id":119325,"url":"https:\/\/www.24baires.com\/?p=119325","url_meta":{"origin":120299,"position":1},"title":"Massa asegur\u00f3 que en los \u00abpr\u00f3ximos d\u00edas\u00bb estar\u00e1 lista la segunda revisi\u00f3n del FMI","author":"AF","date":"12\/09\/2022","format":false,"excerpt":"As\u00ed lo precis\u00f3 el Ministro de Econom\u00eda en una rueda de prensa que ofreci\u00f3 en la sede de la Embajada Argentina en Washington, tras su encuentro con Kristalina Georgieva. El ministro de Econom\u00eda, Sergio Massa, afirm\u00f3 que en los \"pr\u00f3ximos d\u00edas\" estar\u00e1 finalizada la segunda revisi\u00f3n del acuerdo acuerdo alcanzado\u2026","rel":"","context":"En \u00abEconom\u00eda\u00bb","block_context":{"text":"Econom\u00eda","link":"https:\/\/www.24baires.com\/?cat=45"},"img":{"alt_text":"","src":"https:\/\/i0.wp.com\/www.24baires.com\/wp-content\/uploads\/2022\/09\/631f941e6cf2d_900.jpg?resize=350%2C200","width":350,"height":200,"srcset":"https:\/\/i0.wp.com\/www.24baires.com\/wp-content\/uploads\/2022\/09\/631f941e6cf2d_900.jpg?resize=350%2C200 1x, https:\/\/i0.wp.com\/www.24baires.com\/wp-content\/uploads\/2022\/09\/631f941e6cf2d_900.jpg?resize=525%2C300 1.5x, https:\/\/i0.wp.com\/www.24baires.com\/wp-content\/uploads\/2022\/09\/631f941e6cf2d_900.jpg?resize=700%2C400 2x"},"classes":[]},{"id":117347,"url":"https:\/\/www.24baires.com\/?p=117347","url_meta":{"origin":120299,"position":2},"title":"Mart\u00edn Guzm\u00e1n se reuni\u00f3 durante dos horas con Kristalina Georgieva","author":"AF","date":"23\/03\/2021","format":false,"excerpt":"El ministro de Econom\u00eda y la titular del FMI mantuvieron un encuentro en Washington. Argentina y el FMI alcanzaron un \"di\u00e1logo estrecho\" que continuar\u00e1, en el marco de las negociaciones entre el pa\u00eds y el organismo para lograr un nuevo acuerdo, afirm\u00f3 esta tarde la directora Gerente del FMI. Kristalina\u2026","rel":"","context":"En \u00abEconom\u00eda\u00bb","block_context":{"text":"Econom\u00eda","link":"https:\/\/www.24baires.com\/?cat=45"},"img":{"alt_text":"","src":"https:\/\/i0.wp.com\/www.24baires.com\/wp-content\/uploads\/2020\/05\/guzman-1.jpg?resize=350%2C200","width":350,"height":200,"srcset":"https:\/\/i0.wp.com\/www.24baires.com\/wp-content\/uploads\/2020\/05\/guzman-1.jpg?resize=350%2C200 1x, https:\/\/i0.wp.com\/www.24baires.com\/wp-content\/uploads\/2020\/05\/guzman-1.jpg?resize=525%2C300 1.5x"},"classes":[]},{"id":119132,"url":"https:\/\/www.24baires.com\/?p=119132","url_meta":{"origin":120299,"position":3},"title":"Batakis y Georgieva se reunir\u00e1n en Washington","author":"AF","date":"22\/07\/2022","format":false,"excerpt":"La ministra de Econom\u00eda tambi\u00e9n se reunir\u00e1 con altos funcionarios del Tesoro de los Estados Unidos y con ejecutivos del Banco Mundial. La ministra de Econom\u00eda, Silvina Batakis, ser\u00e1 recibida el lunes pr\u00f3ximo en Washington por la directora Gerente del Fondo Monetario Internacional (FMI), Kristalina Georgieva, adelantaron fuentes oficiales. El\u2026","rel":"","context":"En \u00abEconom\u00eda\u00bb","block_context":{"text":"Econom\u00eda","link":"https:\/\/www.24baires.com\/?cat=45"},"img":{"alt_text":"","src":"https:\/\/i0.wp.com\/www.24baires.com\/wp-content\/uploads\/2016\/04\/fmi.jpg?resize=350%2C200","width":350,"height":200,"srcset":"https:\/\/i0.wp.com\/www.24baires.com\/wp-content\/uploads\/2016\/04\/fmi.jpg?resize=350%2C200 1x, https:\/\/i0.wp.com\/www.24baires.com\/wp-content\/uploads\/2016\/04\/fmi.jpg?resize=525%2C300 1.5x, https:\/\/i0.wp.com\/www.24baires.com\/wp-content\/uploads\/2016\/04\/fmi.jpg?resize=700%2C400 2x"},"classes":[]},{"id":119545,"url":"https:\/\/www.24baires.com\/?p=119545","url_meta":{"origin":120299,"position":4},"title":"La titular del FMI respald\u00f3 el rumbo econ\u00f3mico de Argentina","author":"GB","date":"16\/11\/2022","format":false,"excerpt":"Kristalina Georgieva mantuvo una reuni\u00f3n con Alberto Fern\u00e1ndez en la cumbre del G20. La revisi\u00f3n de sobrecargos y el precio de la guerra en agenda. presidente de la Naci\u00f3n, Alberto Fern\u00e1ndez, cerr\u00f3 su participaci\u00f3n en la cumbre del G20 reuni\u00e9ndose con la titular del Fondo Monetario Internacional (FMI), Kristalina Georgieva.\u2026","rel":"","context":"En \u00abEconom\u00eda\u00bb","block_context":{"text":"Econom\u00eda","link":"https:\/\/www.24baires.com\/?cat=45"},"img":{"alt_text":"","src":"https:\/\/i0.wp.com\/www.24baires.com\/wp-content\/uploads\/2022\/11\/reunion-fmijpg.jpg?resize=350%2C200","width":350,"height":200,"srcset":"https:\/\/i0.wp.com\/www.24baires.com\/wp-content\/uploads\/2022\/11\/reunion-fmijpg.jpg?resize=350%2C200 1x, https:\/\/i0.wp.com\/www.24baires.com\/wp-content\/uploads\/2022\/11\/reunion-fmijpg.jpg?resize=525%2C300 1.5x, https:\/\/i0.wp.com\/www.24baires.com\/wp-content\/uploads\/2022\/11\/reunion-fmijpg.jpg?resize=700%2C400 2x"},"classes":[]},{"id":120291,"url":"https:\/\/www.24baires.com\/?p=120291","url_meta":{"origin":120299,"position":5},"title":"Cristina: \u201cEl FMI se tiene que hacer cargo de los desmanejos de la directora anterior\u201d","author":"AF","date":"17\/07\/2023","format":false,"excerpt":"En el acto por los 15 a\u00f1os de estatizaci\u00f3n de Aerol\u00edneas Argentinas que comparti\u00f3 con el ministro y precandidato presidencial Sergio Massa, la vicepresidenta Cristina Fern\u00e1ndez de Kirchner inst\u00f3 a la conducci\u00f3n del Fondo Monetario Internacional a \u201chacerse cargo del desmanejo que tuvo la anterior directora\u201d, en referencia a Christine\u2026","rel":"","context":"En \u00abPol\u00edtica\u00bb","block_context":{"text":"Pol\u00edtica","link":"https:\/\/www.24baires.com\/?cat=51"},"img":{"alt_text":"","src":"https:\/\/i0.wp.com\/www.24baires.com\/wp-content\/uploads\/2023\/07\/WhatsApp-Image-2023-07-17-at-23.04.06.jpeg?resize=350%2C200","width":350,"height":200,"srcset":"https:\/\/i0.wp.com\/www.24baires.com\/wp-content\/uploads\/2023\/07\/WhatsApp-Image-2023-07-17-at-23.04.06.jpeg?resize=350%2C200 1x, https:\/\/i0.wp.com\/www.24baires.com\/wp-content\/uploads\/2023\/07\/WhatsApp-Image-2023-07-17-at-23.04.06.jpeg?resize=525%2C300 1.5x, https:\/\/i0.wp.com\/www.24baires.com\/wp-content\/uploads\/2023\/07\/WhatsApp-Image-2023-07-17-at-23.04.06.jpeg?resize=700%2C400 2x"},"classes":[]}],"jetpack_sharing_enabled":true,"jetpack_likes_enabled":true,"_links":{"self":[{"href":"https:\/\/www.24baires.com\/index.php?rest_route=\/wp\/v2\/posts\/120299","targetHints":{"allow":["GET"]}}],"collection":[{"href":"https:\/\/www.24baires.com\/index.php?rest_route=\/wp\/v2\/posts"}],"about":[{"href":"https:\/\/www.24baires.com\/index.php?rest_route=\/wp\/v2\/types\/post"}],"author":[{"embeddable":true,"href":"https:\/\/www.24baires.com\/index.php?rest_route=\/wp\/v2\/users\/4"}],"replies":[{"embeddable":true,"href":"https:\/\/www.24baires.com\/index.php?rest_route=%2Fwp%2Fv2%2Fcomments&post=120299"}],"version-history":[{"count":1,"href":"https:\/\/www.24baires.com\/index.php?rest_route=\/wp\/v2\/posts\/120299\/revisions"}],"predecessor-version":[{"id":120301,"href":"https:\/\/www.24baires.com\/index.php?rest_route=\/wp\/v2\/posts\/120299\/revisions\/120301"}],"wp:attachment":[{"href":"https:\/\/www.24baires.com\/index.php?rest_route=%2Fwp%2Fv2%2Fmedia&parent=120299"}],"wp:term":[{"taxonomy":"category","embeddable":true,"href":"https:\/\/www.24baires.com\/index.php?rest_route=%2Fwp%2Fv2%2Fcategories&post=120299"},{"taxonomy":"post_tag","embeddable":true,"href":"https:\/\/www.24baires.com\/index.php?rest_route=%2Fwp%2Fv2%2Ftags&post=120299"}],"curies":[{"name":"wp","href":"https:\/\/api.w.org\/{rel}","templated":true}]}}