{"id":120294,"date":"2023-07-18T20:26:07","date_gmt":"2023-07-18T23:26:07","guid":{"rendered":"http:\/\/www.24baires.com\/?p=120294"},"modified":"2023-07-18T20:26:07","modified_gmt":"2023-07-18T23:26:07","slug":"argentina-inicio-las-negociaciones-con-el-fmi-para-cerrar-el-acuerdo","status":"publish","type":"post","link":"https:\/\/www.24baires.com\/?p=120294","title":{"rendered":"Argentina inici\u00f3 las negociaciones con el FMI para cerrar el acuerdo"},"content":{"rendered":"<p><img data-recalc-dims=\"1\" loading=\"lazy\" decoding=\"async\" class=\"aligncenter wp-image-120239\" src=\"https:\/\/i0.wp.com\/www.24baires.com\/wp-content\/uploads\/2023\/06\/fmi.jpeg?resize=720%2C480\" alt=\"\" width=\"720\" height=\"480\" srcset=\"https:\/\/i0.wp.com\/www.24baires.com\/wp-content\/uploads\/2023\/06\/fmi.jpeg?w=960&amp;ssl=1 960w, https:\/\/i0.wp.com\/www.24baires.com\/wp-content\/uploads\/2023\/06\/fmi.jpeg?resize=300%2C200&amp;ssl=1 300w, https:\/\/i0.wp.com\/www.24baires.com\/wp-content\/uploads\/2023\/06\/fmi.jpeg?resize=768%2C512&amp;ssl=1 768w\" sizes=\"auto, (max-width: 720px) 100vw, 720px\" \/>Funcionarios del Ministerio de Econom\u00eda ya iniciaron las reuniones con el equipo t\u00e9cnico del Fondo Monetario Internacional para acordar los detalles finales del entendimiento. Massa viajar\u00eda esta semana. <!--more--><\/p>\n<p>El secretario de Pol\u00edtica Econ\u00f3mica, Gabriel Rubinstein; el jefe de asesores del Ministerio de Econom\u00eda, Leonardo Madcur; y el vicepresidente del Banco Central, Lisandro Cleri, comenzaron ayer en Washington las negociaciones con el staff t\u00e9cnico del FMI para cerrar los detalles finales del acuerdo con el organismo.<\/p>\n<p>Este mi\u00e9rcoles se sumar\u00e1 el secretario de Hacienda, Ra\u00fal Rigo, a la delegaci\u00f3n del Palacio de Hacienda que ya se encuentra en la capital de EEUU, con el objetivo de pulir el entendimiento.<\/p>\n<p>\u00abEl equipo del FMI y una delegaci\u00f3n argentina comenzaron las reuniones t\u00e9cnicas presenciales esta tarde en Washington D.C., para avanzar en la quinta revisi\u00f3n del programa respaldado por el Fondo. Se espera que estas reuniones contin\u00faen durante los pr\u00f3ximos d\u00edas\u00bb, sostuvo el vocero a trav\u00e9s de un mensaje a la prensa.<\/p>\n<p>Respecto a los puntos de la negociaci\u00f3n, el portavoz se limit\u00f3 a acotar que \u00abcomunicaremos m\u00e1s detalles a su debido tiempo\u00bb.<\/p>\n<p>Si las negociaciones avanzan exitosamente se presume que en los pr\u00f3ximos d\u00edas viajar\u00eda el propio ministro de Econom\u00eda, Sergio Massa, para terminar de rubricar el acuerdo el viernes.<\/p>\n<p>De cara a este objetivo, ayer el titular del Palacio de Hacienda mantuvo contactos por zoom con funcionarios de Alemania y de EEUU.<\/p>\n<p>La primera reuni\u00f3n por zoom fue con J\u00f6rg Kukies, secretario de Estado de la Canciller\u00eda Federal Alemania.<\/p>\n<p>En tanto, en horas del mediod\u00eda, el contacto fue con Myke Pyle, Asesor Econ\u00f3mico Internacional del Consejo Nacional de Seguridad de EEUU.<\/p>\n<p>Uno de los puntos en los que se centra la negociaci\u00f3n es el adelantamiento de fondos de parte del organismo multilateral, de manera de fortalecer las reservas afectadas por el impacto de la sequ\u00eda en las exportaciones del sector agropecuario.<\/p>\n<p>El monto que el FMI adelantar\u00eda rondar\u00eda los 8.500 millones de d\u00f3lares, seg\u00fan trascendidos.<\/p>\n<p>Los fondos pendientes del programa que la Argentina mantiene con el FMI para la segunda mitad del a\u00f1o suman en total 10.400 millones de d\u00f3lares.<\/p>\n<p>Argentina hab\u00eda solicitado un adelanto parcial o total de los mismos, en medio del a\u00f1o electoral y por los efectos de la sequ\u00eda, que significaron una p\u00e9rdida para el pa\u00eds de alrededor de 20.000 millones de d\u00f3lares.<\/p>\n<p>Desde Econom\u00eda sostienen que el respaldo pol\u00edtico de los Estados Unidos ha sido clave para que se vayan puliendo detalles y se aproxime el acuerdo final.<\/p>\n<p>El jefe del Palacio de Hacienda hab\u00eda se\u00f1alado d\u00edas atr\u00e1s que la Argentina \u00abest\u00e1 muy cerca\u00bb de acordar con el FMI, al tiempo que remarc\u00f3 que ese entendimiento se iba a lograr \u00abdefendiendo una idea de pa\u00eds de desarrollo con inclusi\u00f3n, sin resignar la capacidad soberana y sin rendirse al altar del ajuste fiscal\u00bb.<\/p>\n<p>\u00abNegociar con el Fondo -resalt\u00f3 Massa-, requiere una mirada propositiva, tener convicci\u00f3n respecto de que la Argentina es un pa\u00eds con obligaciones que cumple, pero un pa\u00eds soberano. La determinaci\u00f3n de saber qu\u00e9 se defiende a la hora de negociar y la convicci\u00f3n de saber c\u00f3mo se fijan prioridades\u00bb.<\/p>\n","protected":false},"excerpt":{"rendered":"<p>Funcionarios del Ministerio de Econom\u00eda ya iniciaron las reuniones con el equipo t\u00e9cnico del Fondo Monetario Internacional para acordar los detalles finales del entendimiento. Massa viajar\u00eda esta semana.<\/p>\n","protected":false},"author":4,"featured_media":0,"comment_status":"closed","ping_status":"closed","sticky":false,"template":"","format":"standard","meta":{"_jetpack_newsletter_access":"","_jetpack_dont_email_post_to_subs":false,"_jetpack_newsletter_tier_id":0,"_jetpack_memberships_contains_paywalled_content":false,"_jetpack_memberships_contains_paid_content":false,"footnotes":""},"categories":[45],"tags":[],"class_list":["post-120294","post","type-post","status-publish","format-standard","hentry","category-economia"],"jetpack_featured_media_url":"","jetpack_shortlink":"https:\/\/wp.me\/p2JWE0-vie","jetpack-related-posts":[{"id":120299,"url":"https:\/\/www.24baires.com\/?p=120299","url_meta":{"origin":120294,"position":0},"title":"Massa volvi\u00f3 a hablar con Georgieva y se aceleran las negociaciones con el FMI","author":"AF","date":"20\/07\/2023","format":false,"excerpt":"La conversaci\u00f3n entre el ministro de Econom\u00eda y la titular del Fondo se extendi\u00f3 durante una hora y luego, se sumaron dos nuevos funcionarios a la delegaci\u00f3n argentina. El precandidato debe definir si viaja a Washington para cerrar el entendimiento con el organismo. El ministro de Econom\u00eda, Sergio Massa, volvi\u00f3\u2026","rel":"","context":"En \u00abEconom\u00eda\u00bb","block_context":{"text":"Econom\u00eda","link":"https:\/\/www.24baires.com\/?cat=45"},"img":{"alt_text":"","src":"https:\/\/i0.wp.com\/www.24baires.com\/wp-content\/uploads\/2023\/07\/massa.jpg?resize=350%2C200","width":350,"height":200,"srcset":"https:\/\/i0.wp.com\/www.24baires.com\/wp-content\/uploads\/2023\/07\/massa.jpg?resize=350%2C200 1x, https:\/\/i0.wp.com\/www.24baires.com\/wp-content\/uploads\/2023\/07\/massa.jpg?resize=525%2C300 1.5x, https:\/\/i0.wp.com\/www.24baires.com\/wp-content\/uploads\/2023\/07\/massa.jpg?resize=700%2C400 2x"},"classes":[]},{"id":120179,"url":"https:\/\/www.24baires.com\/?p=120179","url_meta":{"origin":120294,"position":1},"title":"Massa contin\u00faa la negociaci\u00f3n con el FMI con el eje en el \u00abda\u00f1o\u00bb por la sequ\u00eda","author":"AF","date":"13\/06\/2023","format":false,"excerpt":"En un acto en la f\u00e1brica automotriz Ford en Pacheco el ministro cont\u00f3 que lac conversaciones con el organismo de cr\u00e9dito se desarrollan de modo virtual y luego ir\u00e1 una misi\u00f3n a Washington para cerrar el acuerdo. El ministro de Econom\u00eda, Sergio Massa, confirm\u00f3 este martes que contin\u00faan las negociaciones\u2026","rel":"","context":"En \u00abEconom\u00eda\u00bb","block_context":{"text":"Econom\u00eda","link":"https:\/\/www.24baires.com\/?cat=45"},"img":{"alt_text":"","src":"https:\/\/i0.wp.com\/www.24baires.com\/wp-content\/uploads\/2023\/05\/massa-scaled.jpg?resize=350%2C200","width":350,"height":200,"srcset":"https:\/\/i0.wp.com\/www.24baires.com\/wp-content\/uploads\/2023\/05\/massa-scaled.jpg?resize=350%2C200 1x, https:\/\/i0.wp.com\/www.24baires.com\/wp-content\/uploads\/2023\/05\/massa-scaled.jpg?resize=525%2C300 1.5x, https:\/\/i0.wp.com\/www.24baires.com\/wp-content\/uploads\/2023\/05\/massa-scaled.jpg?resize=700%2C400 2x"},"classes":[]},{"id":104486,"url":"https:\/\/www.24baires.com\/?p=104486","url_meta":{"origin":120294,"position":2},"title":"El FMI demora el env\u00edo de 3 mil millones de d\u00f3lares","author":"AF","date":"14\/09\/2018","format":false,"excerpt":"Desde el ministerio de Hacienda admitieron el FMI fren\u00f3 el nuevo desembolso hasta tanto se cierra el nuevo acuerdo cuya letra chica se sigue negociando. El gobierno de Mauricio Macri y los t\u00e9cnicos del Fondo Monetario Internacional (FMI) negocian un adelantamiento de los recursos totales del entendimiento sellado en junio\u2026","rel":"","context":"En \u00abEconom\u00eda\u00bb","block_context":{"text":"Econom\u00eda","link":"https:\/\/www.24baires.com\/?cat=45"},"img":{"alt_text":"","src":"https:\/\/i0.wp.com\/www.24baires.com\/wp-content\/uploads\/2018\/08\/dujunve-fmi.jpg?resize=350%2C200","width":350,"height":200,"srcset":"https:\/\/i0.wp.com\/www.24baires.com\/wp-content\/uploads\/2018\/08\/dujunve-fmi.jpg?resize=350%2C200 1x, https:\/\/i0.wp.com\/www.24baires.com\/wp-content\/uploads\/2018\/08\/dujunve-fmi.jpg?resize=525%2C300 1.5x"},"classes":[]},{"id":119435,"url":"https:\/\/www.24baires.com\/?p=119435","url_meta":{"origin":120294,"position":3},"title":"Massa avanz\u00f3 con las negociaciones por la deuda de 2400 millones","author":"AF","date":"13\/10\/2022","format":false,"excerpt":"Se reuni\u00f3 con Moulin, secretario del organismo. Preparan viaje a Francia para lograr la r\u00fabrica a fines de este mes. La cena con el G20 y los dichos de Georgieva. El ministro de Econom\u00eda, Sergio Massa, avanz\u00f3 en las \u00faltimas horas en las negociaciones con el Club de Par\u00eds, durante\u2026","rel":"","context":"En \u00abEconom\u00eda\u00bb","block_context":{"text":"Econom\u00eda","link":"https:\/\/www.24baires.com\/?cat=45"},"img":{"alt_text":"","src":"https:\/\/i0.wp.com\/www.24baires.com\/wp-content\/uploads\/2022\/09\/massa..jpg?resize=350%2C200","width":350,"height":200,"srcset":"https:\/\/i0.wp.com\/www.24baires.com\/wp-content\/uploads\/2022\/09\/massa..jpg?resize=350%2C200 1x, https:\/\/i0.wp.com\/www.24baires.com\/wp-content\/uploads\/2022\/09\/massa..jpg?resize=525%2C300 1.5x, https:\/\/i0.wp.com\/www.24baires.com\/wp-content\/uploads\/2022\/09\/massa..jpg?resize=700%2C400 2x"},"classes":[]},{"id":119419,"url":"https:\/\/www.24baires.com\/?p=119419","url_meta":{"origin":120294,"position":4},"title":"Massa viajar\u00e1 a la Asamblea del FMI y a la cumbre del G20","author":"AF","date":"05\/10\/2022","format":false,"excerpt":"El ministro de Econom\u00eda arribar\u00eda a la capital de Estados Unidos el pr\u00f3ximo mi\u00e9rcoles, con la posibilidad de que la segunda revisi\u00f3n del programa con el FMI sea aprobada por el Directorio del organismo. El ministro de Econom\u00eda, Sergio Massa, viajar\u00e1 a Washington la pr\u00f3xima semana para participar de la\u2026","rel":"","context":"En \u00abPol\u00edtica\u00bb","block_context":{"text":"Pol\u00edtica","link":"https:\/\/www.24baires.com\/?cat=51"},"img":{"alt_text":"","src":"https:\/\/i0.wp.com\/www.24baires.com\/wp-content\/uploads\/2022\/10\/massa.jpg?resize=350%2C200","width":350,"height":200,"srcset":"https:\/\/i0.wp.com\/www.24baires.com\/wp-content\/uploads\/2022\/10\/massa.jpg?resize=350%2C200 1x, https:\/\/i0.wp.com\/www.24baires.com\/wp-content\/uploads\/2022\/10\/massa.jpg?resize=525%2C300 1.5x, https:\/\/i0.wp.com\/www.24baires.com\/wp-content\/uploads\/2022\/10\/massa.jpg?resize=700%2C400 2x"},"classes":[]},{"id":120291,"url":"https:\/\/www.24baires.com\/?p=120291","url_meta":{"origin":120294,"position":5},"title":"Cristina: \u201cEl FMI se tiene que hacer cargo de los desmanejos de la directora anterior\u201d","author":"AF","date":"17\/07\/2023","format":false,"excerpt":"En el acto por los 15 a\u00f1os de estatizaci\u00f3n de Aerol\u00edneas Argentinas que comparti\u00f3 con el ministro y precandidato presidencial Sergio Massa, la vicepresidenta Cristina Fern\u00e1ndez de Kirchner inst\u00f3 a la conducci\u00f3n del Fondo Monetario Internacional a \u201chacerse cargo del desmanejo que tuvo la anterior directora\u201d, en referencia a Christine\u2026","rel":"","context":"En \u00abPol\u00edtica\u00bb","block_context":{"text":"Pol\u00edtica","link":"https:\/\/www.24baires.com\/?cat=51"},"img":{"alt_text":"","src":"https:\/\/i0.wp.com\/www.24baires.com\/wp-content\/uploads\/2023\/07\/WhatsApp-Image-2023-07-17-at-23.04.06.jpeg?resize=350%2C200","width":350,"height":200,"srcset":"https:\/\/i0.wp.com\/www.24baires.com\/wp-content\/uploads\/2023\/07\/WhatsApp-Image-2023-07-17-at-23.04.06.jpeg?resize=350%2C200 1x, https:\/\/i0.wp.com\/www.24baires.com\/wp-content\/uploads\/2023\/07\/WhatsApp-Image-2023-07-17-at-23.04.06.jpeg?resize=525%2C300 1.5x, https:\/\/i0.wp.com\/www.24baires.com\/wp-content\/uploads\/2023\/07\/WhatsApp-Image-2023-07-17-at-23.04.06.jpeg?resize=700%2C400 2x"},"classes":[]}],"jetpack_sharing_enabled":true,"jetpack_likes_enabled":true,"_links":{"self":[{"href":"https:\/\/www.24baires.com\/index.php?rest_route=\/wp\/v2\/posts\/120294","targetHints":{"allow":["GET"]}}],"collection":[{"href":"https:\/\/www.24baires.com\/index.php?rest_route=\/wp\/v2\/posts"}],"about":[{"href":"https:\/\/www.24baires.com\/index.php?rest_route=\/wp\/v2\/types\/post"}],"author":[{"embeddable":true,"href":"https:\/\/www.24baires.com\/index.php?rest_route=\/wp\/v2\/users\/4"}],"replies":[{"embeddable":true,"href":"https:\/\/www.24baires.com\/index.php?rest_route=%2Fwp%2Fv2%2Fcomments&post=120294"}],"version-history":[{"count":1,"href":"https:\/\/www.24baires.com\/index.php?rest_route=\/wp\/v2\/posts\/120294\/revisions"}],"predecessor-version":[{"id":120295,"href":"https:\/\/www.24baires.com\/index.php?rest_route=\/wp\/v2\/posts\/120294\/revisions\/120295"}],"wp:attachment":[{"href":"https:\/\/www.24baires.com\/index.php?rest_route=%2Fwp%2Fv2%2Fmedia&parent=120294"}],"wp:term":[{"taxonomy":"category","embeddable":true,"href":"https:\/\/www.24baires.com\/index.php?rest_route=%2Fwp%2Fv2%2Fcategories&post=120294"},{"taxonomy":"post_tag","embeddable":true,"href":"https:\/\/www.24baires.com\/index.php?rest_route=%2Fwp%2Fv2%2Ftags&post=120294"}],"curies":[{"name":"wp","href":"https:\/\/api.w.org\/{rel}","templated":true}]}}