{"id":120283,"date":"2023-07-13T20:20:14","date_gmt":"2023-07-13T23:20:14","guid":{"rendered":"http:\/\/www.24baires.com\/?p=120283"},"modified":"2023-07-13T20:20:14","modified_gmt":"2023-07-13T23:20:14","slug":"el-salario-minimo-vital-y-movil-aumentara-un-34-en-tres-tramos","status":"publish","type":"post","link":"https:\/\/www.24baires.com\/?p=120283","title":{"rendered":"El Salario M\u00ednimo Vital y M\u00f3vil aumentar\u00e1 un 34% en tres tramos"},"content":{"rendered":"<p><img data-recalc-dims=\"1\" loading=\"lazy\" decoding=\"async\" class=\"aligncenter wp-image-119856\" src=\"https:\/\/i0.wp.com\/www.24baires.com\/wp-content\/uploads\/2023\/03\/industriajpg.jpg?resize=720%2C479\" alt=\"\" width=\"720\" height=\"479\" srcset=\"https:\/\/i0.wp.com\/www.24baires.com\/wp-content\/uploads\/2023\/03\/industriajpg.jpg?w=887&amp;ssl=1 887w, https:\/\/i0.wp.com\/www.24baires.com\/wp-content\/uploads\/2023\/03\/industriajpg.jpg?resize=300%2C200&amp;ssl=1 300w, https:\/\/i0.wp.com\/www.24baires.com\/wp-content\/uploads\/2023\/03\/industriajpg.jpg?resize=768%2C511&amp;ssl=1 768w\" sizes=\"auto, (max-width: 720px) 100vw, 720px\" \/>El Consejo del Salario aprob\u00f3 por mayor\u00eda un aumento del salario m\u00ednimo del 34% en tres tramos (julio a septiembre), lo que elevar\u00e1 ese ingreso a 105.500 pesos este mes, a 112.500 en agosto y a 118.000 pesos en septiembre, lo que fue rechazado por la CTA Aut\u00f3noma, en tanto la CTA de Hugo Yasky se abstuvo en la votaci\u00f3n.<!--more--><\/p>\n<p>El incremento del ingreso m\u00ednimo fue aprobado sobre la base de los valores vigentes a junio \u00faltimo, de 87.987 pesos. Cabe destacar que, en el \u00faltimo a\u00f1o, el salario m\u00ednimo tuvo una reducci\u00f3n de m\u00e1s de 20 puntos en t\u00e9rminos reales (era 45.540 en junio de 2022)<\/p>\n<p>\u00abEn el gobierno del Frente de Todos, el SMVM es sin\u00f3nimo de p\u00e9rdida de su poder adquisitivo y de insuficiencia para garantizar condiciones adecuadas de reproducci\u00f3n de la fuerza laboral\u00bb, asegura con dureza el documento \u00abHacia la convocatoria del Consejo del Salario\u00bb que elabor\u00f3 el Instituto de Estudios y Formaci\u00f3n de la CTA-Aut\u00f3noma.<\/p>\n<p>De acuerdo a la CTAA el SMVM acumula una ca\u00edda del 7,5 por ciento en relaci\u00f3n a diciembre de 2022 y, si se compara con diciembre de 2019 es decir con la situaci\u00f3n que dej\u00f3 el gobierno de Cambiemos, la ca\u00edda del poder adquisitivo del SMVM es del 18 por ciento. Si se retrocede a\u00fan m\u00e1s en el tiempo, y se lo compara con la situaci\u00f3n a diciembre 2015, es decir con el nivel en que lo dej\u00f3 el \u00faltimo gobierno de Cristina Fern\u00e1ndez de Kirchner, la ca\u00edda del SMVM es del 55 por ciento.<\/p>\n","protected":false},"excerpt":{"rendered":"<p>El Consejo del Salario aprob\u00f3 por mayor\u00eda un aumento del salario m\u00ednimo del 34% en tres tramos (julio a septiembre), lo que elevar\u00e1 ese ingreso a 105.500 pesos este mes, a 112.500 en agosto y a 118.000 pesos en septiembre, lo que fue rechazado por la CTA Aut\u00f3noma, en tanto la CTA de Hugo Yasky se abstuvo en la votaci\u00f3n.<\/p>\n","protected":false},"author":4,"featured_media":0,"comment_status":"closed","ping_status":"closed","sticky":false,"template":"","format":"standard","meta":{"_jetpack_newsletter_access":"","_jetpack_dont_email_post_to_subs":false,"_jetpack_newsletter_tier_id":0,"_jetpack_memberships_contains_paywalled_content":false,"_jetpack_memberships_contains_paid_content":false,"footnotes":""},"categories":[1],"tags":[],"class_list":["post-120283","post","type-post","status-publish","format-standard","hentry","category-sociedad"],"jetpack_featured_media_url":"","jetpack_shortlink":"https:\/\/wp.me\/p2JWE0-vi3","jetpack-related-posts":[{"id":119569,"url":"https:\/\/www.24baires.com\/?p=119569","url_meta":{"origin":120283,"position":0},"title":"Acordaron un aumento del 20% del salario m\u00ednimo en cuatro tramos","author":"AF","date":"22\/11\/2022","format":false,"excerpt":"La CGT, la CTA y las c\u00e1maras empresarias acordaron en el Consejo del Salario que la suba se abonar\u00e1 un 7 por ciento en diciembre, un 6 en enero, un 4 en febrero y otro 3 en marzo de 2023. La CGT, la CTA y las c\u00e1maras empresarias acordaron en\u2026","rel":"","context":"En \u00abSociedad\u00bb","block_context":{"text":"Sociedad","link":"https:\/\/www.24baires.com\/?cat=1"},"img":{"alt_text":"","src":"https:\/\/i0.wp.com\/www.24baires.com\/wp-content\/uploads\/2022\/11\/ministerio-trabajo.jpg?resize=350%2C200","width":350,"height":200,"srcset":"https:\/\/i0.wp.com\/www.24baires.com\/wp-content\/uploads\/2022\/11\/ministerio-trabajo.jpg?resize=350%2C200 1x, https:\/\/i0.wp.com\/www.24baires.com\/wp-content\/uploads\/2022\/11\/ministerio-trabajo.jpg?resize=525%2C300 1.5x, https:\/\/i0.wp.com\/www.24baires.com\/wp-content\/uploads\/2022\/11\/ministerio-trabajo.jpg?resize=700%2C400 2x"},"classes":[]},{"id":120503,"url":"https:\/\/www.24baires.com\/?p=120503","url_meta":{"origin":120283,"position":1},"title":"Salario m\u00ednimo: aprobaron un aumento del 32,2%","author":"AF","date":"27\/09\/2023","format":false,"excerpt":"Los representantes de los trabajadores y las c\u00e1maras empresarias alcanzaron un acuerdo en la Comisi\u00f3n del Salario M\u00ednimo, Vital y M\u00f3vil para el trimestre octubre-diciembre, que elevar\u00e1 la base de los ingresos m\u00ednimos, actualmente en 118 mil pesos. Sindicalistas de la CGT y de la CTA de los Trabajadores y\u2026","rel":"","context":"En \u00abSociedad\u00bb","block_context":{"text":"Sociedad","link":"https:\/\/www.24baires.com\/?cat=1"},"img":{"alt_text":"","src":"https:\/\/i0.wp.com\/www.24baires.com\/wp-content\/uploads\/2023\/03\/industriajpg.jpg?resize=350%2C200","width":350,"height":200,"srcset":"https:\/\/i0.wp.com\/www.24baires.com\/wp-content\/uploads\/2023\/03\/industriajpg.jpg?resize=350%2C200 1x, https:\/\/i0.wp.com\/www.24baires.com\/wp-content\/uploads\/2023\/03\/industriajpg.jpg?resize=525%2C300 1.5x, https:\/\/i0.wp.com\/www.24baires.com\/wp-content\/uploads\/2023\/03\/industriajpg.jpg?resize=700%2C400 2x"},"classes":[]},{"id":119923,"url":"https:\/\/www.24baires.com\/?p=119923","url_meta":{"origin":120283,"position":2},"title":"El Consejo del Salario defini\u00f3 actualizar el m\u00ednimo a 88 mil pesos para junio","author":"AF","date":"21\/03\/2023","format":false,"excerpt":"Con disidencias de las dos CTA, el Consejo dispuso un aumento de 26,5 por ciento en tres tramos en abril, mayo y junio y revisi\u00f3n de los valores en julio. En la reuni\u00f3n que inaugura el periodo anual de abril de 2023 a marzo de 2024 del Consejo del Salario\u2026","rel":"","context":"En \u00abSociedad\u00bb","block_context":{"text":"Sociedad","link":"https:\/\/www.24baires.com\/?cat=1"},"img":{"alt_text":"","src":"https:\/\/i0.wp.com\/www.24baires.com\/wp-content\/uploads\/2023\/03\/consejo-salario.jpeg?resize=350%2C200","width":350,"height":200,"srcset":"https:\/\/i0.wp.com\/www.24baires.com\/wp-content\/uploads\/2023\/03\/consejo-salario.jpeg?resize=350%2C200 1x, https:\/\/i0.wp.com\/www.24baires.com\/wp-content\/uploads\/2023\/03\/consejo-salario.jpeg?resize=525%2C300 1.5x, https:\/\/i0.wp.com\/www.24baires.com\/wp-content\/uploads\/2023\/03\/consejo-salario.jpeg?resize=700%2C400 2x"},"classes":[]},{"id":120249,"url":"https:\/\/www.24baires.com\/?p=120249","url_meta":{"origin":120283,"position":3},"title":"El 13 de julio se re\u00fane el Consejo del Salario para actualizar el monto m\u00ednimo","author":"AF","date":"04\/07\/2023","format":false,"excerpt":"La ministra Kelly Olmos llam\u00f3 a una reuni\u00f3n del Consejo Nacional del Empleo, la Productividad y el Salario para debatir una actualizaci\u00f3n del haber m\u00ednimo. El Ministerio de Trabajo que encabeza Raquel Olmos convoc\u00f3 para el 13 de julio pr\u00f3ximo a sindicalistas y empresarios a discutir una nueva actualizaci\u00f3n del\u2026","rel":"","context":"En \u00abSociedad\u00bb","block_context":{"text":"Sociedad","link":"https:\/\/www.24baires.com\/?cat=1"},"img":{"alt_text":"","src":"https:\/\/i0.wp.com\/www.24baires.com\/wp-content\/uploads\/2023\/01\/kelly-olmos.jpeg?resize=350%2C200","width":350,"height":200,"srcset":"https:\/\/i0.wp.com\/www.24baires.com\/wp-content\/uploads\/2023\/01\/kelly-olmos.jpeg?resize=350%2C200 1x, https:\/\/i0.wp.com\/www.24baires.com\/wp-content\/uploads\/2023\/01\/kelly-olmos.jpeg?resize=525%2C300 1.5x, https:\/\/i0.wp.com\/www.24baires.com\/wp-content\/uploads\/2023\/01\/kelly-olmos.jpeg?resize=700%2C400 2x"},"classes":[]},{"id":116462,"url":"https:\/\/www.24baires.com\/?p=116462","url_meta":{"origin":120283,"position":4},"title":"Se vuelve a reunir el Consejo Nacional del Salario","author":"GB","date":"14\/10\/2020","format":false,"excerpt":"La \u00faltima actualizaci\u00f3n fue en agosto de 2019 cuando se aument\u00f3 en tres cuotas consecutivas el monto del salario m\u00ednimo fij\u00e1ndolo desde octubre del a\u00f1o pasado en $16.875 El ministro de Trabajo, Claudio Moroni, encabezar\u00e1 esta tarde la reuni\u00f3n del Consejo Nacional del Salario, en el que la CGT y\u2026","rel":"","context":"En \u00abEconom\u00eda\u00bb","block_context":{"text":"Econom\u00eda","link":"https:\/\/www.24baires.com\/?cat=45"},"img":{"alt_text":"","src":"https:\/\/i0.wp.com\/www.24baires.com\/wp-content\/uploads\/2020\/10\/0037498969-300x225.jpg?resize=350%2C200","width":350,"height":200},"classes":[]},{"id":116471,"url":"https:\/\/www.24baires.com\/?p=116471","url_meta":{"origin":120283,"position":5},"title":"Se acord\u00f3 un aumento de 28% para salario m\u00ednimo, vital y m\u00f3vil","author":"AF","date":"14\/10\/2020","format":false,"excerpt":"Los ajustes ser\u00e1n de 12% en octubre, 10% en diciembre y 6% en marzo. La CGT pidi\u00f3 que se vuelva a reunir el plenario en abril 2021, luego del \u00faltimo aumento programado. El Consejo del Empleo, la Productividad y el Salario M\u00ednimo, Vital y M\u00f3vil fij\u00f3 un aumento de 28%\u2026","rel":"","context":"En \u00abSociedad\u00bb","block_context":{"text":"Sociedad","link":"https:\/\/www.24baires.com\/?cat=1"},"img":{"alt_text":"","src":"https:\/\/i0.wp.com\/www.24baires.com\/wp-content\/uploads\/2018\/11\/industria.jpg?resize=350%2C200","width":350,"height":200,"srcset":"https:\/\/i0.wp.com\/www.24baires.com\/wp-content\/uploads\/2018\/11\/industria.jpg?resize=350%2C200 1x, https:\/\/i0.wp.com\/www.24baires.com\/wp-content\/uploads\/2018\/11\/industria.jpg?resize=525%2C300 1.5x"},"classes":[]}],"jetpack_sharing_enabled":true,"jetpack_likes_enabled":true,"_links":{"self":[{"href":"https:\/\/www.24baires.com\/index.php?rest_route=\/wp\/v2\/posts\/120283","targetHints":{"allow":["GET"]}}],"collection":[{"href":"https:\/\/www.24baires.com\/index.php?rest_route=\/wp\/v2\/posts"}],"about":[{"href":"https:\/\/www.24baires.com\/index.php?rest_route=\/wp\/v2\/types\/post"}],"author":[{"embeddable":true,"href":"https:\/\/www.24baires.com\/index.php?rest_route=\/wp\/v2\/users\/4"}],"replies":[{"embeddable":true,"href":"https:\/\/www.24baires.com\/index.php?rest_route=%2Fwp%2Fv2%2Fcomments&post=120283"}],"version-history":[{"count":1,"href":"https:\/\/www.24baires.com\/index.php?rest_route=\/wp\/v2\/posts\/120283\/revisions"}],"predecessor-version":[{"id":120284,"href":"https:\/\/www.24baires.com\/index.php?rest_route=\/wp\/v2\/posts\/120283\/revisions\/120284"}],"wp:attachment":[{"href":"https:\/\/www.24baires.com\/index.php?rest_route=%2Fwp%2Fv2%2Fmedia&parent=120283"}],"wp:term":[{"taxonomy":"category","embeddable":true,"href":"https:\/\/www.24baires.com\/index.php?rest_route=%2Fwp%2Fv2%2Fcategories&post=120283"},{"taxonomy":"post_tag","embeddable":true,"href":"https:\/\/www.24baires.com\/index.php?rest_route=%2Fwp%2Fv2%2Ftags&post=120283"}],"curies":[{"name":"wp","href":"https:\/\/api.w.org\/{rel}","templated":true}]}}