{"id":120277,"date":"2023-07-12T22:49:36","date_gmt":"2023-07-13T01:49:36","guid":{"rendered":"http:\/\/www.24baires.com\/?p=120277"},"modified":"2023-07-12T22:49:36","modified_gmt":"2023-07-13T01:49:36","slug":"aumentan-las-becas-progresar-seran-de-20-000-desde-agosto","status":"publish","type":"post","link":"https:\/\/www.24baires.com\/?p=120277","title":{"rendered":"Aumentan las Becas Progresar: ser\u00e1n de $20.000 desde agosto"},"content":{"rendered":"<p><img data-recalc-dims=\"1\" loading=\"lazy\" decoding=\"async\" class=\"aligncenter wp-image-120278\" src=\"https:\/\/i0.wp.com\/www.24baires.com\/wp-content\/uploads\/2023\/07\/WhatsApp-Image-2023-07-12-at-22.47.40.jpeg?resize=720%2C540\" alt=\"\" width=\"720\" height=\"540\" srcset=\"https:\/\/i0.wp.com\/www.24baires.com\/wp-content\/uploads\/2023\/07\/WhatsApp-Image-2023-07-12-at-22.47.40.jpeg?w=540&amp;ssl=1 540w, https:\/\/i0.wp.com\/www.24baires.com\/wp-content\/uploads\/2023\/07\/WhatsApp-Image-2023-07-12-at-22.47.40.jpeg?resize=300%2C225&amp;ssl=1 300w\" sizes=\"auto, (max-width: 720px) 100vw, 720px\" \/>El ministro de Econom\u00eda y precandidato presidencial de Uni\u00f3n por la Patria (UxP) record\u00f3 que las becas benefician a un total de 1,7 millones de j\u00f3venes de distintos niveles educativos.<!--more--><\/p>\n<p>El ministro de Econom\u00eda, Sergio Massa, anunci\u00f3 este mi\u00e9rcoles que a partir del mes que viene el monto de las Becas Progresar para estudiantes aumentar\u00e1 de $13 mil a $20 mil, lo que representa un incremento superior al 50%.<\/p>\n<p>As\u00ed lo anticip\u00f3 Massa esta tarde en el Palacio de Hacienda acompa\u00f1ado por el ministro de Educaci\u00f3n, Jaime Perczyk, tras recordar que esas becas son cobradas por un total de 1,7 millones de j\u00f3venes de distintos niveles educativos.<\/p>\n<p>\u00abEn un pa\u00eds en el que todo el tiempo nos hablan de gasto en la educaci\u00f3n, nos quieren meter en la cabeza que las becas son subsidios\u00bb, lament\u00f3 el funcionario.<\/p>\n<p>Sin embargo, aclar\u00f3 Massa, \u00abla educaci\u00f3n incluye, genera igualdad de oportunidades, permiten construir capital humano o, desde el vista social, generar igualdad de oportunidades\u00bb.<\/p>\n<p>El ministro de Econom\u00eda record\u00f3 que hay dos programas de becas: el Belgrano que tiene que ver con carreras espec\u00edficas, y el Progresar, que alcanza actualmente a 500 mil chicos de cuarto y quinto a\u00f1o de la secundaria y 1,2 mill\u00f3n de universitarios.<\/p>\n<p>\u00abNo nos puede pasar que por falta de plata alg\u00fan chico pierda el acceso a la educaci\u00f3n\u00bb, enfatiz\u00f3, al tiempo que asegur\u00f3 que \u00abtenemos que defender el sistema educativo, la inclusi\u00f3n, para generar movilidad social ascendente\u00bb,<\/p>\n<p>Como conclusi\u00f3n, pidi\u00f3 \u00abconstruir conciencia que la plata mejor invertida de un pa\u00eds es la destinada a la educaci\u00f3n de las futuras generaciones\u201d.<\/p>\n<p>Previamente, Perczyk record\u00f3 que \u00abel gobierno anterior comenz\u00f3 con 900 mil becas y lo dej\u00f3 cuatro a\u00f1os despu\u00e9s con 550 mil, y que adem\u00e1s, en lugar de 12 meses se pagaban 10 meses\u00bb.<\/p>\n<p>\u00abLa beca es muy importante para garantizar el derecho a la educaci\u00f3n; hoy tenemos 1,7 millones de becas; la hemos ampliado y aumentado\u00bb, complet\u00f3.<\/p>\n","protected":false},"excerpt":{"rendered":"<p>El ministro de Econom\u00eda y precandidato presidencial de Uni\u00f3n por la Patria (UxP) record\u00f3 que las becas benefician a un total de 1,7 millones de j\u00f3venes de distintos niveles educativos.<\/p>\n","protected":false},"author":4,"featured_media":0,"comment_status":"closed","ping_status":"closed","sticky":false,"template":"","format":"standard","meta":{"_jetpack_newsletter_access":"","_jetpack_dont_email_post_to_subs":false,"_jetpack_newsletter_tier_id":0,"_jetpack_memberships_contains_paywalled_content":false,"_jetpack_memberships_contains_paid_content":false,"footnotes":""},"categories":[1],"tags":[],"class_list":["post-120277","post","type-post","status-publish","format-standard","hentry","category-sociedad"],"jetpack_featured_media_url":"","jetpack_shortlink":"https:\/\/wp.me\/p2JWE0-vhX","jetpack-related-posts":[{"id":106702,"url":"https:\/\/www.24baires.com\/?p=106702","url_meta":{"origin":120277,"position":0},"title":"M\u00e1s ajuste en educaci\u00f3n: Finocchiaro congel\u00f3 el Progresar a pesar de la inflaci\u00f3n","author":"GB","date":"06\/02\/2019","format":false,"excerpt":"Finocchiaro, el titular de Educaci\u00f3n, que anunci\u00f3 que \"hay consenso fuerte para que sea quien represente la voz de las personas que viven\" en el municipio m\u00e1s populoso de la Provincia. Para debutar con el traje de candidato a intendente, su cartera reconoci\u00f3 que en todo 2019 los montos de\u2026","rel":"","context":"En \u00abEducaci\u00f3n\u00bb","block_context":{"text":"Educaci\u00f3n","link":"https:\/\/www.24baires.com\/?cat=327"},"img":{"alt_text":"","src":"https:\/\/i0.wp.com\/www.24baires.com\/wp-content\/uploads\/2019\/02\/finocchiaro-macri-vidal.jpg?resize=350%2C200","width":350,"height":200,"srcset":"https:\/\/i0.wp.com\/www.24baires.com\/wp-content\/uploads\/2019\/02\/finocchiaro-macri-vidal.jpg?resize=350%2C200 1x, https:\/\/i0.wp.com\/www.24baires.com\/wp-content\/uploads\/2019\/02\/finocchiaro-macri-vidal.jpg?resize=525%2C300 1.5x"},"classes":[]},{"id":72692,"url":"https:\/\/www.24baires.com\/?p=72692","url_meta":{"origin":120277,"position":1},"title":"Cristina: \u00abEsto no fue magia, fue m\u00e1gico\u00bb","author":"GB","date":"25\/09\/2015","format":false,"excerpt":"La Presidenta inaugur\u00f3 obras de remodelaci\u00f3n en la Facultad de Odontolog\u00eda junto al candidato a vicepresidente por el FpV, Carlos Zannini, el ministro de Educaci\u00f3n, Alberto Sileoni y el de Econom\u00eda, Axel Kicillof. \"Los que egresamos de la universidad p\u00fablica tenemos una deuda con el pueblo\", asegur\u00f3. La presidenta Cristina\u2026","rel":"","context":"En \u00abPol\u00edtica\u00bb","block_context":{"text":"Pol\u00edtica","link":"https:\/\/www.24baires.com\/?cat=51"},"img":{"alt_text":"cristina uba","src":"https:\/\/i0.wp.com\/www.24baires.com\/wp-content\/uploads\/2015\/09\/cristina-uba.jpg?resize=350%2C200","width":350,"height":200,"srcset":"https:\/\/i0.wp.com\/www.24baires.com\/wp-content\/uploads\/2015\/09\/cristina-uba.jpg?resize=350%2C200 1x, https:\/\/i0.wp.com\/www.24baires.com\/wp-content\/uploads\/2015\/09\/cristina-uba.jpg?resize=525%2C300 1.5x"},"classes":[]},{"id":116248,"url":"https:\/\/www.24baires.com\/?p=116248","url_meta":{"origin":120277,"position":2},"title":"Las becas para j\u00f3venes bonaerenses tendr\u00e1n un aumento","author":"GB","date":"16\/09\/2020","format":false,"excerpt":"El Gobierno bonaerense anunci\u00f3 aumento en el monto de las becas de Envi\u00f3n, Centros Juveniles y Casas de Abrigo y Hogares Convivenciales. En el marco del D\u00eda Nacional de la Juventud por la conmemoraci\u00f3n de la Noche de los L\u00e1pices, el Gobierno bonaerense anunci\u00f3 aumentos en los montos de las\u2026","rel":"","context":"En \u00abProvincia\u00bb","block_context":{"text":"Provincia","link":"https:\/\/www.24baires.com\/?cat=40"},"img":{"alt_text":"","src":"https:\/\/i0.wp.com\/www.24baires.com\/wp-content\/uploads\/2019\/09\/gobernacion.jpg?resize=350%2C200","width":350,"height":200,"srcset":"https:\/\/i0.wp.com\/www.24baires.com\/wp-content\/uploads\/2019\/09\/gobernacion.jpg?resize=350%2C200 1x, https:\/\/i0.wp.com\/www.24baires.com\/wp-content\/uploads\/2019\/09\/gobernacion.jpg?resize=525%2C300 1.5x"},"classes":[]},{"id":100266,"url":"https:\/\/www.24baires.com\/?p=100266","url_meta":{"origin":120277,"position":3},"title":"El Gobierno anunci\u00f3 cambios en el plan Progresar","author":"GB","date":"31\/01\/2018","format":false,"excerpt":"El Gobierno relanz\u00f3 hoy el programa de becas educativas Progresar, que tendr\u00e1 mayores incentivos econ\u00f3micos pero tambi\u00e9n m\u00e1s exigencia acad\u00e9mica para los beneficiarios y buscar\u00e1 alentar la elecci\u00f3n de carreras \"estrat\u00e9gicas\" para el desarrollo de cada provincia. La ayuda implicar\u00e1 un presupuesto total de 10 mil millones de pesos y\u2026","rel":"","context":"En \u00abSociedad\u00bb","block_context":{"text":"Sociedad","link":"https:\/\/www.24baires.com\/?cat=1"},"img":{"alt_text":"","src":"https:\/\/i0.wp.com\/www.24baires.com\/wp-content\/uploads\/2014\/05\/progresar.jpg?resize=350%2C200","width":350,"height":200,"srcset":"https:\/\/i0.wp.com\/www.24baires.com\/wp-content\/uploads\/2014\/05\/progresar.jpg?resize=350%2C200 1x, https:\/\/i0.wp.com\/www.24baires.com\/wp-content\/uploads\/2014\/05\/progresar.jpg?resize=525%2C300 1.5x"},"classes":[]},{"id":117523,"url":"https:\/\/www.24baires.com\/?p=117523","url_meta":{"origin":120277,"position":4},"title":"Extienden el plazo de inscripci\u00f3n para acceder a las Becas Progresar 2021","author":"GB","date":"05\/05\/2021","format":false,"excerpt":"El monto que reciben los estudiantes va de los $3.600 hasta $9.000 por mes, durante los 12 meses del a\u00f1o. Depende la carrera que se cursa y el a\u00f1o en el que est\u00e9. El ministro de Educaci\u00f3n de la Naci\u00f3n, Nicol\u00e1s Trotta, comunic\u00f3 que la fecha de inscripci\u00f3n para las\u2026","rel":"","context":"En \u00abSociedad\u00bb","block_context":{"text":"Sociedad","link":"https:\/\/www.24baires.com\/?cat=1"},"img":{"alt_text":"","src":"https:\/\/i0.wp.com\/www.24baires.com\/wp-content\/uploads\/2020\/06\/nicolas-trotta.jpg?resize=350%2C200","width":350,"height":200,"srcset":"https:\/\/i0.wp.com\/www.24baires.com\/wp-content\/uploads\/2020\/06\/nicolas-trotta.jpg?resize=350%2C200 1x, https:\/\/i0.wp.com\/www.24baires.com\/wp-content\/uploads\/2020\/06\/nicolas-trotta.jpg?resize=525%2C300 1.5x"},"classes":[]},{"id":91139,"url":"https:\/\/www.24baires.com\/?p=91139","url_meta":{"origin":120277,"position":5},"title":"El Conicet otorgar\u00e1 2.796 becas en el 2017 y beneficiar\u00e1 a m\u00e1s de 11 mil cient\u00edficos","author":"AF","date":"28\/12\/2016","format":false,"excerpt":"En un comunicado, se inform\u00f3 que \u201cel Directorio del Consejo Nacional de Investigaciones Cient\u00edficas y T\u00e9cnicas (Conicet), en su reuni\u00f3n de los d\u00edas 14 y 15 de diciembre de 2016, ha resuelto otorgar 2.796 becas correspondientes a la Convocatoria 2016\u201d. El Conicet public\u00f3 el listado de los cient\u00edficos que accedieron\u2026","rel":"","context":"En \u00abSociedad\u00bb","block_context":{"text":"Sociedad","link":"https:\/\/www.24baires.com\/?cat=1"},"img":{"alt_text":"","src":"https:\/\/i0.wp.com\/www.24baires.com\/wp-content\/uploads\/2016\/12\/toma-conicet.jpg?resize=350%2C200","width":350,"height":200,"srcset":"https:\/\/i0.wp.com\/www.24baires.com\/wp-content\/uploads\/2016\/12\/toma-conicet.jpg?resize=350%2C200 1x, https:\/\/i0.wp.com\/www.24baires.com\/wp-content\/uploads\/2016\/12\/toma-conicet.jpg?resize=525%2C300 1.5x"},"classes":[]}],"jetpack_sharing_enabled":true,"jetpack_likes_enabled":true,"_links":{"self":[{"href":"https:\/\/www.24baires.com\/index.php?rest_route=\/wp\/v2\/posts\/120277","targetHints":{"allow":["GET"]}}],"collection":[{"href":"https:\/\/www.24baires.com\/index.php?rest_route=\/wp\/v2\/posts"}],"about":[{"href":"https:\/\/www.24baires.com\/index.php?rest_route=\/wp\/v2\/types\/post"}],"author":[{"embeddable":true,"href":"https:\/\/www.24baires.com\/index.php?rest_route=\/wp\/v2\/users\/4"}],"replies":[{"embeddable":true,"href":"https:\/\/www.24baires.com\/index.php?rest_route=%2Fwp%2Fv2%2Fcomments&post=120277"}],"version-history":[{"count":1,"href":"https:\/\/www.24baires.com\/index.php?rest_route=\/wp\/v2\/posts\/120277\/revisions"}],"predecessor-version":[{"id":120279,"href":"https:\/\/www.24baires.com\/index.php?rest_route=\/wp\/v2\/posts\/120277\/revisions\/120279"}],"wp:attachment":[{"href":"https:\/\/www.24baires.com\/index.php?rest_route=%2Fwp%2Fv2%2Fmedia&parent=120277"}],"wp:term":[{"taxonomy":"category","embeddable":true,"href":"https:\/\/www.24baires.com\/index.php?rest_route=%2Fwp%2Fv2%2Fcategories&post=120277"},{"taxonomy":"post_tag","embeddable":true,"href":"https:\/\/www.24baires.com\/index.php?rest_route=%2Fwp%2Fv2%2Ftags&post=120277"}],"curies":[{"name":"wp","href":"https:\/\/api.w.org\/{rel}","templated":true}]}}