{"id":120274,"date":"2023-07-11T19:40:21","date_gmt":"2023-07-11T22:40:21","guid":{"rendered":"http:\/\/www.24baires.com\/?p=120274"},"modified":"2023-07-11T19:40:21","modified_gmt":"2023-07-11T22:40:21","slug":"massa-y-raverta-anunciaron-nuevos-creditos-de-hasta-400-mil-para-jubilados-y-pensionados","status":"publish","type":"post","link":"https:\/\/www.24baires.com\/?p=120274","title":{"rendered":"Massa y Raverta anunciaron nuevos cr\u00e9ditos de hasta $400 mil para jubilados y pensionados"},"content":{"rendered":"<p><img data-recalc-dims=\"1\" loading=\"lazy\" decoding=\"async\" src=\"https:\/\/i0.wp.com\/www.24baires.com\/wp-content\/uploads\/2023\/07\/WhatsApp-Image-2023-07-11-at-19.38.56.jpeg?resize=860%2C484\" alt=\"\" width=\"860\" height=\"484\" class=\"aligncenter size-full wp-image-120275\" srcset=\"https:\/\/i0.wp.com\/www.24baires.com\/wp-content\/uploads\/2023\/07\/WhatsApp-Image-2023-07-11-at-19.38.56.jpeg?w=987&amp;ssl=1 987w, https:\/\/i0.wp.com\/www.24baires.com\/wp-content\/uploads\/2023\/07\/WhatsApp-Image-2023-07-11-at-19.38.56.jpeg?resize=300%2C169&amp;ssl=1 300w, https:\/\/i0.wp.com\/www.24baires.com\/wp-content\/uploads\/2023\/07\/WhatsApp-Image-2023-07-11-at-19.38.56.jpeg?resize=768%2C432&amp;ssl=1 768w\" sizes=\"auto, (max-width: 860px) 100vw, 860px\" \/>El ministro de Econom\u00eda y la directora ejecutiva de Anses anunciaron nuevos cr\u00e9ditos de ese organismo de hasta $ 400.000 para jubilados y pensionados, con una Tasa Nominal Actual del 29%, la m\u00e1s baja del mercado. En todas las prestaciones se mantiene la posibilidad de seleccionar la devoluci\u00f3n en 24, 36 o 48 cuotas.<br \/>\n<!--more--><\/p>\n<p>Tal como lo adelant\u00f3 ayer, el ministro de Econom\u00eda y precandidato presidencial de Uni\u00f3n por la Patria (UxP), Sergio Massa, anunci\u00f3 este martes junto a la titular del Anses, Fernanda Raverta, un nuevo beneficio para jubilados, pensionados y beneficiarios de planes sociales.<\/p>\n<p>El beneficio consiste en un cr\u00e9dito de hasta 400.000 pesos en 48 cuotas con tasa fija del 29 por ciento anual para jubilados y pensionados, explic\u00f3 Raverta. <\/p>\n<p>Para aquellas personas que posean pensi\u00f3n no contributiva o PUAM, el cr\u00e9dito ser\u00e1 de hasta 150.000 pesos, aclar\u00f3 la funcionaria. <\/p>\n<p>A este beneficio se podr\u00e1 acceder presencialmente con un turno, por lo que Anses trabajar\u00e1 de lunes a s\u00e1bados.<\/p>\n<p>La propuesta de Massa para cuidar el mercado interno<br \/>\nEl \u00absentido econ\u00f3mico\u00bb de esta medida, explic\u00f3 a su turno el ministro de Econom\u00eda, \u00abes cuidar el mercado interno\u00bb porque \u00abel jubilado no hace contado con liquidaci\u00f3n, no compra d\u00f3lar futuro, ni se timbea en acciones, el jubilado consume y mueve el mercado interno, cuando compra un regalo, cuando va al supermercado, cuando arregla su casa\u00bb.<\/p>\n<p>\u00abCuando en marzo decidimos rehacer la cartera del fondo de garant\u00eda y sustentabilidad aparecieron cr\u00edticas, denuncias, dijeron que la Anses iba a perder plata, y despu\u00e9s vino un dictamen de la UBA que demostr\u00f3 todo lo contrario, que en el cambio de cartera el fondo de garant\u00eda y sustentabilidad iba a ganar plata\u00bb, se\u00f1al\u00f3 Massa sobre el origen del cr\u00e9dito.<\/p>\n<p>Tal como indicaba la UBA, el organismo sali\u00f3 beneficiado. \u00abYo les quiero contar que en el 2019 el fondo val\u00eda 35.000 millones de d\u00f3lares, hoy vale 60.000 millones y eso es un respaldo que tiene el sistema para tratar de proteger y cuidar a nuestros jubilados\u00bb, celebr\u00f3 el ministro, quien detall\u00f3 que parte de lo que gan\u00f3 la Anses &#8211;50.000 millones de pesos&#8211; se asign\u00f3 a este programa de cr\u00e9dito de \u00abhasta 400.000 pesos por mes para los 7 millones y medio de jubilados y pensionados de la Argentina\u00bb.<\/p>\n<p>El cr\u00e9dito se podr\u00e1 pagar \u00abhasta en 48 cuotas con tasa fija al 29 por ciento anual\u00bb, una tasa subsidiada por el Estado para garantizar que el jubilado al consumir \u00able gane a la inflaci\u00f3n, que es la otra gran tarea que tenemos por delante\u00bb, remarc\u00f3 Massa, que subray\u00f3 que este cr\u00e9dito permite tambi\u00e9n, junto al programa Pre Viaje, que los jubilados puedan disfrutar en mayor medida del turismo. <\/p>\n<p>Fuente: P\u00e1gina 12<\/p>\n","protected":false},"excerpt":{"rendered":"<p>El ministro de Econom\u00eda y la directora ejecutiva de Anses anunciaron nuevos cr\u00e9ditos de ese organismo de hasta $ 400.000 para jubilados y pensionados, con una Tasa Nominal Actual del 29%, la m\u00e1s baja del mercado. En todas las prestaciones se mantiene la posibilidad de seleccionar la devoluci\u00f3n en 24, 36 o 48 cuotas.<\/p>\n","protected":false},"author":4,"featured_media":0,"comment_status":"closed","ping_status":"closed","sticky":false,"template":"","format":"standard","meta":{"_jetpack_newsletter_access":"","_jetpack_dont_email_post_to_subs":false,"_jetpack_newsletter_tier_id":0,"_jetpack_memberships_contains_paywalled_content":false,"_jetpack_memberships_contains_paid_content":false,"footnotes":""},"categories":[1],"tags":[],"class_list":["post-120274","post","type-post","status-publish","format-standard","hentry","category-sociedad"],"jetpack_featured_media_url":"","jetpack_shortlink":"https:\/\/wp.me\/p2JWE0-vhU","jetpack-related-posts":[{"id":120085,"url":"https:\/\/www.24baires.com\/?p=120085","url_meta":{"origin":120274,"position":0},"title":"Las jubilaciones aumentar\u00e1n 20,92% en junio y habr\u00e1 tres refuerzos mensuales","author":"AF","date":"10\/05\/2023","format":false,"excerpt":"Lo anunciaron el ministro de Econom\u00eda, Sergio Massa, y la titular de ANSES, Fernanda Raverta. La m\u00ednima pasar\u00e1 de $58.665 a $70.938. Para los haberes m\u00e1s bajos, habr\u00e1 adicionales de $15 mil, $17 mil y $20 mil entre junio y agosto. Las jubilaciones y pensiones subir\u00e1n 20,92% a partir de\u2026","rel":"","context":"En \u00abSociedad\u00bb","block_context":{"text":"Sociedad","link":"https:\/\/www.24baires.com\/?cat=1"},"img":{"alt_text":"","src":"https:\/\/i0.wp.com\/www.24baires.com\/wp-content\/uploads\/2023\/05\/massa-raverta.jpg?resize=350%2C200","width":350,"height":200,"srcset":"https:\/\/i0.wp.com\/www.24baires.com\/wp-content\/uploads\/2023\/05\/massa-raverta.jpg?resize=350%2C200 1x, https:\/\/i0.wp.com\/www.24baires.com\/wp-content\/uploads\/2023\/05\/massa-raverta.jpg?resize=525%2C300 1.5x, https:\/\/i0.wp.com\/www.24baires.com\/wp-content\/uploads\/2023\/05\/massa-raverta.jpg?resize=700%2C400 2x"},"classes":[]},{"id":120469,"url":"https:\/\/www.24baires.com\/?p=120469","url_meta":{"origin":120274,"position":1},"title":"Massa anunci\u00f3 la devoluci\u00f3n del IVA para monotributistas, jubilados y trabajadores","author":"GB","date":"14\/09\/2023","format":false,"excerpt":"El ministro de Econom\u00eda, Sergio Massa, anunci\u00f3 nuevas medidas econ\u00f3micas que beneficiar\u00e1n a monotributistas, jubilados y trabajadores que no pagan Ganancias. Luego de conocerse la inflaci\u00f3n de agosto, el ministro de Econom\u00eda de la Naci\u00f3n y candidato a la presidencia por Uni\u00f3n por la Patria, Sergio Massa, anunci\u00f3 una serie\u2026","rel":"","context":"En \u00abEconom\u00eda\u00bb","block_context":{"text":"Econom\u00eda","link":"https:\/\/www.24baires.com\/?cat=45"},"img":{"alt_text":"","src":"https:\/\/i0.wp.com\/www.24baires.com\/wp-content\/uploads\/2023\/08\/massa.webp?resize=350%2C200","width":350,"height":200,"srcset":"https:\/\/i0.wp.com\/www.24baires.com\/wp-content\/uploads\/2023\/08\/massa.webp?resize=350%2C200 1x, https:\/\/i0.wp.com\/www.24baires.com\/wp-content\/uploads\/2023\/08\/massa.webp?resize=525%2C300 1.5x, https:\/\/i0.wp.com\/www.24baires.com\/wp-content\/uploads\/2023\/08\/massa.webp?resize=700%2C400 2x"},"classes":[]},{"id":120821,"url":"https:\/\/www.24baires.com\/?p=120821","url_meta":{"origin":120274,"position":2},"title":"El Gobierno suspendi\u00f3 los cr\u00e9ditos a jubilados","author":"GB","date":"02\/01\/2024","format":false,"excerpt":"El Gobierno Nacional tom\u00f3 la decisi\u00f3n de suspender los cr\u00e9ditos destinados a jubilados y trabajadores que otorgaba la ANSES. A trav\u00e9s de una resoluci\u00f3n publicada en el bolet\u00edn oficial, el Gobierno nacional decidi\u00f3 suspender los cr\u00e9ditos que otorgaba la Administraci\u00f3n Nacional de la Seguridad Social (ANSES) a trabajadores y jubilados\u2026","rel":"","context":"En \u00abPol\u00edtica\u00bb","block_context":{"text":"Pol\u00edtica","link":"https:\/\/www.24baires.com\/?cat=51"},"img":{"alt_text":"","src":"https:\/\/i0.wp.com\/www.24baires.com\/wp-content\/uploads\/2018\/12\/anses.jpg?resize=350%2C200","width":350,"height":200,"srcset":"https:\/\/i0.wp.com\/www.24baires.com\/wp-content\/uploads\/2018\/12\/anses.jpg?resize=350%2C200 1x, https:\/\/i0.wp.com\/www.24baires.com\/wp-content\/uploads\/2018\/12\/anses.jpg?resize=525%2C300 1.5x, https:\/\/i0.wp.com\/www.24baires.com\/wp-content\/uploads\/2018\/12\/anses.jpg?resize=700%2C400 2x"},"classes":[]},{"id":120614,"url":"https:\/\/www.24baires.com\/?p=120614","url_meta":{"origin":120274,"position":3},"title":"Massa buscar\u00e1 darles \u00abuna jubilaci\u00f3n digna\u00bb a las \u00abv\u00edctimas del sistema AFJP\u00bb","author":"AF","date":"02\/11\/2023","format":false,"excerpt":"El ministro de Econom\u00eda y candidato presidencial de Uni\u00f3n por la Patria llam\u00f3 a \"defender el sistema de jubilaci\u00f3n solidario y la posibilidad de tener entre generaciones un pacto\". Particip\u00f3 junto con la titular de Anses de un seminario con jubilados en Mar del Plata. l ministro de Econom\u00eda y\u2026","rel":"","context":"En \u00abPol\u00edtica\u00bb","block_context":{"text":"Pol\u00edtica","link":"https:\/\/www.24baires.com\/?cat=51"},"img":{"alt_text":"","src":"https:\/\/i0.wp.com\/www.24baires.com\/wp-content\/uploads\/2023\/11\/WhatsApp-Image-2023-11-03-at-00.24.50.jpeg?resize=350%2C200","width":350,"height":200,"srcset":"https:\/\/i0.wp.com\/www.24baires.com\/wp-content\/uploads\/2023\/11\/WhatsApp-Image-2023-11-03-at-00.24.50.jpeg?resize=350%2C200 1x, https:\/\/i0.wp.com\/www.24baires.com\/wp-content\/uploads\/2023\/11\/WhatsApp-Image-2023-11-03-at-00.24.50.jpeg?resize=525%2C300 1.5x, https:\/\/i0.wp.com\/www.24baires.com\/wp-content\/uploads\/2023\/11\/WhatsApp-Image-2023-11-03-at-00.24.50.jpeg?resize=700%2C400 2x"},"classes":[]},{"id":119533,"url":"https:\/\/www.24baires.com\/?p=119533","url_meta":{"origin":120274,"position":4},"title":"Las jubilaciones aumentar\u00e1n 15,6% a partir de diciembre","author":"AF","date":"10\/11\/2022","format":false,"excerpt":"Adem\u00e1s, se sumar\u00e1 un bono de $ 10.000 en diciembre, enero y febrero para jubilados que cobren el haber m\u00ednimo y de $ 7.000 para los que perciben un monto equivalente a dos haberes m\u00ednimos, lo que incluye al 84% del total de los jubilados, anunciaron Massa y Raverta. Las\u2026","rel":"","context":"En \u00abSociedad\u00bb","block_context":{"text":"Sociedad","link":"https:\/\/www.24baires.com\/?cat=1"},"img":{"alt_text":"","src":"https:\/\/i0.wp.com\/www.24baires.com\/wp-content\/uploads\/2018\/12\/anses.jpg?resize=350%2C200","width":350,"height":200,"srcset":"https:\/\/i0.wp.com\/www.24baires.com\/wp-content\/uploads\/2018\/12\/anses.jpg?resize=350%2C200 1x, https:\/\/i0.wp.com\/www.24baires.com\/wp-content\/uploads\/2018\/12\/anses.jpg?resize=525%2C300 1.5x, https:\/\/i0.wp.com\/www.24baires.com\/wp-content\/uploads\/2018\/12\/anses.jpg?resize=700%2C400 2x"},"classes":[]},{"id":116730,"url":"https:\/\/www.24baires.com\/?p=116730","url_meta":{"origin":120274,"position":5},"title":"Las jubilaciones aumentar\u00e1n 5% en diciembre y completar\u00e1n 35,5% anual","author":"AF","date":"18\/11\/2020","format":false,"excerpt":"As\u00ed lo anunciaron el jefe de Gabinete, Santiago Cafiero, y la titular de la Anses, Fernanda Raverta. El jefe de Gabinete, Santiago Cafiero, y la titular de la Anses, Fernanda Raverta, anunciaron un aumento jubilatorio para diciembre del 5% para todas las categor\u00edas de jubilados y pensionados, con lo cual\u2026","rel":"","context":"En \u00abSociedad\u00bb","block_context":{"text":"Sociedad","link":"https:\/\/www.24baires.com\/?cat=1"},"img":{"alt_text":"","src":"https:\/\/i0.wp.com\/www.24baires.com\/wp-content\/uploads\/2020\/04\/jubilados.jpg?resize=350%2C200","width":350,"height":200,"srcset":"https:\/\/i0.wp.com\/www.24baires.com\/wp-content\/uploads\/2020\/04\/jubilados.jpg?resize=350%2C200 1x, https:\/\/i0.wp.com\/www.24baires.com\/wp-content\/uploads\/2020\/04\/jubilados.jpg?resize=525%2C300 1.5x"},"classes":[]}],"jetpack_sharing_enabled":true,"jetpack_likes_enabled":true,"_links":{"self":[{"href":"https:\/\/www.24baires.com\/index.php?rest_route=\/wp\/v2\/posts\/120274","targetHints":{"allow":["GET"]}}],"collection":[{"href":"https:\/\/www.24baires.com\/index.php?rest_route=\/wp\/v2\/posts"}],"about":[{"href":"https:\/\/www.24baires.com\/index.php?rest_route=\/wp\/v2\/types\/post"}],"author":[{"embeddable":true,"href":"https:\/\/www.24baires.com\/index.php?rest_route=\/wp\/v2\/users\/4"}],"replies":[{"embeddable":true,"href":"https:\/\/www.24baires.com\/index.php?rest_route=%2Fwp%2Fv2%2Fcomments&post=120274"}],"version-history":[{"count":1,"href":"https:\/\/www.24baires.com\/index.php?rest_route=\/wp\/v2\/posts\/120274\/revisions"}],"predecessor-version":[{"id":120276,"href":"https:\/\/www.24baires.com\/index.php?rest_route=\/wp\/v2\/posts\/120274\/revisions\/120276"}],"wp:attachment":[{"href":"https:\/\/www.24baires.com\/index.php?rest_route=%2Fwp%2Fv2%2Fmedia&parent=120274"}],"wp:term":[{"taxonomy":"category","embeddable":true,"href":"https:\/\/www.24baires.com\/index.php?rest_route=%2Fwp%2Fv2%2Fcategories&post=120274"},{"taxonomy":"post_tag","embeddable":true,"href":"https:\/\/www.24baires.com\/index.php?rest_route=%2Fwp%2Fv2%2Ftags&post=120274"}],"curies":[{"name":"wp","href":"https:\/\/api.w.org\/{rel}","templated":true}]}}