{"id":120259,"date":"2023-07-06T20:23:44","date_gmt":"2023-07-06T23:23:44","guid":{"rendered":"http:\/\/www.24baires.com\/?p=120259"},"modified":"2023-07-06T20:23:44","modified_gmt":"2023-07-06T23:23:44","slug":"la-actividad-industrial-crecio-con-un-11-interanual-en-mayo","status":"publish","type":"post","link":"https:\/\/www.24baires.com\/?p=120259","title":{"rendered":"La actividad industrial creci\u00f3 con un 1,1% interanual en mayo"},"content":{"rendered":"<p><img data-recalc-dims=\"1\" loading=\"lazy\" decoding=\"async\" class=\"aligncenter wp-image-120260\" src=\"https:\/\/i0.wp.com\/www.24baires.com\/wp-content\/uploads\/2023\/07\/industria.jpg?resize=720%2C480\" alt=\"\" width=\"720\" height=\"480\" srcset=\"https:\/\/i0.wp.com\/www.24baires.com\/wp-content\/uploads\/2023\/07\/industria.jpg?w=696&amp;ssl=1 696w, https:\/\/i0.wp.com\/www.24baires.com\/wp-content\/uploads\/2023\/07\/industria.jpg?resize=300%2C200&amp;ssl=1 300w\" sizes=\"auto, (max-width: 720px) 100vw, 720px\" \/>El informe del Instituto Nacional de Estad\u00edstica y Censos se\u00f1ala, adem\u00e1s, que la construcci\u00f3n present\u00f3 un retroceso del 2,9 % en el mismo per\u00edodo. <!--more--><\/p>\n<p>La actividad industrial registr\u00f3 durante mayo un alza del 1,1 % en relaci\u00f3n a igual mes del a\u00f1o pasado, mientras que el sector de la construcci\u00f3n present\u00f3 un retroceso del 2,9 %, inform\u00f3 hoy el Instituto Nacional de Estad\u00edstica y Censos (Indec).<\/p>\n<p>En mayo, respecto a abril, la actividad fabril reflej\u00f3 una merma del 1,5 % y la construcci\u00f3n tuvo una baja del 2,2%.<\/p>\n<p>De esta manera, el sector industrial acumul\u00f3 una suba del 2,2% en los primeros cinco meses del a\u00f1o, mientras que la construcci\u00f3n retrocedi\u00f3 1,9%.<\/p>\n<p>Durante mayo, 10 de los 16 rubros de la industria manufacturera presentaron subas interanuales, destac\u00f3 el Indec.<\/p>\n<p>En orden a su incidencia en el nivel general, se registraron alzas en \u201cIndustrias met\u00e1licas b\u00e1sicas\u201d, 9,2%; \u201cMuebles y colchones, y otras industrias manufactureras\u201d, 10,7%; \u201cSustancias y productos qu\u00edmicos\u201d, 2,1%; \u201cPrendas de vestir, cuero y calzado\u201d, 5,9%; \u201cVeh\u00edculos automotores, y autopartes\u201d, 5,%.<\/p>\n<p>Tambi\u00e9n mostraron subas \u201cProductos de caucho y pl\u00e1stico\u201d, 3,3%; \u201cRefinaci\u00f3n del petr\u00f3leo, coque y combustible nuclear\u201d, 3,8%; \u201cProductos textiles\u201d, 4,2%; \u201cDerivados del Tabaco\u201d, 11,9%; y \u201cOtro equipo de transporte\u201d, 4,5%.<\/p>\n<p>Por su parte, marcaron retrocesos las divisiones \u201cMadera, papel, edici\u00f3n e impresi\u00f3n\u201d, 4,8%; \u201cProductos minerales no met\u00e1licos\u201d, 5,3%; \u201cMaquinaria y equipo\u201d, 2,9%; \u201cOtros equipos, aparatos e instrumentos\u201d, 4 %; y \u201cProductos de metal\u201d, 0,9%. Asimismo, \u201cAlimentos y bebidas\u201d mostr\u00f3 una disminuci\u00f3n cercana a cero.<\/p>\n<p>En el plano cualitativo, el Indec consult\u00f3 tambi\u00e9n a los empresarios del sector fabril sobre sus expectativas para el corto plazo.<\/p>\n<p>En este plano, el 26,8% de los relevados pronostic\u00f3 una baja en el nivel de actividad, el 26,2% proyect\u00f3 un crecimiento, mientras que el 47% restante dijo que se mantendr\u00e1 en los niveles actuales.<\/p>\n<p>En tanto, en el sector de la construcci\u00f3n, los datos de compra de insumos en mayo mostraron con relaci\u00f3n a igual mes del a\u00f1o anterior subas de 21,3% en mosaicos gran\u00edticos y calc\u00e1reos; 12 % en el resto de los insumos (incluye grifer\u00eda, tubos de acero sin costura y vidrio para construcci\u00f3n); 8,9% en placas de yeso; 3,8% en art\u00edculos sanitarios de cer\u00e1mica; 2,5% en pinturas para construcci\u00f3n; 2,1% en pisos y revestimientos cer\u00e1micos; y 1,7% en hormig\u00f3n elaborado.<\/p>\n<p>Por el contrario, se observaron bajas de 15,1% en la venta de ladrillos huecos; 9,6% en asfalto; 8,7% en cales; 8,3% en hierro redondo y aceros para la construcci\u00f3n; 5,9% en yeso; y 1,5% en cemento portland.<\/p>\n<p>En cuanto a las expectativas, el 22,1 % de los empresarios de la construcci\u00f3n que se dedican principalmente a obras privadas estimaron que el nivel de actividad se reducir\u00e1 en el corto plazo, el 16,3% anticip\u00f3 un alza, mientras que el 61,6% restante no prev\u00e9 mayores cambios.<\/p>\n<p>Por \u00faltimo, entre los que se dedican a realizar obra p\u00fablica, el 30% cree que habr\u00e1 una disminuci\u00f3n en el nivel de actividad, contra un 17% que anticip\u00f3 un avance, mientras que el restante 53% no estim\u00f3 mayores variantes.<\/p>\n","protected":false},"excerpt":{"rendered":"<p>El informe del Instituto Nacional de Estad\u00edstica y Censos se\u00f1ala, adem\u00e1s, que la construcci\u00f3n present\u00f3 un retroceso del 2,9 % en el mismo per\u00edodo.<\/p>\n","protected":false},"author":4,"featured_media":0,"comment_status":"closed","ping_status":"closed","sticky":false,"template":"","format":"standard","meta":{"_jetpack_newsletter_access":"","_jetpack_dont_email_post_to_subs":false,"_jetpack_newsletter_tier_id":0,"_jetpack_memberships_contains_paywalled_content":false,"_jetpack_memberships_contains_paid_content":false,"footnotes":""},"categories":[1],"tags":[],"class_list":["post-120259","post","type-post","status-publish","format-standard","hentry","category-sociedad"],"jetpack_featured_media_url":"","jetpack_shortlink":"https:\/\/wp.me\/p2JWE0-vhF","jetpack-related-posts":[{"id":119071,"url":"https:\/\/www.24baires.com\/?p=119071","url_meta":{"origin":120259,"position":0},"title":"La actividad industrial subi\u00f3 11,9% en mayo y la construcci\u00f3n, 19,9%","author":"AF","date":"07\/07\/2022","format":false,"excerpt":"El informe del Instituto Nacional de Estad\u00edstica y Censos se\u00f1ala adem\u00e1s que, frente a abril, la actividad fabril tuvo una baja de 1,1%, en tanto la construcci\u00f3n tuvo un incremento de 0,4%. La actividad industrial registr\u00f3 en mayo una mejora de 11,9% respecto a igual mes del a\u00f1o pasado, mientras\u2026","rel":"","context":"En \u00abSociedad\u00bb","block_context":{"text":"Sociedad","link":"https:\/\/www.24baires.com\/?cat=1"},"img":{"alt_text":"","src":"https:\/\/i0.wp.com\/www.24baires.com\/wp-content\/uploads\/2021\/08\/industria-pandemia.jpg?resize=350%2C200","width":350,"height":200,"srcset":"https:\/\/i0.wp.com\/www.24baires.com\/wp-content\/uploads\/2021\/08\/industria-pandemia.jpg?resize=350%2C200 1x, https:\/\/i0.wp.com\/www.24baires.com\/wp-content\/uploads\/2021\/08\/industria-pandemia.jpg?resize=525%2C300 1.5x, https:\/\/i0.wp.com\/www.24baires.com\/wp-content\/uploads\/2021\/08\/industria-pandemia.jpg?resize=700%2C400 2x"},"classes":[]},{"id":119309,"url":"https:\/\/www.24baires.com\/?p=119309","url_meta":{"origin":120259,"position":1},"title":"La actividad industrial y la construcci\u00f3n subieron m\u00e1s del 5%","author":"AF","date":"07\/09\/2022","format":false,"excerpt":"Los datos del Instituto Nacional de Estad\u00edstica y Censos corresponden a la comparaci\u00f3n con igual mes del a\u00f1o pasado para cada sector. Quince de las diecis\u00e9is divisiones de la industria manufacturera relevadas presentaron subas en el cotejo interanual. El nivel de actividad industrial creci\u00f3 5,1% en julio en relaci\u00f3n con\u2026","rel":"","context":"En \u00abEconom\u00eda\u00bb","block_context":{"text":"Econom\u00eda","link":"https:\/\/www.24baires.com\/?cat=45"},"img":{"alt_text":"","src":"https:\/\/i0.wp.com\/www.24baires.com\/wp-content\/uploads\/2019\/01\/construcci%C3%B3n.png?resize=350%2C200","width":350,"height":200,"srcset":"https:\/\/i0.wp.com\/www.24baires.com\/wp-content\/uploads\/2019\/01\/construcci%C3%B3n.png?resize=350%2C200 1x, https:\/\/i0.wp.com\/www.24baires.com\/wp-content\/uploads\/2019\/01\/construcci%C3%B3n.png?resize=525%2C300 1.5x, https:\/\/i0.wp.com\/www.24baires.com\/wp-content\/uploads\/2019\/01\/construcci%C3%B3n.png?resize=700%2C400 2x"},"classes":[]},{"id":113146,"url":"https:\/\/www.24baires.com\/?p=113146","url_meta":{"origin":120259,"position":2},"title":"La econom\u00eda volvi\u00f3 a caer","author":"AF","date":"26\/11\/2019","format":false,"excerpt":"El Indec inform\u00f3 adem\u00e1s que en el acumulado de los primeros 9 meses del a\u00f1o la actividad econ\u00f3mica se contrajo 2,3% en la comparaci\u00f3n interanual. El Instituto Nacional de Estad\u00edsticas y Censo (Indec) inform\u00f3 este martes que la actividad econ\u00f3mica cay\u00f3 otra vez en septiembre. El Estimador Mensual de Actividad\u2026","rel":"","context":"En \u00abLocales\u00bb","block_context":{"text":"Locales","link":"https:\/\/www.24baires.com\/?cat=38"},"img":{"alt_text":"","src":"https:\/\/i0.wp.com\/www.24baires.com\/wp-content\/uploads\/2016\/12\/supermercado.jpg?resize=350%2C200","width":350,"height":200,"srcset":"https:\/\/i0.wp.com\/www.24baires.com\/wp-content\/uploads\/2016\/12\/supermercado.jpg?resize=350%2C200 1x, https:\/\/i0.wp.com\/www.24baires.com\/wp-content\/uploads\/2016\/12\/supermercado.jpg?resize=525%2C300 1.5x"},"classes":[]},{"id":34286,"url":"https:\/\/www.24baires.com\/?p=34286","url_meta":{"origin":120259,"position":3},"title":"Seg\u00fan el INDEC la actividad industrial lleva un aumento de 1,1% en nueve meses","author":"GB","date":"28\/10\/2013","format":false,"excerpt":"El \u00edndice de producci\u00f3n industrial marc\u00f3 un resultado neutro en septiembre respecto a igual mes de 2012 y acumula un crecimiento de 1,1% en lo que va del a\u00f1o, inform\u00f3 el Instituto Nacional de Estad\u00edstica y Censos. El organismo precis\u00f3 adem\u00e1s que el Estimador Mensual Industrial (EMI) baj\u00f3 en septiembre\u2026","rel":"","context":"En \u00abEconom\u00eda\u00bb","block_context":{"text":"Econom\u00eda","link":"https:\/\/www.24baires.com\/?cat=45"},"img":{"alt_text":"","src":"","width":0,"height":0},"classes":[]},{"id":119251,"url":"https:\/\/www.24baires.com\/?p=119251","url_meta":{"origin":120259,"position":4},"title":"La actividad econ\u00f3mica creci\u00f3 un 6,4% durante junio","author":"AF","date":"23\/08\/2022","format":false,"excerpt":"La actividad econ\u00f3mica creci\u00f3 durante junio 6,4% en t\u00e9rminos interanuales, y 1,1% en comparaci\u00f3n a mayo, inform\u00f3 este martes el Instituto Nacional de Estad\u00edstica y Censos (Indec). El informe del Instituto Nacional de Estad\u00edstica y Censos se\u00f1ala adem\u00e1s que en referencia al mes anterior la suba fue del 1,1%. El\u2026","rel":"","context":"En \u00abEconom\u00eda\u00bb","block_context":{"text":"Econom\u00eda","link":"https:\/\/www.24baires.com\/?cat=45"},"img":{"alt_text":"","src":"https:\/\/i0.wp.com\/www.24baires.com\/wp-content\/uploads\/2022\/04\/industria-soldador.jpg?resize=350%2C200","width":350,"height":200,"srcset":"https:\/\/i0.wp.com\/www.24baires.com\/wp-content\/uploads\/2022\/04\/industria-soldador.jpg?resize=350%2C200 1x, https:\/\/i0.wp.com\/www.24baires.com\/wp-content\/uploads\/2022\/04\/industria-soldador.jpg?resize=525%2C300 1.5x, https:\/\/i0.wp.com\/www.24baires.com\/wp-content\/uploads\/2022\/04\/industria-soldador.jpg?resize=700%2C400 2x"},"classes":[]},{"id":119422,"url":"https:\/\/www.24baires.com\/?p=119422","url_meta":{"origin":120259,"position":5},"title":"La actividad industrial creci\u00f3 7,6% durante agosto y la construcci\u00f3n, 7,3%","author":"AF","date":"06\/10\/2022","format":false,"excerpt":"El dato del Instituto Nacional de Estad\u00edstica y Censos corresponde a la comparaci\u00f3n de los indicadores en relaci\u00f3n a igual mes de 2021. La actividad industrial creci\u00f3 7,6% durante agosto en relaci\u00f3n a igual mes de 2021, y registr\u00f3 un alza de 0,4% en comparaci\u00f3n con julio pasado, inform\u00f3 el\u2026","rel":"","context":"En \u00abEconom\u00eda\u00bb","block_context":{"text":"Econom\u00eda","link":"https:\/\/www.24baires.com\/?cat=45"},"img":{"alt_text":"","src":"https:\/\/i0.wp.com\/www.24baires.com\/wp-content\/uploads\/2013\/02\/indec.jpg?resize=350%2C200","width":350,"height":200,"srcset":"https:\/\/i0.wp.com\/www.24baires.com\/wp-content\/uploads\/2013\/02\/indec.jpg?resize=350%2C200 1x, https:\/\/i0.wp.com\/www.24baires.com\/wp-content\/uploads\/2013\/02\/indec.jpg?resize=525%2C300 1.5x, https:\/\/i0.wp.com\/www.24baires.com\/wp-content\/uploads\/2013\/02\/indec.jpg?resize=700%2C400 2x"},"classes":[]}],"jetpack_sharing_enabled":true,"jetpack_likes_enabled":true,"_links":{"self":[{"href":"https:\/\/www.24baires.com\/index.php?rest_route=\/wp\/v2\/posts\/120259","targetHints":{"allow":["GET"]}}],"collection":[{"href":"https:\/\/www.24baires.com\/index.php?rest_route=\/wp\/v2\/posts"}],"about":[{"href":"https:\/\/www.24baires.com\/index.php?rest_route=\/wp\/v2\/types\/post"}],"author":[{"embeddable":true,"href":"https:\/\/www.24baires.com\/index.php?rest_route=\/wp\/v2\/users\/4"}],"replies":[{"embeddable":true,"href":"https:\/\/www.24baires.com\/index.php?rest_route=%2Fwp%2Fv2%2Fcomments&post=120259"}],"version-history":[{"count":1,"href":"https:\/\/www.24baires.com\/index.php?rest_route=\/wp\/v2\/posts\/120259\/revisions"}],"predecessor-version":[{"id":120261,"href":"https:\/\/www.24baires.com\/index.php?rest_route=\/wp\/v2\/posts\/120259\/revisions\/120261"}],"wp:attachment":[{"href":"https:\/\/www.24baires.com\/index.php?rest_route=%2Fwp%2Fv2%2Fmedia&parent=120259"}],"wp:term":[{"taxonomy":"category","embeddable":true,"href":"https:\/\/www.24baires.com\/index.php?rest_route=%2Fwp%2Fv2%2Fcategories&post=120259"},{"taxonomy":"post_tag","embeddable":true,"href":"https:\/\/www.24baires.com\/index.php?rest_route=%2Fwp%2Fv2%2Ftags&post=120259"}],"curies":[{"name":"wp","href":"https:\/\/api.w.org\/{rel}","templated":true}]}}