{"id":120254,"date":"2023-07-05T22:33:54","date_gmt":"2023-07-06T01:33:54","guid":{"rendered":"http:\/\/www.24baires.com\/?p=120254"},"modified":"2023-07-05T22:33:54","modified_gmt":"2023-07-06T01:33:54","slug":"la-uta-amenaza-con-un-paro-nacional-para-este-viernes","status":"publish","type":"post","link":"https:\/\/www.24baires.com\/?p=120254","title":{"rendered":"La UTA amenaza con un paro nacional para este viernes"},"content":{"rendered":"<p><img data-recalc-dims=\"1\" loading=\"lazy\" decoding=\"async\" class=\"aligncenter wp-image-119974\" src=\"https:\/\/i0.wp.com\/www.24baires.com\/wp-content\/uploads\/2023\/04\/colectivo.jpg?resize=720%2C405\" alt=\"\" width=\"720\" height=\"405\" srcset=\"https:\/\/i0.wp.com\/www.24baires.com\/wp-content\/uploads\/2023\/04\/colectivo.jpg?w=450&amp;ssl=1 450w, https:\/\/i0.wp.com\/www.24baires.com\/wp-content\/uploads\/2023\/04\/colectivo.jpg?resize=300%2C169&amp;ssl=1 300w\" sizes=\"auto, (max-width: 720px) 100vw, 720px\" \/>Si en las pr\u00f3ximas horas, el Ministerio de Trabajo y las empresas no hacen efectivos los salarios acordados en la \u00faltima conciliaci\u00f3n obligatoria, desde la medianoche del viernes comenzar\u00eda la medida de fuerza de colectivos en todo el pa\u00eds. <!--more--><\/p>\n<p>La Uni\u00f3n Tranviarios Automotor (UTA) anunci\u00f3 un paro nacional de colectivos de corta y media distancia para este viernes si el Gobierno y las empresas no cumplen con el acuerdo de salarios para el interior y para el \u00e1rea metropolitana (AMBA).<\/p>\n<p>A trav\u00e9s de un comunicado, el gremio reclam\u00f3 \u00abla vigencia y exigibilidad de la resoluci\u00f3n conjunta, que determin\u00f3 las escalas salariales para los trabajadores del \u00c1rea Metropolitana Buenos Aires (AMBA) y del interior tras el acuerdo con la Federaci\u00f3n Argentina de Transportadores por Automotor de Pasajeros (Fatap)\u00bb.<\/p>\n<p>En caso de que la medida de fuerza se concrete, ante el potencial incumplimiento del pago de las escalas salariales solicitadas, el paro afectar\u00e1 a todos los servicios de corta y media distancia del pa\u00eds.<\/p>\n<p>El sindicato liderado por Roberto Fern\u00e1ndez dej\u00f3 en claro que los trabajadores \u00abno pueden ni deben depender de disposiciones reglamentarias, convenios o rendiciones para percibir sus haberes\u00bb y expres\u00f3 su rechazo a \u00abque se utilice a los trabajadores como rehenes en la problem\u00e1tica del servicio\u00bb.<\/p>\n<p>En este marco, advirtieron que de no producirse el pago acordado por parte de las empresas, desde la medianoche del viernes habr\u00e1 paro de colectivos en todo el pa\u00eds.<\/p>\n<p>Fuente: P\u00e1gina 12<\/p>\n","protected":false},"excerpt":{"rendered":"<p>Si en las pr\u00f3ximas horas, el Ministerio de Trabajo y las empresas no hacen efectivos los salarios acordados en la \u00faltima conciliaci\u00f3n obligatoria, desde la medianoche del viernes comenzar\u00eda la medida de fuerza de colectivos en todo el pa\u00eds.<\/p>\n","protected":false},"author":4,"featured_media":0,"comment_status":"closed","ping_status":"closed","sticky":false,"template":"","format":"standard","meta":{"_jetpack_newsletter_access":"","_jetpack_dont_email_post_to_subs":false,"_jetpack_newsletter_tier_id":0,"_jetpack_memberships_contains_paywalled_content":false,"_jetpack_memberships_contains_paid_content":false,"footnotes":""},"categories":[1],"tags":[],"class_list":["post-120254","post","type-post","status-publish","format-standard","hentry","category-sociedad"],"jetpack_featured_media_url":"","jetpack_shortlink":"https:\/\/wp.me\/p2JWE0-vhA","jetpack-related-posts":[{"id":122871,"url":"https:\/\/www.24baires.com\/?p=122871","url_meta":{"origin":120254,"position":0},"title":"La UTA amenaza con un paro de colectivos y crece la tensi\u00f3n en el transporte","author":"GB","date":"10\/02\/2026","format":false,"excerpt":"El gremio exigi\u00f3 a las empresas de las provincias que cumplan con los salarios acordados en el AMBA y anunci\u00f3 que, si no hay pago, habr\u00e1 una medida de fuerza esta semana. La Uni\u00f3n Tranviarios Automotor (UTA) anunci\u00f3 que podr\u00eda realizar un paro de colectivos en todas las provincias si\u2026","rel":"","context":"En \u00abPol\u00edtica\u00bb","block_context":{"text":"Pol\u00edtica","link":"https:\/\/www.24baires.com\/?cat=51"},"img":{"alt_text":"","src":"https:\/\/i0.wp.com\/www.24baires.com\/wp-content\/uploads\/2024\/10\/colectivos.webp?resize=350%2C200","width":350,"height":200,"srcset":"https:\/\/i0.wp.com\/www.24baires.com\/wp-content\/uploads\/2024\/10\/colectivos.webp?resize=350%2C200 1x, https:\/\/i0.wp.com\/www.24baires.com\/wp-content\/uploads\/2024\/10\/colectivos.webp?resize=525%2C300 1.5x, https:\/\/i0.wp.com\/www.24baires.com\/wp-content\/uploads\/2024\/10\/colectivos.webp?resize=700%2C400 2x"},"classes":[]},{"id":118789,"url":"https:\/\/www.24baires.com\/?p=118789","url_meta":{"origin":120254,"position":1},"title":"A pesar de la conciliaci\u00f3n obligatoria, el paro de colectivos se mantiene en varias ciudades del interior","author":"GB","date":"26\/04\/2022","format":false,"excerpt":"Seccionales de la UTA decidieron continuar con el paro previsto para este martes, por lo que podr\u00eda haber complicaciones en varios puntos de la provincia. Frente al anuncio de un paro de 48 horas para los d\u00edas martes y mi\u00e9rcoles de esta semana por parte de la Uni\u00f3n Tranviario Automotor\u2026","rel":"","context":"En \u00abSociedad\u00bb","block_context":{"text":"Sociedad","link":"https:\/\/www.24baires.com\/?cat=1"},"img":{"alt_text":"","src":"https:\/\/i0.wp.com\/www.24baires.com\/wp-content\/uploads\/2017\/06\/colectivo-111.jpg?resize=350%2C200","width":350,"height":200,"srcset":"https:\/\/i0.wp.com\/www.24baires.com\/wp-content\/uploads\/2017\/06\/colectivo-111.jpg?resize=350%2C200 1x, https:\/\/i0.wp.com\/www.24baires.com\/wp-content\/uploads\/2017\/06\/colectivo-111.jpg?resize=525%2C300 1.5x, https:\/\/i0.wp.com\/www.24baires.com\/wp-content\/uploads\/2017\/06\/colectivo-111.jpg?resize=700%2C400 2x"},"classes":[]},{"id":111064,"url":"https:\/\/www.24baires.com\/?p=111064","url_meta":{"origin":120254,"position":2},"title":"Por un paro de UTA, no habr\u00e1 colectivos el 12 de julio","author":"GB","date":"04\/07\/2019","format":false,"excerpt":"El transporte p\u00fablico de pasajeros se ver\u00e1 paralizado en todo el pa\u00eds. La audiencia entre la Uni\u00f3n Tranviarios Automotor (UTA) y los representantes empresariales de la Federaci\u00f3n Argentina de Transportadores por Automotor de Pasajeros (Fatap) fracas\u00f3 y el gremio de los choferes lanz\u00f3 un paro con movilizaci\u00f3n para el viernes\u2026","rel":"","context":"En \u00abSociedad\u00bb","block_context":{"text":"Sociedad","link":"https:\/\/www.24baires.com\/?cat=1"},"img":{"alt_text":"","src":"https:\/\/i0.wp.com\/www.24baires.com\/wp-content\/uploads\/2015\/01\/colectivos-micro-bah%C3%ADa-blanca.jpg?resize=350%2C200","width":350,"height":200,"srcset":"https:\/\/i0.wp.com\/www.24baires.com\/wp-content\/uploads\/2015\/01\/colectivos-micro-bah%C3%ADa-blanca.jpg?resize=350%2C200 1x, https:\/\/i0.wp.com\/www.24baires.com\/wp-content\/uploads\/2015\/01\/colectivos-micro-bah%C3%ADa-blanca.jpg?resize=525%2C300 1.5x"},"classes":[]},{"id":121074,"url":"https:\/\/www.24baires.com\/?p=121074","url_meta":{"origin":120254,"position":3},"title":"Rige el paro de colectivos en el interior del pa\u00eds","author":"GB","date":"05\/03\/2024","format":false,"excerpt":"Tras una semana donde las medidas de fuerza alcanzaron a los ferroviarios y a los aeron\u00e1uticos, ahora la UTA anunci\u00f3 un paro de colectivos Termina una semana ca\u00f3tica para el transporte p\u00fablico, donde se vieron afectados los servicios ferroviarios y aeron\u00e1uticos, ahora, la Uni\u00f3n Tranviarios Automotor (UTA) tambi\u00e9n anunci\u00f3 un\u2026","rel":"","context":"En \u00abPol\u00edtica\u00bb","block_context":{"text":"Pol\u00edtica","link":"https:\/\/www.24baires.com\/?cat=51"},"img":{"alt_text":"","src":"https:\/\/i0.wp.com\/www.24baires.com\/wp-content\/uploads\/2013\/10\/colectivos-mdp.jpg?resize=350%2C200","width":350,"height":200,"srcset":"https:\/\/i0.wp.com\/www.24baires.com\/wp-content\/uploads\/2013\/10\/colectivos-mdp.jpg?resize=350%2C200 1x, https:\/\/i0.wp.com\/www.24baires.com\/wp-content\/uploads\/2013\/10\/colectivos-mdp.jpg?resize=525%2C300 1.5x, https:\/\/i0.wp.com\/www.24baires.com\/wp-content\/uploads\/2013\/10\/colectivos-mdp.jpg?resize=700%2C400 2x"},"classes":[]},{"id":115525,"url":"https:\/\/www.24baires.com\/?p=115525","url_meta":{"origin":120254,"position":4},"title":"Paro de colectivos por tiempo indeterminado en el interior bonaerense","author":"GB","date":"02\/07\/2020","format":false,"excerpt":"La medida es impulsada por la UTA a nivel nacional y repercutir\u00e1 en algunos distritos de la provincia de Buenos Aires. Remarcan \u201cel tratamiento diferenciado e inequitativo\u201d en relaci\u00f3n al servicio en el AMBA. En algunos casos desde anoche y en otros a partir de hoy y por tiempo indeterminado,\u2026","rel":"","context":"En \u00abProvincia\u00bb","block_context":{"text":"Provincia","link":"https:\/\/www.24baires.com\/?cat=40"},"img":{"alt_text":"","src":"https:\/\/i0.wp.com\/www.24baires.com\/wp-content\/uploads\/2020\/06\/colectivo-desinfeccion.jpg?resize=350%2C200","width":350,"height":200,"srcset":"https:\/\/i0.wp.com\/www.24baires.com\/wp-content\/uploads\/2020\/06\/colectivo-desinfeccion.jpg?resize=350%2C200 1x, https:\/\/i0.wp.com\/www.24baires.com\/wp-content\/uploads\/2020\/06\/colectivo-desinfeccion.jpg?resize=525%2C300 1.5x"},"classes":[]},{"id":119913,"url":"https:\/\/www.24baires.com\/?p=119913","url_meta":{"origin":120254,"position":5},"title":"Paro de colectivos afecta a ciudades del interior","author":"GB","date":"17\/03\/2023","format":false,"excerpt":"Un paro de colectivos fue convocado por una facci\u00f3n de la UTA. En principio, la medida ser\u00eda por 12 horas. igual que el mes pasado, una facci\u00f3n de la Uni\u00f3n Tranviarios Automotor (UTA) convoc\u00f3 a un paro de actividades desde las 0 de este viernes. Seg\u00fan informaron, la medida de\u2026","rel":"","context":"En \u00abSociedad\u00bb","block_context":{"text":"Sociedad","link":"https:\/\/www.24baires.com\/?cat=1"},"img":{"alt_text":"","src":"https:\/\/i0.wp.com\/www.24baires.com\/wp-content\/uploads\/2014\/08\/colectivo-112-lan%C3%BAs.jpg?resize=350%2C200","width":350,"height":200,"srcset":"https:\/\/i0.wp.com\/www.24baires.com\/wp-content\/uploads\/2014\/08\/colectivo-112-lan%C3%BAs.jpg?resize=350%2C200 1x, https:\/\/i0.wp.com\/www.24baires.com\/wp-content\/uploads\/2014\/08\/colectivo-112-lan%C3%BAs.jpg?resize=525%2C300 1.5x, https:\/\/i0.wp.com\/www.24baires.com\/wp-content\/uploads\/2014\/08\/colectivo-112-lan%C3%BAs.jpg?resize=700%2C400 2x"},"classes":[]}],"jetpack_sharing_enabled":true,"jetpack_likes_enabled":true,"_links":{"self":[{"href":"https:\/\/www.24baires.com\/index.php?rest_route=\/wp\/v2\/posts\/120254","targetHints":{"allow":["GET"]}}],"collection":[{"href":"https:\/\/www.24baires.com\/index.php?rest_route=\/wp\/v2\/posts"}],"about":[{"href":"https:\/\/www.24baires.com\/index.php?rest_route=\/wp\/v2\/types\/post"}],"author":[{"embeddable":true,"href":"https:\/\/www.24baires.com\/index.php?rest_route=\/wp\/v2\/users\/4"}],"replies":[{"embeddable":true,"href":"https:\/\/www.24baires.com\/index.php?rest_route=%2Fwp%2Fv2%2Fcomments&post=120254"}],"version-history":[{"count":1,"href":"https:\/\/www.24baires.com\/index.php?rest_route=\/wp\/v2\/posts\/120254\/revisions"}],"predecessor-version":[{"id":120255,"href":"https:\/\/www.24baires.com\/index.php?rest_route=\/wp\/v2\/posts\/120254\/revisions\/120255"}],"wp:attachment":[{"href":"https:\/\/www.24baires.com\/index.php?rest_route=%2Fwp%2Fv2%2Fmedia&parent=120254"}],"wp:term":[{"taxonomy":"category","embeddable":true,"href":"https:\/\/www.24baires.com\/index.php?rest_route=%2Fwp%2Fv2%2Fcategories&post=120254"},{"taxonomy":"post_tag","embeddable":true,"href":"https:\/\/www.24baires.com\/index.php?rest_route=%2Fwp%2Fv2%2Ftags&post=120254"}],"curies":[{"name":"wp","href":"https:\/\/api.w.org\/{rel}","templated":true}]}}