{"id":120251,"date":"2023-07-05T10:31:10","date_gmt":"2023-07-05T13:31:10","guid":{"rendered":"http:\/\/www.24baires.com\/?p=120251"},"modified":"2023-07-05T10:31:10","modified_gmt":"2023-07-05T13:31:10","slug":"la-anses-habilito-el-plan-de-pago-de-deuda-previsional","status":"publish","type":"post","link":"https:\/\/www.24baires.com\/?p=120251","title":{"rendered":"La Anses habilit\u00f3 el plan de pago de deuda previsional"},"content":{"rendered":"<p><img data-recalc-dims=\"1\" loading=\"lazy\" decoding=\"async\" class=\"aligncenter wp-image-120252\" src=\"https:\/\/i0.wp.com\/www.24baires.com\/wp-content\/uploads\/2023\/07\/raberta-anses.jpg?resize=720%2C480\" alt=\"\" width=\"720\" height=\"480\" srcset=\"https:\/\/i0.wp.com\/www.24baires.com\/wp-content\/uploads\/2023\/07\/raberta-anses.jpg?w=992&amp;ssl=1 992w, https:\/\/i0.wp.com\/www.24baires.com\/wp-content\/uploads\/2023\/07\/raberta-anses.jpg?resize=300%2C200&amp;ssl=1 300w, https:\/\/i0.wp.com\/www.24baires.com\/wp-content\/uploads\/2023\/07\/raberta-anses.jpg?resize=768%2C512&amp;ssl=1 768w\" sizes=\"auto, (max-width: 720px) 100vw, 720px\" \/>La Administraci\u00f3n Nacional de la Seguridad Social (Anses), comunic\u00f3 que ya est\u00e1 habilitado el plan de pago de deuda previsional para trabajadores en actividad.<!--more--><\/p>\n<p>La Administraci\u00f3n Nacional de la Seguridad Social (Anses), inform\u00f3 que en el marco de la Resoluci\u00f3n N\u00b0 131\/2023 publicada en el Bolet\u00edn Oficial, las personas que est\u00e9n por cumplir la edad para jubilarse y adeuden aportes previsionales pueden regularizarlos mediante la Unidad de Cancelaci\u00f3n de Aportes Previsionales para Trabajadores y Trabajadoras en Actividad previstas en la Ley 27.705 del Plan de Pago de Deuda Previsional.<\/p>\n<p>El tr\u00e1mite est\u00e1 dirigido a mujeres de entre 50 y 59 y varones de entre 55 y 64 que, al cumplir la edad jubilatoria, no re\u00fanan los 30 a\u00f1os de aportes requeridos.<\/p>\n<p>Los interesados podr\u00e1n regularizar per\u00edodos faltantes hasta el 31 de marzo de 2012 inclusive y deben requerir un turno en www.anses.gob.ar, Tr\u00e1mites y Servicios, Turnos, Solicitar un turno y elegir Plan de Pago de Deuda Previsional (Trabajadores\/Trabajadoras en Actividad).<\/p>\n<p>La directora ejecutiva de Anses, Fernanda Raverta, afirm\u00f3 que \u201cgracias a la nueva ley, ya hay m\u00e1s de 200.000 personas que pudieron iniciar su tr\u00e1mite jubilatorio y ahora tambi\u00e9n vamos a estar recibiendo a trabajadores en actividad en las oficinas de Anses de todo el pa\u00eds\u201d.<\/p>\n","protected":false},"excerpt":{"rendered":"<p>La Administraci\u00f3n Nacional de la Seguridad Social (Anses), comunic\u00f3 que ya est\u00e1 habilitado el plan de pago de deuda previsional para trabajadores en actividad.<\/p>\n","protected":false},"author":8,"featured_media":0,"comment_status":"closed","ping_status":"closed","sticky":false,"template":"","format":"standard","meta":{"_jetpack_newsletter_access":"","_jetpack_dont_email_post_to_subs":false,"_jetpack_newsletter_tier_id":0,"_jetpack_memberships_contains_paywalled_content":false,"_jetpack_memberships_contains_paid_content":false,"footnotes":""},"categories":[1],"tags":[],"class_list":["post-120251","post","type-post","status-publish","format-standard","hentry","category-sociedad"],"jetpack_featured_media_url":"","jetpack_shortlink":"https:\/\/wp.me\/p2JWE0-vhx","jetpack-related-posts":[{"id":49153,"url":"https:\/\/www.24baires.com\/?p=49153","url_meta":{"origin":120251,"position":0},"title":"El nuevo Plan de Inclusi\u00f3n Previsional ya tiene la media sanci\u00f3n del Senado","author":"Grupo Sierra","date":"02\/07\/2014","format":false,"excerpt":"La C\u00e1mara alta aprob\u00f3 y envi\u00f3 a Diputados el proyecto de Ley para implementar la segunda etapa del plan a trav\u00e9s de la regularizaci\u00f3n de las deudas de trabajadores aut\u00f3nomos y monotributistas que les permita acceder al sistema previsional. La iniciativa fue votada por unanimidad de todos los bloques que\u2026","rel":"","context":"En \u00abSociedad\u00bb","block_context":{"text":"Sociedad","link":"https:\/\/www.24baires.com\/?cat=1"},"img":{"alt_text":"senado nacional","src":"https:\/\/i0.wp.com\/www.24baires.com\/wp-content\/uploads\/2013\/04\/senado-nacional.jpg?resize=350%2C200","width":350,"height":200,"srcset":"https:\/\/i0.wp.com\/www.24baires.com\/wp-content\/uploads\/2013\/04\/senado-nacional.jpg?resize=350%2C200 1x, https:\/\/i0.wp.com\/www.24baires.com\/wp-content\/uploads\/2013\/04\/senado-nacional.jpg?resize=525%2C300 1.5x"},"classes":[]},{"id":7805,"url":"https:\/\/www.24baires.com\/?p=7805","url_meta":{"origin":120251,"position":1},"title":"M\u00e1s de 200 colegios privados van a Tribunales por deudas previsionales","author":"AF","date":"04\/12\/2012","format":false,"excerpt":"En la Provincia funcionan 6.719 niveles educativos privados, de los cuales 1.663 mantienen deuda no regularizada. En los \u00faltimos meses se regularizaron mediante diferentes v\u00edas (planes de pago o cancelaci\u00f3n al contado) 274.350.491 pesos. Los colegios que ingresaron en etapa prejudicial adeudan 106.948.474 pesos. El Instituto de Previsi\u00f3n Social (IPS)\u2026","rel":"","context":"En \u00abEconom\u00eda\u00bb","block_context":{"text":"Econom\u00eda","link":"https:\/\/www.24baires.com\/?cat=45"},"img":{"alt_text":"","src":"https:\/\/i0.wp.com\/www.24baires.com\/wp-content\/uploads\/2012\/12\/colegios-deudas-300x225.jpg?resize=350%2C200","width":350,"height":200},"classes":[]},{"id":53976,"url":"https:\/\/www.24baires.com\/?p=53976","url_meta":{"origin":120251,"position":2},"title":"Casi 81 mil bonaerenses solicitaron turno para acceder a la nueva moratoria","author":"GB","date":"20\/09\/2014","format":false,"excerpt":"La Administraci\u00f3n Nacional de Seguridad Social (Anses) inform\u00f3 que en solo una semana, 80.915 bonaerenses solicitaron un turno para poder acceder a la nueva moratoria previsional. El titular de Anses, Diego Bossio, valor\u00f3 que \u201ca partir de la entrada en vigencia de la nueva moratoria previsional, 500 mil personas tendr\u00e1n\u2026","rel":"","context":"En \u00abLocales\u00bb","block_context":{"text":"Locales","link":"https:\/\/www.24baires.com\/?cat=38"},"img":{"alt_text":"diego-bossio-anses","src":"https:\/\/i0.wp.com\/www.24baires.com\/wp-content\/uploads\/2014\/07\/diego-bossio-anses.jpg?resize=350%2C200","width":350,"height":200,"srcset":"https:\/\/i0.wp.com\/www.24baires.com\/wp-content\/uploads\/2014\/07\/diego-bossio-anses.jpg?resize=350%2C200 1x, https:\/\/i0.wp.com\/www.24baires.com\/wp-content\/uploads\/2014\/07\/diego-bossio-anses.jpg?resize=525%2C300 1.5x"},"classes":[]},{"id":51750,"url":"https:\/\/www.24baires.com\/?p=51750","url_meta":{"origin":120251,"position":3},"title":"Se debate en Diputados la moratoria de jubilaci\u00f3n","author":"Grupo Sierra","date":"13\/08\/2014","format":false,"excerpt":"El plenario de comisiones de Previsi\u00f3n y de Presupuesto de la C\u00e1mara de Diputados inici\u00f3 el debate del proyecto de moratoria previsional con una exposici\u00f3n del titular de la Anses, Diego Bossio. \"Con esta nueva moratoria aspiramos a incluir en el sistema a 473 mil nuevos jubilados\", se\u00f1al\u00f3 el funcionario\u2026","rel":"","context":"En \u00abPol\u00edtica\u00bb","block_context":{"text":"Pol\u00edtica","link":"https:\/\/www.24baires.com\/?cat=51"},"img":{"alt_text":"diputados4","src":"https:\/\/i0.wp.com\/www.24baires.com\/wp-content\/uploads\/2012\/11\/diputados4.jpg?resize=350%2C200","width":350,"height":200,"srcset":"https:\/\/i0.wp.com\/www.24baires.com\/wp-content\/uploads\/2012\/11\/diputados4.jpg?resize=350%2C200 1x, https:\/\/i0.wp.com\/www.24baires.com\/wp-content\/uploads\/2012\/11\/diputados4.jpg?resize=525%2C300 1.5x"},"classes":[]},{"id":94580,"url":"https:\/\/www.24baires.com\/?p=94580","url_meta":{"origin":120251,"position":4},"title":"Anses apelar\u00e1 el fallo que beneficia a jubilados","author":"GB","date":"17\/05\/2017","format":false,"excerpt":"La Anses apelar\u00e1 el fallo que declara inconstitucional el pago del impuesto a las Ganancias por parte de los jubilados y ahora deber\u00e1 definir la Corte Suprema. Esa sentencia tambi\u00e9n declar\u00f3 \"exentas del impuesto a las Ganancias\" las sumas retroactivas que cobran los jubilados por el pago de sentencias por\u2026","rel":"","context":"En \u00abPol\u00edtica\u00bb","block_context":{"text":"Pol\u00edtica","link":"https:\/\/www.24baires.com\/?cat=51"},"img":{"alt_text":"","src":"https:\/\/i0.wp.com\/www.24baires.com\/wp-content\/uploads\/2014\/05\/jubilados2.jpg?resize=350%2C200","width":350,"height":200,"srcset":"https:\/\/i0.wp.com\/www.24baires.com\/wp-content\/uploads\/2014\/05\/jubilados2.jpg?resize=350%2C200 1x, https:\/\/i0.wp.com\/www.24baires.com\/wp-content\/uploads\/2014\/05\/jubilados2.jpg?resize=525%2C300 1.5x"},"classes":[]},{"id":113548,"url":"https:\/\/www.24baires.com\/?p=113548","url_meta":{"origin":120251,"position":5},"title":"Anses baja la tasa de los cr\u00e9ditos a los jubilados","author":"GB","date":"23\/12\/2019","format":false,"excerpt":"La medida la anunci\u00f3 este lunes en conferencia de prensa el director del organismo previsional, Alejandro Vanoli. El director de la Administraci\u00f3n Nacional de la Seguridad Social (Anses), Alejandro Vanoli, anunci\u00f3 este lunes que el organismo previsional bajar\u00e1 hasta un 12% la tasa de los cr\u00e9ditos a los jubilados y\u2026","rel":"","context":"En \u00abPol\u00edtica\u00bb","block_context":{"text":"Pol\u00edtica","link":"https:\/\/www.24baires.com\/?cat=51"},"img":{"alt_text":"","src":"https:\/\/i0.wp.com\/www.24baires.com\/wp-content\/uploads\/2019\/12\/vanoli.jpg?resize=350%2C200","width":350,"height":200,"srcset":"https:\/\/i0.wp.com\/www.24baires.com\/wp-content\/uploads\/2019\/12\/vanoli.jpg?resize=350%2C200 1x, https:\/\/i0.wp.com\/www.24baires.com\/wp-content\/uploads\/2019\/12\/vanoli.jpg?resize=525%2C300 1.5x"},"classes":[]}],"jetpack_sharing_enabled":true,"jetpack_likes_enabled":true,"_links":{"self":[{"href":"https:\/\/www.24baires.com\/index.php?rest_route=\/wp\/v2\/posts\/120251","targetHints":{"allow":["GET"]}}],"collection":[{"href":"https:\/\/www.24baires.com\/index.php?rest_route=\/wp\/v2\/posts"}],"about":[{"href":"https:\/\/www.24baires.com\/index.php?rest_route=\/wp\/v2\/types\/post"}],"author":[{"embeddable":true,"href":"https:\/\/www.24baires.com\/index.php?rest_route=\/wp\/v2\/users\/8"}],"replies":[{"embeddable":true,"href":"https:\/\/www.24baires.com\/index.php?rest_route=%2Fwp%2Fv2%2Fcomments&post=120251"}],"version-history":[{"count":1,"href":"https:\/\/www.24baires.com\/index.php?rest_route=\/wp\/v2\/posts\/120251\/revisions"}],"predecessor-version":[{"id":120253,"href":"https:\/\/www.24baires.com\/index.php?rest_route=\/wp\/v2\/posts\/120251\/revisions\/120253"}],"wp:attachment":[{"href":"https:\/\/www.24baires.com\/index.php?rest_route=%2Fwp%2Fv2%2Fmedia&parent=120251"}],"wp:term":[{"taxonomy":"category","embeddable":true,"href":"https:\/\/www.24baires.com\/index.php?rest_route=%2Fwp%2Fv2%2Fcategories&post=120251"},{"taxonomy":"post_tag","embeddable":true,"href":"https:\/\/www.24baires.com\/index.php?rest_route=%2Fwp%2Fv2%2Ftags&post=120251"}],"curies":[{"name":"wp","href":"https:\/\/api.w.org\/{rel}","templated":true}]}}