{"id":120249,"date":"2023-07-04T20:25:11","date_gmt":"2023-07-04T23:25:11","guid":{"rendered":"http:\/\/www.24baires.com\/?p=120249"},"modified":"2023-07-05T00:28:25","modified_gmt":"2023-07-05T03:28:25","slug":"el-13-de-julio-se-reune-el-consejo-del-salario-para-actualizar-el-monto-minimo","status":"publish","type":"post","link":"https:\/\/www.24baires.com\/?p=120249","title":{"rendered":"El 13 de julio se re\u00fane el Consejo del Salario para actualizar el monto m\u00ednimo"},"content":{"rendered":"<p><img data-recalc-dims=\"1\" loading=\"lazy\" decoding=\"async\" class=\"aligncenter wp-image-119713\" src=\"https:\/\/i0.wp.com\/www.24baires.com\/wp-content\/uploads\/2023\/01\/kelly-olmos.jpeg?resize=720%2C480\" alt=\"\" width=\"720\" height=\"480\" srcset=\"https:\/\/i0.wp.com\/www.24baires.com\/wp-content\/uploads\/2023\/01\/kelly-olmos.jpeg?w=960&amp;ssl=1 960w, https:\/\/i0.wp.com\/www.24baires.com\/wp-content\/uploads\/2023\/01\/kelly-olmos.jpeg?resize=300%2C200&amp;ssl=1 300w, https:\/\/i0.wp.com\/www.24baires.com\/wp-content\/uploads\/2023\/01\/kelly-olmos.jpeg?resize=768%2C512&amp;ssl=1 768w\" sizes=\"auto, (max-width: 720px) 100vw, 720px\" \/>La ministra Kelly Olmos llam\u00f3 a una reuni\u00f3n del Consejo Nacional del Empleo, la Productividad y el Salario para debatir una actualizaci\u00f3n del haber m\u00ednimo.<!--more--><\/p>\n<p>El Ministerio de Trabajo que encabeza Raquel Olmos convoc\u00f3 para el 13 de julio pr\u00f3ximo a sindicalistas y empresarios a discutir una nueva actualizaci\u00f3n del haber m\u00ednimo, vital y m\u00f3vil y de las prestaciones m\u00ednima y m\u00e1xima por desempleo, inform\u00f3 la cartera laboral.<\/p>\n<p>La cartera laboral convoc\u00f3 hoy a los integrantes del Consejo Nacional del Empleo, la Productividad y el Salario M\u00ednimo, Vital y M\u00f3vil a deliberar en sesi\u00f3n ordinaria a partir de las 16 del jueves pr\u00f3ximo de manera virtual, luego de la cual sindicalistas y empresarios discutir\u00e1n en una segunda reuni\u00f3n los montos de ese ingreso y de esas prestaciones, seg\u00fan lo determina el art\u00edculo 135 de la Ley 24.013 y sus modificatorias, indic\u00f3 el ministerio.<\/p>\n<p>El organismo, que preside el Ministerio Trabajo, fue creado por la Ley 24.013, reglamentada en 1991 por el decreto 2.725, que determin\u00f3 su organizaci\u00f3n institucional y operativa.<\/p>\n<p>El Consejo del Salario es presidido por la ministra Olmos y, los montos vigentes de ese ingreso y por desempleo, fueron decididos por \u00faltima vez el 21 de marzo.<\/p>\n<p>A partir del 1\u00b0 de abril \u00faltimo, ese ingreso fue de 80.342 pesos, en mayo aument\u00f3 a 84.512 y, en junio, a 87.987 pesos, sobre la base del \u00faltimo acuerdo entre las partes, que convinieron incrementos del 15,6%, 6% y 5%, respectivamente, no acumulativos.<\/p>\n<p>En el encuentro participar\u00e1n las c\u00e1maras empresarias de las variadas actividades, la CGT y ambas CTA (de los Trabajadores de Hugo Yasky y Aut\u00f3noma de Hugo Godoy).<\/p>\n<p>En la reuni\u00f3n de marzo \u00faltimo, la propuesta de aumento del m\u00ednimo fue aprobada por 30 votos, se abstuvo la CTA de Yasky y la rechaz\u00f3 la CTA Aut\u00f3noma, ocasi\u00f3n en la que gremialistas y empresarios convinieron una nueva convocatoria para este mes de julio.<\/p>\n<p>Fuente: A24<\/p>\n","protected":false},"excerpt":{"rendered":"<p>La ministra Kelly Olmos llam\u00f3 a una reuni\u00f3n del Consejo Nacional del Empleo, la Productividad y el Salario para debatir una actualizaci\u00f3n del haber m\u00ednimo.<\/p>\n","protected":false},"author":4,"featured_media":0,"comment_status":"closed","ping_status":"closed","sticky":false,"template":"","format":"standard","meta":{"_jetpack_newsletter_access":"","_jetpack_dont_email_post_to_subs":false,"_jetpack_newsletter_tier_id":0,"_jetpack_memberships_contains_paywalled_content":false,"_jetpack_memberships_contains_paid_content":false,"footnotes":""},"categories":[1],"tags":[],"class_list":["post-120249","post","type-post","status-publish","format-standard","hentry","category-sociedad"],"jetpack_featured_media_url":"","jetpack_shortlink":"https:\/\/wp.me\/p2JWE0-vhv","jetpack-related-posts":[{"id":118023,"url":"https:\/\/www.24baires.com\/?p=118023","url_meta":{"origin":120249,"position":0},"title":"Se re\u00fane el Consejo del Salario para fijar un nuevo aumento del m\u00ednimo","author":"GB","date":"21\/09\/2021","format":false,"excerpt":"Participar\u00e1n los representantes empresarios de las diversas c\u00e1maras de actividades, la CGT y ambas CTA. En el encuentro se determinar\u00e1n tambi\u00e9n los montos de la prestaci\u00f3n por desempleo El Gobierno nacional convoc\u00f3 para hoy, a partir de las 14, al Consejo Nacional del Empleo, la Productividad y el Salario m\u00ednimo,\u2026","rel":"","context":"En \u00abEconom\u00eda\u00bb","block_context":{"text":"Econom\u00eda","link":"https:\/\/www.24baires.com\/?cat=45"},"img":{"alt_text":"","src":"https:\/\/i0.wp.com\/www.24baires.com\/wp-content\/uploads\/2019\/02\/pesos.jpg?resize=350%2C200","width":350,"height":200,"srcset":"https:\/\/i0.wp.com\/www.24baires.com\/wp-content\/uploads\/2019\/02\/pesos.jpg?resize=350%2C200 1x, https:\/\/i0.wp.com\/www.24baires.com\/wp-content\/uploads\/2019\/02\/pesos.jpg?resize=525%2C300 1.5x"},"classes":[]},{"id":69303,"url":"https:\/\/www.24baires.com\/?p=69303","url_meta":{"origin":120249,"position":1},"title":"El Gobierno convoc\u00f3 al Consejo del Salario M\u00ednimo, Vital y M\u00f3vil","author":"AF","date":"20\/07\/2015","format":false,"excerpt":"La reuni\u00f3n en sesi\u00f3n plenaria extraordinaria ser\u00e1 este martes y buscar\u00e1 definir el nuevo piso salarial, actualmente fijado en 4716 pesos. El encuentro se realizar\u00e1 en la sede de Alem 650 del Ministerio de Trabajo. La reuni\u00f3n fue dispuesta a trav\u00e9s de la resoluci\u00f3n 3\/2015 publicada en el Bolet\u00edn Oficial.\u2026","rel":"","context":"En \u00abSociedad\u00bb","block_context":{"text":"Sociedad","link":"https:\/\/www.24baires.com\/?cat=1"},"img":{"alt_text":"tomada2","src":"https:\/\/i0.wp.com\/www.24baires.com\/wp-content\/uploads\/2013\/07\/tomada2.jpg?resize=350%2C200","width":350,"height":200,"srcset":"https:\/\/i0.wp.com\/www.24baires.com\/wp-content\/uploads\/2013\/07\/tomada2.jpg?resize=350%2C200 1x, https:\/\/i0.wp.com\/www.24baires.com\/wp-content\/uploads\/2013\/07\/tomada2.jpg?resize=525%2C300 1.5x"},"classes":[]},{"id":95466,"url":"https:\/\/www.24baires.com\/?p=95466","url_meta":{"origin":120249,"position":2},"title":"El Consejo del Salario se re\u00fane para fijar el nuevo valor del ingreso m\u00ednimo","author":"AF","date":"27\/06\/2017","format":false,"excerpt":"El Consejo Nacional del Empleo, la Productividad y el Salario M\u00ednimo, Vital y M\u00f3vil (CSMVM), que re\u00fane a funcionarios, gremios y empresarios, se reunir\u00e1 este martes para fijar un nuevo piso salarial, que en la actualidad es de 8.060 pesos. La reuni\u00f3n del Consejo del Salario tendr\u00e1 lugar en la\u2026","rel":"","context":"En \u00abSociedad\u00bb","block_context":{"text":"Sociedad","link":"https:\/\/www.24baires.com\/?cat=1"},"img":{"alt_text":"","src":"https:\/\/i0.wp.com\/www.24baires.com\/wp-content\/uploads\/2017\/06\/consejo-salario.png?resize=350%2C200","width":350,"height":200,"srcset":"https:\/\/i0.wp.com\/www.24baires.com\/wp-content\/uploads\/2017\/06\/consejo-salario.png?resize=350%2C200 1x, https:\/\/i0.wp.com\/www.24baires.com\/wp-content\/uploads\/2017\/06\/consejo-salario.png?resize=525%2C300 1.5x"},"classes":[]},{"id":111863,"url":"https:\/\/www.24baires.com\/?p=111863","url_meta":{"origin":120249,"position":3},"title":"El gobierno se re\u00fane con empresarios y la CGT para evaluar aumento del salario m\u00ednimo","author":"GB","date":"30\/08\/2019","format":false,"excerpt":"Desde el mediod\u00eda se espera que se lleve a cabo el encuentro entre las partes y en simult\u00e1neo habr\u00e1 manifestaciones para reclamar un incremento que pueda contener la p\u00e9rdida del poder adquisitivo. Este viernes desde las 12 el gobierno nacional encabezar\u00e1 la reuni\u00f3n del Consejo del Salario M\u00ednimo, Vital y\u2026","rel":"","context":"En \u00abPol\u00edtica\u00bb","block_context":{"text":"Pol\u00edtica","link":"https:\/\/www.24baires.com\/?cat=51"},"img":{"alt_text":"","src":"https:\/\/i0.wp.com\/www.24baires.com\/wp-content\/uploads\/2016\/09\/cgt.jpg?resize=350%2C200","width":350,"height":200,"srcset":"https:\/\/i0.wp.com\/www.24baires.com\/wp-content\/uploads\/2016\/09\/cgt.jpg?resize=350%2C200 1x, https:\/\/i0.wp.com\/www.24baires.com\/wp-content\/uploads\/2016\/09\/cgt.jpg?resize=525%2C300 1.5x"},"classes":[]},{"id":116503,"url":"https:\/\/www.24baires.com\/?p=116503","url_meta":{"origin":120249,"position":4},"title":"El Gobierno oficializ\u00f3 el aumento del salario m\u00ednimo vital y m\u00f3vil","author":"GB","date":"20\/10\/2020","format":false,"excerpt":"La \u00f3rbita nacional oficializ\u00f3 el incremento en tres tramos del salario m\u00ednimo, vital y m\u00f3vil, que en marzo del a\u00f1o que viene quedar\u00e1 fijado en 21.600 pesos. El Gobierno nacional oficializ\u00f3 este martes el aumento en tres tramos del salario m\u00ednimo, vital y m\u00f3vil, que en marzo del a\u00f1o que\u2026","rel":"","context":"En \u00abEconom\u00eda\u00bb","block_context":{"text":"Econom\u00eda","link":"https:\/\/www.24baires.com\/?cat=45"},"img":{"alt_text":"","src":"https:\/\/i0.wp.com\/www.24baires.com\/wp-content\/uploads\/2020\/10\/0037498969-300x225.jpg?resize=350%2C200","width":350,"height":200},"classes":[]},{"id":82706,"url":"https:\/\/www.24baires.com\/?p=82706","url_meta":{"origin":120249,"position":5},"title":"El Gobierno avala la posibilidad de descontar d\u00edas","author":"GB","date":"13\/05\/2016","format":false,"excerpt":"El ministro de Trabajo Jorge Triaca no descart\u00f3 la posibilidad de que en el marco de la reuni\u00f3n del Consejo del Salario el pr\u00f3ximo jueves tambi\u00e9n se discuta descontar los d\u00edas no trabajados a quienes realicen un paro en el marco de un plan de lucha sindical. El ministro de\u2026","rel":"","context":"En \u00abPol\u00edtica\u00bb","block_context":{"text":"Pol\u00edtica","link":"https:\/\/www.24baires.com\/?cat=51"},"img":{"alt_text":"triaca","src":"https:\/\/i0.wp.com\/www.24baires.com\/wp-content\/uploads\/2015\/12\/triaca.jpg?resize=350%2C200","width":350,"height":200,"srcset":"https:\/\/i0.wp.com\/www.24baires.com\/wp-content\/uploads\/2015\/12\/triaca.jpg?resize=350%2C200 1x, https:\/\/i0.wp.com\/www.24baires.com\/wp-content\/uploads\/2015\/12\/triaca.jpg?resize=525%2C300 1.5x"},"classes":[]}],"jetpack_sharing_enabled":true,"jetpack_likes_enabled":true,"_links":{"self":[{"href":"https:\/\/www.24baires.com\/index.php?rest_route=\/wp\/v2\/posts\/120249","targetHints":{"allow":["GET"]}}],"collection":[{"href":"https:\/\/www.24baires.com\/index.php?rest_route=\/wp\/v2\/posts"}],"about":[{"href":"https:\/\/www.24baires.com\/index.php?rest_route=\/wp\/v2\/types\/post"}],"author":[{"embeddable":true,"href":"https:\/\/www.24baires.com\/index.php?rest_route=\/wp\/v2\/users\/4"}],"replies":[{"embeddable":true,"href":"https:\/\/www.24baires.com\/index.php?rest_route=%2Fwp%2Fv2%2Fcomments&post=120249"}],"version-history":[{"count":1,"href":"https:\/\/www.24baires.com\/index.php?rest_route=\/wp\/v2\/posts\/120249\/revisions"}],"predecessor-version":[{"id":120250,"href":"https:\/\/www.24baires.com\/index.php?rest_route=\/wp\/v2\/posts\/120249\/revisions\/120250"}],"wp:attachment":[{"href":"https:\/\/www.24baires.com\/index.php?rest_route=%2Fwp%2Fv2%2Fmedia&parent=120249"}],"wp:term":[{"taxonomy":"category","embeddable":true,"href":"https:\/\/www.24baires.com\/index.php?rest_route=%2Fwp%2Fv2%2Fcategories&post=120249"},{"taxonomy":"post_tag","embeddable":true,"href":"https:\/\/www.24baires.com\/index.php?rest_route=%2Fwp%2Fv2%2Ftags&post=120249"}],"curies":[{"name":"wp","href":"https:\/\/api.w.org\/{rel}","templated":true}]}}