{"id":120244,"date":"2023-07-03T16:27:25","date_gmt":"2023-07-03T19:27:25","guid":{"rendered":"http:\/\/www.24baires.com\/?p=120244"},"modified":"2023-07-03T19:29:46","modified_gmt":"2023-07-03T22:29:46","slug":"el-gasoducto-nestor-kirchner-llega-a-la-provincia-de-buenos-aires","status":"publish","type":"post","link":"https:\/\/www.24baires.com\/?p=120244","title":{"rendered":"El gasoducto N\u00e9stor Kirchner llega a la provincia de Buenos Aires"},"content":{"rendered":"<p><img data-recalc-dims=\"1\" loading=\"lazy\" decoding=\"async\" class=\"aligncenter wp-image-120245\" src=\"https:\/\/i0.wp.com\/www.24baires.com\/wp-content\/uploads\/2023\/07\/gasoducto.jpg?resize=720%2C480\" alt=\"\" width=\"720\" height=\"480\" srcset=\"https:\/\/i0.wp.com\/www.24baires.com\/wp-content\/uploads\/2023\/07\/gasoducto.jpg?w=960&amp;ssl=1 960w, https:\/\/i0.wp.com\/www.24baires.com\/wp-content\/uploads\/2023\/07\/gasoducto.jpg?resize=300%2C200&amp;ssl=1 300w, https:\/\/i0.wp.com\/www.24baires.com\/wp-content\/uploads\/2023\/07\/gasoducto.jpg?resize=768%2C512&amp;ssl=1 768w\" sizes=\"auto, (max-width: 720px) 100vw, 720px\" \/>Kicillof se prepara para ser el anfitri\u00f3n, el domingo que viene, 9 de julio, de un gran acto para celebrar en Salliquel\u00f3 el llenado del gasoducto que viene de Vaca Muerta y estrenar\u00e1 un tramo bonaerense.<!--more--><\/p>\n<p>El 1852 Juan Bautista Alberdi acu\u00f1o aquella frase de \u00abGobernar es poblar\u00bb. En esos a\u00f1os la Confederaci\u00f3n Argentina ten\u00eda menos de dos millones de habitantes y un enorme territorio a ocupar y consolidar. Hoy la frase de un hombre de Estado es otra: gobernar es crear trabajo. Obvio se trata de crear trabajo registrado y con salarios dignos. Pero para generar nuevos empleos de calidad hacen falta nuevas inversiones. Y una cosa es tener la iniciativa y las ganas, y otra cosa bastante m\u00e1s compleja es conseguir los recursos, ya sean para inversiones estatales o privadas.<\/p>\n<p>El pr\u00f3ximo domingo 9 de Julio , el gobernador Axel Kicillof junto a las m\u00e1ximas autoridades nacionales estar\u00e1 en Salliquel\u00f3, en el oeste de la provincia de Buenos Aires. Va a inaugurar el primer tramo del Gasoducto N\u00e9stor Kirchner, que viene desde los yacimientos de Vaca Muerta. Una obra que permitir\u00e1 ahorrar varios miles de millones de d\u00f3lares en importaci\u00f3n de gas durante los meses de invierno. Y que para los bonaerenses significar\u00e1 m\u00e1s y mejor provisi\u00f3n de gas natural a nivel industrial y residencial. A Salliquel\u00f3 llegar\u00e1 el gas de Tratay\u00e9n, en Neuqu\u00e9n, atravesando las provincias de Neuqu\u00e9n, R\u00edo Negro, La Pampa y Buenos Aires<\/p>\n<p>Salliquel\u00f3 se afirmar\u00e1, as\u00ed como un nodo de gasoductos. Actualmente ya existe uno que va de Bahia Blanca a Salliquel\u00f3. Ese gasoducto podr\u00eda invertir el flujo, y en los meses de verano para llevar gas a Bah\u00eda Blanca con la finalidad de abastecer un sistemas de plantas modulares de producci\u00f3n y exportaci\u00f3n de GNL, y\/o abastecer a Profertil, que est\u00e1 evaluando la construcci\u00f3n de una nueva planta de urea con una inversi\u00f3n de 1200 millones de d\u00f3lares.<\/p>\n<p>Por eso Kicillof dijo que \u201cBuenos Aires ya es una provincia petrolera, porque es donde se industrializa el mayor volumen de hidrocarburos del pa\u00eds\u201d . Hablaba de Ensenada, pero ya no solo de Ensenada.<\/p>\n<p>Hoy todos miran hacia el oeste, por donde ingresan los gasoductos a la Provincia, pero en un a\u00f1o m\u00e1s todos mirar\u00e1n tambi\u00e9n hacia el este. Hacia el mar bonaerense desde donde se est\u00e1 avizorando un futuro muy promisorio: la producci\u00f3n offshore en la Cuenca Argentina Norte.<\/p>\n<p>Un ejemplo de Brasil<br \/>\nQuien haya ido a Macae, en Brasil, o lea sobre esa ciudad, entender\u00e1 de qu\u00e9 se trata. Macae es la base de Petrobr\u00e1s para la actividad offshore. Su Intendente C\u00e9lio Chapeta lo primero que muestra, orgulloso, es el grafico de la creaci\u00f3n de 21 mil empleos privados en sus dos a\u00f1os de gesti\u00f3n 2021 y 2022. Claro que el m\u00e9rito no es exclusivamente suyo. Pero en todos lados es igual. Aqu\u00ed, naturalmente, cualquier intendente estar\u00eda orgulloso de poder exhibir un resultado as\u00ed.<\/p>\n<p>Las posibilidades que ofrece la exploraci\u00f3n de hidrocarburos en la Cuenca Argentina Norte no son meras fantas\u00edas. Pueden verse sus resultados aqu\u00ed cerca, en Brasil, e incluso m\u00e1s cerca, en Neuqu\u00e9n con la explotaci\u00f3n de Vaca Muerta. Y tal vez dentro de pocos a\u00f1os la Intendenta o Intendente de Mar del Plata y\/o otras ciudades bonaerenses, puedan mostrar a los visitantes extranjeros la creaci\u00f3n de puestos de trabajo, como los que exhibe el intendente de Macae.<\/p>\n<p>Seg\u00fan un estudio del CEP, Centro de Estudios para la Producci\u00f3n, en el sector de petr\u00f3leo y gas por cada nuevo puesto directo, se crean 5,1 indirectos. Es la actividad que mayor cantidad de puestos indirectos genera.<\/p>\n<p>De acuerdo al informe, la cadena de valor del petr\u00f3leo y el gas en Argentina est\u00e1 compuesta por 37 grandes compa\u00f1\u00edas que compran bienes y servicios a 9.957 empresas, de las cuales 7.734 son PyMes. Seg\u00fan indica en el informe, existen alrededor de 65.000 empleos formales, y el empleo indirecto puede estimarse en alrededor de 325.000 puestos; es decir que en total, el sector da trabajo a m\u00e1s de 390.000 personas.<\/p>\n<p>En Neuqu\u00e9n, trabajadores directos, afiliados al Sindicato de Petroleros Privados, hay aproximadamente 25 mil trabajadores. Y se calcula unos 60 mil mas de las empresas proveedoras. Otros 40 mil empleos indirectos est\u00e1n fuera de la provincia, porque las industrias proveedoras se reparten por todas las provincias. La ciudad de Buenos Aires acapara el 34,5% de las empresas proveedoras, (se explica porque es la sede administrativa de las grandes petroleras). En segundo lugar aparece la provincia de Buenos Aires, que aglutina el 26,3% del total con 2.027 empresas, Santa Fe con 407 empresas, Mendoza con 374, C\u00f3rdoba con 223. El impacto en materia de empleo no es solo en las provincias productoras sino en todo el pa\u00eds.<\/p>\n<p>Hay dos ejemplos, que est\u00e1n dentro de las 2.027 empresas de la provincia de Buenos Aires.<\/p>\n<p>Esta semana los diarios neuquinos anunciaron que \u201c YPF realiz\u00f3 la primera fractura en Vaca Muerta con un equipamiento totalmente novedoso, alimentado cien por ciento a gas. El mismo cuenta con una potencia, que duplica a los equipos que se utilizan hoy. Una bomba alimentada a gas significa un paso m\u00e1s que da YPF en su plan de reducci\u00f3n de emisiones de carbono\u00bb. Informaban que si bien algunos componentes son importados, el equipamiento operado por la compa\u00f1\u00eda Schlumberger se construy\u00f3 en la firma QM Equipment de Mar del Plata .<\/p>\n<p>Probablemente, pocos bonaerenses conocen que una veintena de empresas marplatenses, nucleadas en el Cluster de Energia, desde hace varios a\u00f1os son proveedoras de equipos de alto nivel tecnol\u00f3gico para la actividad de gas y petr\u00f3leo. Incluso QM Equipment exporta maquinarias a Sudam\u00e9rica, Medio Oriente, \u00c1frica, Rusia y EEUU . El grupo de empresas del Cluster de Energ\u00eda, da trabajo a 1200 operarios, de los cuales 250 son ingenieros.<\/p>\n<p>En el partido de Escobar se encuentra la planta de Socotherm America, que cuenta con 200 operarios calificados. Se trata de una empresa argentina, que invent\u00f3 un sistema especial de recubrimiento de ca\u00f1os de acero, que se usan en el offshore, y otras actividades de gas y petr\u00f3leo. Socotherm desde hace a\u00f1os es proveedor de Petrobr\u00e1s en el offshore brasile\u00f1o. En este momento el grupo empresario participa en el construcci\u00f3n del mayor oleoducto del continente africano.<\/p>\n<p>La industria bonaerense ya est\u00e1 potencialmente preparada, para participar en las actividades de offshore . Claro que es absolutamente necesario que desde el Estado nacional y provincial, se fomente la participaci\u00f3n de la industria nacional en estos emprendimientos. Algunas iniciativas legislativas como la que present\u00f3 el senador provincial Francisco Paco Dura\u00f1ona apuntan en esa direcci\u00f3n.<\/p>\n<p>\u00bfCu\u00e1l ser\u00e1 el impacto a nivel de empleo del offshore en Mar del Plata y zonas aleda\u00f1as? Un detallado estudio en la Consultora Ecolatina, determin\u00f3 que con el primer descubrimiento (el yacimiento Argerich) se van a crear 27 mil puestos de empleo entre directos, indirectos e inducidos. Ahora, si como se prevee, se llega en pocos a\u00f1os a diez yacimientos en producci\u00f3n, se podr\u00eda alcanzar 212 mil nuevos empleos entre directos, indirectos e inducidos.<\/p>\n<p>Para ejemplificar, el empleo directo es el trabajador petrolero y el indirecto ser\u00edan los trabajadores del Cluster de Energ\u00eda proveedores de equipos y servicios, y el inducido ser\u00eda el impacto de mayor cantidad de trabajadores y empresas consumiendo bienes y servicios en la ciudad, que movilizan sectores como el comercio, la gastronom\u00eda y la construcci\u00f3n de viviendas.<\/p>\n<p>Fuente: Aldo Duzdevich \/ P\u00e1gina 12<\/p>\n","protected":false},"excerpt":{"rendered":"<p>Kicillof se prepara para ser el anfitri\u00f3n, el domingo que viene, 9 de julio, de un gran acto para celebrar en Salliquel\u00f3 el llenado del gasoducto que viene de Vaca Muerta y estrenar\u00e1 un tramo bonaerense.<\/p>\n","protected":false},"author":4,"featured_media":0,"comment_status":"closed","ping_status":"closed","sticky":false,"template":"","format":"standard","meta":{"_jetpack_newsletter_access":"","_jetpack_dont_email_post_to_subs":false,"_jetpack_newsletter_tier_id":0,"_jetpack_memberships_contains_paywalled_content":false,"_jetpack_memberships_contains_paid_content":false,"footnotes":""},"categories":[1],"tags":[],"class_list":["post-120244","post","type-post","status-publish","format-standard","hentry","category-sociedad"],"jetpack_featured_media_url":"","jetpack_shortlink":"https:\/\/wp.me\/p2JWE0-vhq","jetpack-related-posts":[{"id":119594,"url":"https:\/\/www.24baires.com\/?p=119594","url_meta":{"origin":120244,"position":0},"title":"Avanzan las obras del Gasoducto N\u00e9stor Kirchner","author":"AF","date":"29\/11\/2022","format":false,"excerpt":"\u201cEl gasoducto es m\u00e1s trabajo, y m\u00e1s industrias y energ\u00eda barata en las casas de las familias\u201d, dijo el ministro del Interior, Eduardo De Pedro, en una rueda de prensa realizada en el obrador PK 60, uno de los frentes de obra del gasoducto. El ministro del Interior, Eduardo De\u2026","rel":"","context":"En \u00abSociedad\u00bb","block_context":{"text":"Sociedad","link":"https:\/\/www.24baires.com\/?cat=1"},"img":{"alt_text":"","src":"https:\/\/i0.wp.com\/www.24baires.com\/wp-content\/uploads\/2022\/11\/gasoductoo.jpg?resize=350%2C200","width":350,"height":200,"srcset":"https:\/\/i0.wp.com\/www.24baires.com\/wp-content\/uploads\/2022\/11\/gasoductoo.jpg?resize=350%2C200 1x, https:\/\/i0.wp.com\/www.24baires.com\/wp-content\/uploads\/2022\/11\/gasoductoo.jpg?resize=525%2C300 1.5x, https:\/\/i0.wp.com\/www.24baires.com\/wp-content\/uploads\/2022\/11\/gasoductoo.jpg?resize=700%2C400 2x"},"classes":[]},{"id":120266,"url":"https:\/\/www.24baires.com\/?p=120266","url_meta":{"origin":120244,"position":1},"title":"El Gasoducto N\u00e9stor Kirchner es la mayor obra energ\u00e9tica en 30 a\u00f1os","author":"GB","date":"10\/07\/2023","format":false,"excerpt":"Con la esperada foto de unidad, Cristina, Massa, Alberto y Rossi inauguraron la obra energ\u00e9tica m\u00e1s imponente e importante de las \u00faltimas d\u00e9cadas: el gasoducto presidente N\u00e9stor Kirchner. El presidente Alberto Fern\u00e1ndez, la vicepresidenta Cristina Fern\u00e1ndez de Kirchner y el ministro de Econom\u00eda y precandidato presidencial de Uni\u00f3n por la\u2026","rel":"","context":"En \u00abPol\u00edtica\u00bb","block_context":{"text":"Pol\u00edtica","link":"https:\/\/www.24baires.com\/?cat=51"},"img":{"alt_text":"","src":"https:\/\/i0.wp.com\/www.24baires.com\/wp-content\/uploads\/2023\/07\/gasoducto.jpeg?resize=350%2C200","width":350,"height":200,"srcset":"https:\/\/i0.wp.com\/www.24baires.com\/wp-content\/uploads\/2023\/07\/gasoducto.jpeg?resize=350%2C200 1x, https:\/\/i0.wp.com\/www.24baires.com\/wp-content\/uploads\/2023\/07\/gasoducto.jpeg?resize=525%2C300 1.5x, https:\/\/i0.wp.com\/www.24baires.com\/wp-content\/uploads\/2023\/07\/gasoducto.jpeg?resize=700%2C400 2x"},"classes":[]},{"id":120302,"url":"https:\/\/www.24baires.com\/?p=120302","url_meta":{"origin":120244,"position":2},"title":"El Gasoducto N\u00e9stor Kirchner est\u00e1 llenado en un 55%","author":"AF","date":"21\/07\/2023","format":false,"excerpt":"La empresa estatal Energ\u00eda Argentina inform\u00f3 este viernes que contin\u00faa el llenado del Gasoducto Presidente N\u00e9stor Kirchner y que este proceso finalizar\u00e1 la pr\u00f3xima semana, con lo que de ah\u00ed en m\u00e1s el gas proveniente de Vaca Muerta comenzar\u00e1 a circular por el sistema de distribuci\u00f3n. \u201cContinuamos con el llenado\u2026","rel":"","context":"En \u00abSociedad\u00bb","block_context":{"text":"Sociedad","link":"https:\/\/www.24baires.com\/?cat=1"},"img":{"alt_text":"","src":"https:\/\/i0.wp.com\/www.24baires.com\/wp-content\/uploads\/2023\/07\/gasoducto-1.jpg?resize=350%2C200","width":350,"height":200,"srcset":"https:\/\/i0.wp.com\/www.24baires.com\/wp-content\/uploads\/2023\/07\/gasoducto-1.jpg?resize=350%2C200 1x, https:\/\/i0.wp.com\/www.24baires.com\/wp-content\/uploads\/2023\/07\/gasoducto-1.jpg?resize=525%2C300 1.5x, https:\/\/i0.wp.com\/www.24baires.com\/wp-content\/uploads\/2023\/07\/gasoducto-1.jpg?resize=700%2C400 2x"},"classes":[]},{"id":18367,"url":"https:\/\/www.24baires.com\/?p=18367","url_meta":{"origin":120244,"position":3},"title":"D\u00edaz P\u00e9rez estuvo presente en Tecn\u00f3polis junto a Cristina y nuevas pol\u00edticas sociales","author":"AF","date":"14\/03\/2013","format":false,"excerpt":"El intendente de Lan\u00fas asisti\u00f3 al acto llevado a cabo en el predio de Villa Martelli, donde la Presidenta de la Naci\u00f3n realiz\u00f3 varios anuncios sobre Pol\u00edticas Sociales, y tres videoconferencias simult\u00e1neas para inaugurar obras en las ciudades bonaerenses de Pehuaj\u00f3, Las Flores y en Telen, Provincia de La Pampa.\u2026","rel":"","context":"En \u00abLocales\u00bb","block_context":{"text":"Locales","link":"https:\/\/www.24baires.com\/?cat=38"},"img":{"alt_text":"","src":"","width":0,"height":0},"classes":[]},{"id":120269,"url":"https:\/\/www.24baires.com\/?p=120269","url_meta":{"origin":120244,"position":4},"title":"Cristina a Macri: \u201cUsted es muy mentiroso, ingeniero\u201d","author":"AF","date":"10\/07\/2023","format":false,"excerpt":"Los ex mandatarios se cruzaron en Twitter por la pol\u00edtica energ\u00e9tica de sus gobiernos y la inauguraci\u00f3n de la obra en Salliquel\u00f3. El dirigente de Juntos por el Cambio hab\u00eda calificado al kirchnerismo como el \u201cpeor gobierno de la historia\u201d. La vicepresidenta Cristina Fern\u00e1ndez de Kirchner tild\u00f3 hoy de \u201cmuy\u2026","rel":"","context":"En \u00abPol\u00edtica\u00bb","block_context":{"text":"Pol\u00edtica","link":"https:\/\/www.24baires.com\/?cat=51"},"img":{"alt_text":"","src":"https:\/\/i0.wp.com\/www.24baires.com\/wp-content\/uploads\/2021\/10\/macri.jpg?resize=350%2C200","width":350,"height":200,"srcset":"https:\/\/i0.wp.com\/www.24baires.com\/wp-content\/uploads\/2021\/10\/macri.jpg?resize=350%2C200 1x, https:\/\/i0.wp.com\/www.24baires.com\/wp-content\/uploads\/2021\/10\/macri.jpg?resize=525%2C300 1.5x, https:\/\/i0.wp.com\/www.24baires.com\/wp-content\/uploads\/2021\/10\/macri.jpg?resize=700%2C400 2x"},"classes":[]},{"id":119282,"url":"https:\/\/www.24baires.com\/?p=119282","url_meta":{"origin":120244,"position":5},"title":"YPF y Petronas avanzar\u00e1n en desarrollo de GNL con gas de Vaca Muerta","author":"AF","date":"01\/09\/2022","format":false,"excerpt":"Alberto Fern\u00e1ndez, junto al titular de YPF, encabezaron el anuncio de una alianza entre la petrolera argentina y la firma de Malasia. El mandatario asegur\u00f3 que el acuerdo de YPF y Petronas es \"una piedra fundacional\" para la Argentina. YPF y la petrolera malaya Petronas firmaron un Acuerdo de Estudio\u2026","rel":"","context":"En \u00abPol\u00edtica\u00bb","block_context":{"text":"Pol\u00edtica","link":"https:\/\/www.24baires.com\/?cat=51"},"img":{"alt_text":"","src":"https:\/\/i0.wp.com\/www.24baires.com\/wp-content\/uploads\/2022\/09\/6311332ff3e7b_900.jpg?resize=350%2C200","width":350,"height":200,"srcset":"https:\/\/i0.wp.com\/www.24baires.com\/wp-content\/uploads\/2022\/09\/6311332ff3e7b_900.jpg?resize=350%2C200 1x, https:\/\/i0.wp.com\/www.24baires.com\/wp-content\/uploads\/2022\/09\/6311332ff3e7b_900.jpg?resize=525%2C300 1.5x, https:\/\/i0.wp.com\/www.24baires.com\/wp-content\/uploads\/2022\/09\/6311332ff3e7b_900.jpg?resize=700%2C400 2x"},"classes":[]}],"jetpack_sharing_enabled":true,"jetpack_likes_enabled":true,"_links":{"self":[{"href":"https:\/\/www.24baires.com\/index.php?rest_route=\/wp\/v2\/posts\/120244","targetHints":{"allow":["GET"]}}],"collection":[{"href":"https:\/\/www.24baires.com\/index.php?rest_route=\/wp\/v2\/posts"}],"about":[{"href":"https:\/\/www.24baires.com\/index.php?rest_route=\/wp\/v2\/types\/post"}],"author":[{"embeddable":true,"href":"https:\/\/www.24baires.com\/index.php?rest_route=\/wp\/v2\/users\/4"}],"replies":[{"embeddable":true,"href":"https:\/\/www.24baires.com\/index.php?rest_route=%2Fwp%2Fv2%2Fcomments&post=120244"}],"version-history":[{"count":1,"href":"https:\/\/www.24baires.com\/index.php?rest_route=\/wp\/v2\/posts\/120244\/revisions"}],"predecessor-version":[{"id":120246,"href":"https:\/\/www.24baires.com\/index.php?rest_route=\/wp\/v2\/posts\/120244\/revisions\/120246"}],"wp:attachment":[{"href":"https:\/\/www.24baires.com\/index.php?rest_route=%2Fwp%2Fv2%2Fmedia&parent=120244"}],"wp:term":[{"taxonomy":"category","embeddable":true,"href":"https:\/\/www.24baires.com\/index.php?rest_route=%2Fwp%2Fv2%2Fcategories&post=120244"},{"taxonomy":"post_tag","embeddable":true,"href":"https:\/\/www.24baires.com\/index.php?rest_route=%2Fwp%2Fv2%2Ftags&post=120244"}],"curies":[{"name":"wp","href":"https:\/\/api.w.org\/{rel}","templated":true}]}}