{"id":120238,"date":"2023-06-30T18:53:01","date_gmt":"2023-06-30T21:53:01","guid":{"rendered":"http:\/\/www.24baires.com\/?p=120238"},"modified":"2023-06-30T18:53:01","modified_gmt":"2023-06-30T21:53:01","slug":"argentina-le-pago-al-fmi-us-2-700-millones-sin-usar-dolares-de-las-reservas","status":"publish","type":"post","link":"https:\/\/www.24baires.com\/?p=120238","title":{"rendered":"Argentina le pag\u00f3 al FMI u$s 2.700 millones sin usar d\u00f3lares de las reservas"},"content":{"rendered":"<p><img data-recalc-dims=\"1\" loading=\"lazy\" decoding=\"async\" class=\"aligncenter wp-image-120239\" src=\"https:\/\/i0.wp.com\/www.24baires.com\/wp-content\/uploads\/2023\/06\/fmi.jpeg?resize=720%2C480\" alt=\"\" width=\"720\" height=\"480\" srcset=\"https:\/\/i0.wp.com\/www.24baires.com\/wp-content\/uploads\/2023\/06\/fmi.jpeg?w=960&amp;ssl=1 960w, https:\/\/i0.wp.com\/www.24baires.com\/wp-content\/uploads\/2023\/06\/fmi.jpeg?resize=300%2C200&amp;ssl=1 300w, https:\/\/i0.wp.com\/www.24baires.com\/wp-content\/uploads\/2023\/06\/fmi.jpeg?resize=768%2C512&amp;ssl=1 768w\" sizes=\"auto, (max-width: 720px) 100vw, 720px\" \/>La cartera que conduce Sergio Massa confirm\u00f3 que se hizo el pago de los vencimientos de junio al organismo internacional utilizando DEGs y yuanes. Un equipo econ\u00f3mico encabezado por Leonardo Madcur y Gabriel Rubinstein ir\u00e1 a Washington la semana que viene.<!--more--><\/p>\n<p>Argentina le pag\u00f3 este viernes al Fondo Monetario Internacional el vencimiento de 2.700 millones de d\u00f3lares con yuanes y Derechos Especiales de Giro (DEG). El Palacio de Hacienda confirm\u00f3 el pago y adem\u00e1s inform\u00f3 que un equipo encabezado por el viceministro de Econom\u00eda, Gabriel Rubinstein, y el jefe de asesores, Leonardo Madcur, viajar\u00e1 a Washington a comienzos de la semana pr\u00f3xima para intentar cerrar un acuerdo. El Fondo tambi\u00e9n emiti\u00f3 su comunicado en el que inform\u00f3 que \u00abel personal del FMI y las autoridades argentinas continuar\u00e1n avanzando en su trabajo conjunto en los pr\u00f3ximos d\u00edas, con el objetivo de llegar a un acuerdo sobre la quinta revisi\u00f3n del programa\u00bb.<\/p>\n<p>La modalidad de pago \u201csin usar d\u00f3lares\u201d hab\u00eda sido anticipada el jueves por voceros del \u00e1rea econ\u00f3mica. El desembolso combin\u00f3 DEGs y yuanes de libre disponibilidad con los que luego el Fondo compra DEGs entre aquellos pa\u00edses a los que les interesen los yuanes. Una alternativa es que los canje\u00e9 directamente con China. De este modo, el gobierno evit\u00f3 tener que desembolsar d\u00f3lares en un momento en el que las reservas del Banco Central se encuentran en un nivel cr\u00edtico.<\/p>\n<p>Ahora resta cerrar el acuerdo con el staff del FMI. A principios de junio, durante el cierre de su gira por China, el ministro de Econom\u00eda, Sergio Massa, hab\u00eda adelantado que dentro de los pr\u00f3ximos diez d\u00edas iba a viajar a Estados Unidos para cerrar el acuerdo, pero luego los plazos se fueron estirando por las dificultades para consensuar con la burocracia del FMI.<\/p>\n<p>La directora de Comunicaciones del Fondo, Julie Kozack, inform\u00f3 este viernes que \u00ablas discusiones t\u00e9cnicas contin\u00faan sobre un paquete de pol\u00edticas para salvaguardar la estabilidad econ\u00f3mica, en el contexto de una situaci\u00f3n desafiante, en parte afectada por la sequ\u00eda hist\u00f3rica\u00bb. Luego agreg\u00f3 que \u00ablas discusiones est\u00e1n enfocadas en fortalecer las pol\u00edticas macroecon\u00f3micas para apoyar la acumulaci\u00f3n de reservas y mejorar la sostenibilidad fiscal, protegiendo al mismo tiempo a los m\u00e1s vulnerables\u00bb.<\/p>\n<p>Massa busca un adelanto de los desembolsos que deber\u00eda hacer el organismo multilateral entre junio y diciembre, unos 10.600 millones de d\u00f3lares. En la conferencia anual de la C\u00e1mara de la Construcci\u00f3n, el funcionario hab\u00eda anticipado que el acuerdo con el Fondo se anunciar\u00eda \u00aben las pr\u00f3ximas horas\u00bb, pero por ahora la definici\u00f3n se sigue haciendo desear.<\/p>\n<p>Fuente: P\u00e1gina 12<\/p>\n","protected":false},"excerpt":{"rendered":"<p>La cartera que conduce Sergio Massa confirm\u00f3 que se hizo el pago de los vencimientos de junio al organismo internacional utilizando DEGs y yuanes. Un equipo econ\u00f3mico encabezado por Leonardo Madcur y Gabriel Rubinstein ir\u00e1 a Washington la semana que viene.<\/p>\n","protected":false},"author":4,"featured_media":0,"comment_status":"closed","ping_status":"closed","sticky":false,"template":"","format":"standard","meta":{"_jetpack_newsletter_access":"","_jetpack_dont_email_post_to_subs":false,"_jetpack_newsletter_tier_id":0,"_jetpack_memberships_contains_paywalled_content":false,"_jetpack_memberships_contains_paid_content":false,"footnotes":""},"categories":[45],"tags":[],"class_list":["post-120238","post","type-post","status-publish","format-standard","hentry","category-economia"],"jetpack_featured_media_url":"","jetpack_shortlink":"https:\/\/wp.me\/p2JWE0-vhk","jetpack-related-posts":[{"id":120233,"url":"https:\/\/www.24baires.com\/?p=120233","url_meta":{"origin":120238,"position":0},"title":"El Gobierno argentino pagar\u00e1 vencimientos al FMI con DEG y yuanes","author":"AF","date":"29\/06\/2023","format":false,"excerpt":"De esta manera \u201cse cumple con lo que se acord\u00f3 con el Fondo y al mismo tiempo no se pondr\u00e1n en riesgo las Reservas del Banco Central\u201d, inform\u00f3 la vocera presidencial, Gabriela Cerrutti. El Ministerio de Econom\u00eda anunci\u00f3 que este viernes pagar\u00e1 al Fondo Monetario Internacional (FMI) US$ 2.700 millones,\u2026","rel":"","context":"En \u00abEconom\u00eda\u00bb","block_context":{"text":"Econom\u00eda","link":"https:\/\/www.24baires.com\/?cat=45"},"img":{"alt_text":"","src":"https:\/\/i0.wp.com\/www.24baires.com\/wp-content\/uploads\/2019\/08\/fmi.jpg?resize=350%2C200","width":350,"height":200,"srcset":"https:\/\/i0.wp.com\/www.24baires.com\/wp-content\/uploads\/2019\/08\/fmi.jpg?resize=350%2C200 1x, https:\/\/i0.wp.com\/www.24baires.com\/wp-content\/uploads\/2019\/08\/fmi.jpg?resize=525%2C300 1.5x, https:\/\/i0.wp.com\/www.24baires.com\/wp-content\/uploads\/2019\/08\/fmi.jpg?resize=700%2C400 2x"},"classes":[]},{"id":120179,"url":"https:\/\/www.24baires.com\/?p=120179","url_meta":{"origin":120238,"position":1},"title":"Massa contin\u00faa la negociaci\u00f3n con el FMI con el eje en el \u00abda\u00f1o\u00bb por la sequ\u00eda","author":"AF","date":"13\/06\/2023","format":false,"excerpt":"En un acto en la f\u00e1brica automotriz Ford en Pacheco el ministro cont\u00f3 que lac conversaciones con el organismo de cr\u00e9dito se desarrollan de modo virtual y luego ir\u00e1 una misi\u00f3n a Washington para cerrar el acuerdo. El ministro de Econom\u00eda, Sergio Massa, confirm\u00f3 este martes que contin\u00faan las negociaciones\u2026","rel":"","context":"En \u00abEconom\u00eda\u00bb","block_context":{"text":"Econom\u00eda","link":"https:\/\/www.24baires.com\/?cat=45"},"img":{"alt_text":"","src":"https:\/\/i0.wp.com\/www.24baires.com\/wp-content\/uploads\/2023\/05\/massa-scaled.jpg?resize=350%2C200","width":350,"height":200,"srcset":"https:\/\/i0.wp.com\/www.24baires.com\/wp-content\/uploads\/2023\/05\/massa-scaled.jpg?resize=350%2C200 1x, https:\/\/i0.wp.com\/www.24baires.com\/wp-content\/uploads\/2023\/05\/massa-scaled.jpg?resize=525%2C300 1.5x, https:\/\/i0.wp.com\/www.24baires.com\/wp-content\/uploads\/2023\/05\/massa-scaled.jpg?resize=700%2C400 2x"},"classes":[]},{"id":120294,"url":"https:\/\/www.24baires.com\/?p=120294","url_meta":{"origin":120238,"position":2},"title":"Argentina inici\u00f3 las negociaciones con el FMI para cerrar el acuerdo","author":"AF","date":"18\/07\/2023","format":false,"excerpt":"Funcionarios del Ministerio de Econom\u00eda ya iniciaron las reuniones con el equipo t\u00e9cnico del Fondo Monetario Internacional para acordar los detalles finales del entendimiento. Massa viajar\u00eda esta semana. El secretario de Pol\u00edtica Econ\u00f3mica, Gabriel Rubinstein; el jefe de asesores del Ministerio de Econom\u00eda, Leonardo Madcur; y el vicepresidente del Banco\u2026","rel":"","context":"En \u00abEconom\u00eda\u00bb","block_context":{"text":"Econom\u00eda","link":"https:\/\/www.24baires.com\/?cat=45"},"img":{"alt_text":"","src":"https:\/\/i0.wp.com\/www.24baires.com\/wp-content\/uploads\/2023\/06\/fmi.jpeg?resize=350%2C200","width":350,"height":200,"srcset":"https:\/\/i0.wp.com\/www.24baires.com\/wp-content\/uploads\/2023\/06\/fmi.jpeg?resize=350%2C200 1x, https:\/\/i0.wp.com\/www.24baires.com\/wp-content\/uploads\/2023\/06\/fmi.jpeg?resize=525%2C300 1.5x, https:\/\/i0.wp.com\/www.24baires.com\/wp-content\/uploads\/2023\/06\/fmi.jpeg?resize=700%2C400 2x"},"classes":[]},{"id":119959,"url":"https:\/\/www.24baires.com\/?p=119959","url_meta":{"origin":120238,"position":3},"title":"El FMI calcula que el impacto de la sequ\u00eda es de 9000 millones de d\u00f3lares","author":"AF","date":"29\/03\/2023","format":false,"excerpt":"En Econom\u00eda dejaron trascender que, para el Fondo Monetario Internacional, las consecuencias de la hist\u00f3rica seca es menor a lo que calcul\u00f3 la Bolsa de Rosario. Los planes para nuevo d\u00f3lar a las econom\u00edas regionales, las reservas en el Banco Central y la renegociaci\u00f3n del programa con el Fondo. El\u2026","rel":"","context":"En \u00abEconom\u00eda\u00bb","block_context":{"text":"Econom\u00eda","link":"https:\/\/www.24baires.com\/?cat=45"},"img":{"alt_text":"","src":"https:\/\/i0.wp.com\/www.24baires.com\/wp-content\/uploads\/2023\/03\/massa-fmi.jpeg?resize=350%2C200","width":350,"height":200,"srcset":"https:\/\/i0.wp.com\/www.24baires.com\/wp-content\/uploads\/2023\/03\/massa-fmi.jpeg?resize=350%2C200 1x, https:\/\/i0.wp.com\/www.24baires.com\/wp-content\/uploads\/2023\/03\/massa-fmi.jpeg?resize=525%2C300 1.5x, https:\/\/i0.wp.com\/www.24baires.com\/wp-content\/uploads\/2023\/03\/massa-fmi.jpeg?resize=700%2C400 2x"},"classes":[]},{"id":120291,"url":"https:\/\/www.24baires.com\/?p=120291","url_meta":{"origin":120238,"position":4},"title":"Cristina: \u201cEl FMI se tiene que hacer cargo de los desmanejos de la directora anterior\u201d","author":"AF","date":"17\/07\/2023","format":false,"excerpt":"En el acto por los 15 a\u00f1os de estatizaci\u00f3n de Aerol\u00edneas Argentinas que comparti\u00f3 con el ministro y precandidato presidencial Sergio Massa, la vicepresidenta Cristina Fern\u00e1ndez de Kirchner inst\u00f3 a la conducci\u00f3n del Fondo Monetario Internacional a \u201chacerse cargo del desmanejo que tuvo la anterior directora\u201d, en referencia a Christine\u2026","rel":"","context":"En \u00abPol\u00edtica\u00bb","block_context":{"text":"Pol\u00edtica","link":"https:\/\/www.24baires.com\/?cat=51"},"img":{"alt_text":"","src":"https:\/\/i0.wp.com\/www.24baires.com\/wp-content\/uploads\/2023\/07\/WhatsApp-Image-2023-07-17-at-23.04.06.jpeg?resize=350%2C200","width":350,"height":200,"srcset":"https:\/\/i0.wp.com\/www.24baires.com\/wp-content\/uploads\/2023\/07\/WhatsApp-Image-2023-07-17-at-23.04.06.jpeg?resize=350%2C200 1x, https:\/\/i0.wp.com\/www.24baires.com\/wp-content\/uploads\/2023\/07\/WhatsApp-Image-2023-07-17-at-23.04.06.jpeg?resize=525%2C300 1.5x, https:\/\/i0.wp.com\/www.24baires.com\/wp-content\/uploads\/2023\/07\/WhatsApp-Image-2023-07-17-at-23.04.06.jpeg?resize=700%2C400 2x"},"classes":[]},{"id":119435,"url":"https:\/\/www.24baires.com\/?p=119435","url_meta":{"origin":120238,"position":5},"title":"Massa avanz\u00f3 con las negociaciones por la deuda de 2400 millones","author":"AF","date":"13\/10\/2022","format":false,"excerpt":"Se reuni\u00f3 con Moulin, secretario del organismo. Preparan viaje a Francia para lograr la r\u00fabrica a fines de este mes. La cena con el G20 y los dichos de Georgieva. El ministro de Econom\u00eda, Sergio Massa, avanz\u00f3 en las \u00faltimas horas en las negociaciones con el Club de Par\u00eds, durante\u2026","rel":"","context":"En \u00abEconom\u00eda\u00bb","block_context":{"text":"Econom\u00eda","link":"https:\/\/www.24baires.com\/?cat=45"},"img":{"alt_text":"","src":"https:\/\/i0.wp.com\/www.24baires.com\/wp-content\/uploads\/2022\/09\/massa..jpg?resize=350%2C200","width":350,"height":200,"srcset":"https:\/\/i0.wp.com\/www.24baires.com\/wp-content\/uploads\/2022\/09\/massa..jpg?resize=350%2C200 1x, https:\/\/i0.wp.com\/www.24baires.com\/wp-content\/uploads\/2022\/09\/massa..jpg?resize=525%2C300 1.5x, https:\/\/i0.wp.com\/www.24baires.com\/wp-content\/uploads\/2022\/09\/massa..jpg?resize=700%2C400 2x"},"classes":[]}],"jetpack_sharing_enabled":true,"jetpack_likes_enabled":true,"_links":{"self":[{"href":"https:\/\/www.24baires.com\/index.php?rest_route=\/wp\/v2\/posts\/120238","targetHints":{"allow":["GET"]}}],"collection":[{"href":"https:\/\/www.24baires.com\/index.php?rest_route=\/wp\/v2\/posts"}],"about":[{"href":"https:\/\/www.24baires.com\/index.php?rest_route=\/wp\/v2\/types\/post"}],"author":[{"embeddable":true,"href":"https:\/\/www.24baires.com\/index.php?rest_route=\/wp\/v2\/users\/4"}],"replies":[{"embeddable":true,"href":"https:\/\/www.24baires.com\/index.php?rest_route=%2Fwp%2Fv2%2Fcomments&post=120238"}],"version-history":[{"count":1,"href":"https:\/\/www.24baires.com\/index.php?rest_route=\/wp\/v2\/posts\/120238\/revisions"}],"predecessor-version":[{"id":120240,"href":"https:\/\/www.24baires.com\/index.php?rest_route=\/wp\/v2\/posts\/120238\/revisions\/120240"}],"wp:attachment":[{"href":"https:\/\/www.24baires.com\/index.php?rest_route=%2Fwp%2Fv2%2Fmedia&parent=120238"}],"wp:term":[{"taxonomy":"category","embeddable":true,"href":"https:\/\/www.24baires.com\/index.php?rest_route=%2Fwp%2Fv2%2Fcategories&post=120238"},{"taxonomy":"post_tag","embeddable":true,"href":"https:\/\/www.24baires.com\/index.php?rest_route=%2Fwp%2Fv2%2Ftags&post=120238"}],"curies":[{"name":"wp","href":"https:\/\/api.w.org\/{rel}","templated":true}]}}