{"id":120223,"date":"2023-06-27T18:34:35","date_gmt":"2023-06-27T21:34:35","guid":{"rendered":"http:\/\/www.24baires.com\/?p=120223"},"modified":"2023-06-27T18:34:35","modified_gmt":"2023-06-27T21:34:35","slug":"el-presidente-recibio-a-representantes-de-comunidades-originarias-de-jujuy","status":"publish","type":"post","link":"https:\/\/www.24baires.com\/?p=120223","title":{"rendered":"El Presidente recibi\u00f3 a representantes de comunidades originarias de Jujuy"},"content":{"rendered":"<p><img data-recalc-dims=\"1\" loading=\"lazy\" decoding=\"async\" class=\"aligncenter wp-image-120224\" src=\"https:\/\/i0.wp.com\/www.24baires.com\/wp-content\/uploads\/2023\/06\/WhatsApp-Image-2023-06-27-at-18.33.42.jpeg?resize=720%2C404\" alt=\"\" width=\"720\" height=\"404\" srcset=\"https:\/\/i0.wp.com\/www.24baires.com\/wp-content\/uploads\/2023\/06\/WhatsApp-Image-2023-06-27-at-18.33.42.jpeg?w=825&amp;ssl=1 825w, https:\/\/i0.wp.com\/www.24baires.com\/wp-content\/uploads\/2023\/06\/WhatsApp-Image-2023-06-27-at-18.33.42.jpeg?resize=300%2C168&amp;ssl=1 300w, https:\/\/i0.wp.com\/www.24baires.com\/wp-content\/uploads\/2023\/06\/WhatsApp-Image-2023-06-27-at-18.33.42.jpeg?resize=768%2C431&amp;ssl=1 768w\" sizes=\"auto, (max-width: 720px) 100vw, 720px\" \/>Desde las organizaciones informaron que presentaron un escrito en el que fijan posici\u00f3n sobre lo sucedido en la provincia y elevaron petitorio.<!--more--><\/p>\n<p>El presidente Alberto Fern\u00e1ndez recibi\u00f3 a representantes de comunidades originarias de Jujuy para interiorizarse sobre la situaci\u00f3n en esa provincia tras la reforma constitucional impulsada por el gobierno del radical Gerardo Morales y la represi\u00f3n policial contra las movilizaciones en distintos puntos de esa provincia.<\/p>\n<p>La reuni\u00f3n se hizo en la residencia presidencial de Olivos, seg\u00fan informaron fuentes oficiales. Desde las organizaciones, en tanto, informaron que presentaron al jefe de Estado un escrito en el que fijan posici\u00f3n sobre lo sucedido en la provincia y elevaron un petitorio.<\/p>\n<p>La reuni\u00f3n se concret\u00f3 el mismo d\u00eda en que la secretar\u00eda de Derechos Humanos de la Naci\u00f3n solicit\u00f3 a la Justicia Federal que inicie una \u00abinvestigaci\u00f3n penal urgente sobre el accionar de las fuerzas de seguridad provinciales en la feroz represi\u00f3n\u00bb llevada cabo en Jujuy contra quienes protestaban contra la reforma constitucional impulsada por Morales.<\/p>\n<p>Fuentes de la Secretar\u00eda indicaron a T\u00e9lam que la presentaci\u00f3n judicial incluy\u00f3 \u00abtestimonios y pruebas sobre pr\u00e1cticas violatorias de los derechos humanos por parte de la Polic\u00eda de Jujuy que fueron recogidas en los \u00faltimos d\u00edas por la delegaci\u00f3n que encabez\u00f3 el secretario Horacio Pietragalla Corti en la provincia\u00bb.<\/p>\n<p>La denuncia se suma al h\u00e1beas corpus presentado ante la Justicia para que se garantice el derecho a la protesta.<\/p>\n<p>A partir de ese pedido, el juez Jorge Zurueta solicit\u00f3 a la polic\u00eda de la provincia que \u00abse abstenga de hacer un uso desmedido de la fuerza contra manifestantes\u00bb y llam\u00f3 al Gobierno de Morales \u00aba iniciar una instancia de mediaci\u00f3n, que hasta el momento no fue cumplida\u00bb.<\/p>\n<p>Los reclamos en la provincia, que se iniciaron por parte de los docentes y a los que se sumaron m\u00faltiples sectores de la sociedad, llevan 22 d\u00edas de manera ininterrumpida en el distrito.<\/p>\n<p>En medio de esta situaci\u00f3n, mujeres residentes en la Quiaca tomaron la decisi\u00f3n de escenificar una crucifixi\u00f3n colectiva en cercan\u00edas al corte de ruta que mantienen manifestantes en el ingreso a esta localidad, ubicada en el extremo norte de la Argentina.<\/p>\n<p>La Misi\u00f3n de Solidaridad Internacional y de Derechos Humanos, en tanto, recogi\u00f3 testimonios de v\u00edctimas de la represi\u00f3n policial y advirti\u00f3 sobre situaciones de \u00abterror generalizado\u00bb.<\/p>\n","protected":false},"excerpt":{"rendered":"<p>Desde las organizaciones informaron que presentaron un escrito en el que fijan posici\u00f3n sobre lo sucedido en la provincia y elevaron petitorio.<\/p>\n","protected":false},"author":4,"featured_media":0,"comment_status":"closed","ping_status":"closed","sticky":false,"template":"","format":"standard","meta":{"_jetpack_newsletter_access":"","_jetpack_dont_email_post_to_subs":false,"_jetpack_newsletter_tier_id":0,"_jetpack_memberships_contains_paywalled_content":false,"_jetpack_memberships_contains_paid_content":false,"footnotes":""},"categories":[1],"tags":[],"class_list":["post-120223","post","type-post","status-publish","format-standard","hentry","category-sociedad"],"jetpack_featured_media_url":"","jetpack_shortlink":"https:\/\/wp.me\/p2JWE0-vh5","jetpack-related-posts":[{"id":112176,"url":"https:\/\/www.24baires.com\/?p=112176","url_meta":{"origin":120223,"position":0},"title":"Docentes bonaerenses piden aumentos y emergencia alimentaria en la Provincia","author":"GB","date":"22\/09\/2019","format":false,"excerpt":"Los docentes que integran el Frente de Unidad bonaerense (FUDB) realizar\u00e1n el pr\u00f3ximo martes, en el marco de una jornada provincial de lucha, la entrega de petitorios en cada consejo escolar distrital para reclamar por la cl\u00e1usula gatillo mensual, y por m\u00e1s cupos a comedores. El petitorio fue enviado por\u2026","rel":"","context":"En \u00abProvincia\u00bb","block_context":{"text":"Provincia","link":"https:\/\/www.24baires.com\/?cat=40"},"img":{"alt_text":"","src":"https:\/\/i0.wp.com\/www.24baires.com\/wp-content\/uploads\/2019\/03\/docentes.jpg?resize=350%2C200","width":350,"height":200,"srcset":"https:\/\/i0.wp.com\/www.24baires.com\/wp-content\/uploads\/2019\/03\/docentes.jpg?resize=350%2C200 1x, https:\/\/i0.wp.com\/www.24baires.com\/wp-content\/uploads\/2019\/03\/docentes.jpg?resize=525%2C300 1.5x"},"classes":[]},{"id":118695,"url":"https:\/\/www.24baires.com\/?p=118695","url_meta":{"origin":120223,"position":1},"title":"Las provincias ir\u00e1n a la Corte por los fondos transferidos por Macri a CABA","author":"AF","date":"30\/03\/2022","format":false,"excerpt":"El Presidente encabez\u00f3 una reuni\u00f3n con 19 gobernadores. \"Cuando se habla de quita, no es una quita sino la recuperaci\u00f3n del exceso de fondos que fueron a la Ciudad en detrimento de todos los argentinos\", dijo el ministro del Interior, Eduardo \"Wado\" de Pedro. El presidente Alberto Fern\u00e1ndez encabez\u00f3 una\u2026","rel":"","context":"En \u00abPol\u00edtica\u00bb","block_context":{"text":"Pol\u00edtica","link":"https:\/\/www.24baires.com\/?cat=51"},"img":{"alt_text":"","src":"https:\/\/i0.wp.com\/www.24baires.com\/wp-content\/uploads\/2021\/10\/macri.jpg?resize=350%2C200","width":350,"height":200,"srcset":"https:\/\/i0.wp.com\/www.24baires.com\/wp-content\/uploads\/2021\/10\/macri.jpg?resize=350%2C200 1x, https:\/\/i0.wp.com\/www.24baires.com\/wp-content\/uploads\/2021\/10\/macri.jpg?resize=525%2C300 1.5x"},"classes":[]},{"id":116263,"url":"https:\/\/www.24baires.com\/?p=116263","url_meta":{"origin":120223,"position":2},"title":"Argentina supera los 600.000 casos de coronavirus","author":"AF","date":"17\/09\/2020","format":false,"excerpt":"En las \u00faltimas 24 horas se reportaron 12.701 positivos reportados. Adem\u00e1s se produjeron 345 decesos y la cifra asciende a 12.460. Argentina super\u00f3 este jueves los 600.000 casos de coronavirus desde el comienzo de la pandemia, con 12.701 positivos reportados en la \u00faltimas 24 horas y 345 nuevos decesos, mientras\u2026","rel":"","context":"En \u00abSociedad\u00bb","block_context":{"text":"Sociedad","link":"https:\/\/www.24baires.com\/?cat=1"},"img":{"alt_text":"","src":"https:\/\/i0.wp.com\/www.24baires.com\/wp-content\/uploads\/2020\/08\/test-covid.jpg?resize=350%2C200","width":350,"height":200,"srcset":"https:\/\/i0.wp.com\/www.24baires.com\/wp-content\/uploads\/2020\/08\/test-covid.jpg?resize=350%2C200 1x, https:\/\/i0.wp.com\/www.24baires.com\/wp-content\/uploads\/2020\/08\/test-covid.jpg?resize=525%2C300 1.5x"},"classes":[]},{"id":115954,"url":"https:\/\/www.24baires.com\/?p=115954","url_meta":{"origin":120223,"position":3},"title":"Alberto Fern\u00e1ndez: \u00abEl problema ya no es s\u00f3lo el AMBA\u00bb","author":"AF","date":"14\/08\/2020","format":false,"excerpt":"El Presidente anunci\u00f3 la extensi\u00f3n del aislamiento hasta el 30 de agosto, junto al gobernador Kicillof y el jefe de Gobierno Rodr\u00edguez Larreta. El Presidente Alberto Fern\u00e1ndez destac\u00f3 la necesidad de \"acotar lo m\u00e1ximo posible la circulaci\u00f3n y el encuentro con las personas\" para evitar la propagaci\u00f3n del coronavirus, durante\u2026","rel":"","context":"En \u00abSociedad\u00bb","block_context":{"text":"Sociedad","link":"https:\/\/www.24baires.com\/?cat=1"},"img":{"alt_text":"","src":"https:\/\/i0.wp.com\/www.24baires.com\/wp-content\/uploads\/2020\/08\/alberto-fern%C3%A1ndez.jpg?resize=350%2C200","width":350,"height":200,"srcset":"https:\/\/i0.wp.com\/www.24baires.com\/wp-content\/uploads\/2020\/08\/alberto-fern%C3%A1ndez.jpg?resize=350%2C200 1x, https:\/\/i0.wp.com\/www.24baires.com\/wp-content\/uploads\/2020\/08\/alberto-fern%C3%A1ndez.jpg?resize=525%2C300 1.5x"},"classes":[]},{"id":114381,"url":"https:\/\/www.24baires.com\/?p=114381","url_meta":{"origin":120223,"position":4},"title":"Cristina cruz\u00f3 a los senadores que leyeron sus discursos","author":"AF","date":"12\/03\/2020","format":false,"excerpt":"Las acusaciones y denuncias cruzadas que inauguraron el debate sobre el proyecto de intervenci\u00f3n del Poder Judicial de Jujuy en la Comisi\u00f3n de Asuntos Constitucionales del Senado se trasladaron esta tarde al recinto de la C\u00e1mara alta en la previa del debate sobre jubilaciones de privilegio. La presidenta del cuerpo\u2026","rel":"","context":"En \u00abPol\u00edtica\u00bb","block_context":{"text":"Pol\u00edtica","link":"https:\/\/www.24baires.com\/?cat=51"},"img":{"alt_text":"","src":"https:\/\/i0.wp.com\/www.24baires.com\/wp-content\/uploads\/2019\/08\/cristina-LP.jpg?resize=350%2C200","width":350,"height":200,"srcset":"https:\/\/i0.wp.com\/www.24baires.com\/wp-content\/uploads\/2019\/08\/cristina-LP.jpg?resize=350%2C200 1x, https:\/\/i0.wp.com\/www.24baires.com\/wp-content\/uploads\/2019\/08\/cristina-LP.jpg?resize=525%2C300 1.5x"},"classes":[]},{"id":101768,"url":"https:\/\/www.24baires.com\/?p=101768","url_meta":{"origin":120223,"position":5},"title":"Farmac\u00e9uticos marchar\u00e1n a Gobernaci\u00f3n en rechazo a instalaci\u00f3n de Farmacity","author":"GB","date":"24\/04\/2018","format":false,"excerpt":"Farmac\u00e9uticos bonaerenses realizar\u00e1n el jueves una marcha hacia la Gobernaci\u00f3n bonaerense para reclamar contra el desembargo de la cadena Farmacity en la provincia. Seg\u00fan informaron las autoridades del Colegio de Farmac\u00e9uticos bonaerense, la movilizaci\u00f3n partir\u00e1 desde la sede de la instituci\u00f3n y se dirigir\u00e1 a la Gobernaci\u00f3n, a donde buscar\u00e1n\u2026","rel":"","context":"En \u00abProvincia\u00bb","block_context":{"text":"Provincia","link":"https:\/\/www.24baires.com\/?cat=40"},"img":{"alt_text":"","src":"https:\/\/i0.wp.com\/www.24baires.com\/wp-content\/uploads\/2017\/10\/farmacias-protesta.jpg?resize=350%2C200","width":350,"height":200,"srcset":"https:\/\/i0.wp.com\/www.24baires.com\/wp-content\/uploads\/2017\/10\/farmacias-protesta.jpg?resize=350%2C200 1x, https:\/\/i0.wp.com\/www.24baires.com\/wp-content\/uploads\/2017\/10\/farmacias-protesta.jpg?resize=525%2C300 1.5x"},"classes":[]}],"jetpack_sharing_enabled":true,"jetpack_likes_enabled":true,"_links":{"self":[{"href":"https:\/\/www.24baires.com\/index.php?rest_route=\/wp\/v2\/posts\/120223","targetHints":{"allow":["GET"]}}],"collection":[{"href":"https:\/\/www.24baires.com\/index.php?rest_route=\/wp\/v2\/posts"}],"about":[{"href":"https:\/\/www.24baires.com\/index.php?rest_route=\/wp\/v2\/types\/post"}],"author":[{"embeddable":true,"href":"https:\/\/www.24baires.com\/index.php?rest_route=\/wp\/v2\/users\/4"}],"replies":[{"embeddable":true,"href":"https:\/\/www.24baires.com\/index.php?rest_route=%2Fwp%2Fv2%2Fcomments&post=120223"}],"version-history":[{"count":1,"href":"https:\/\/www.24baires.com\/index.php?rest_route=\/wp\/v2\/posts\/120223\/revisions"}],"predecessor-version":[{"id":120225,"href":"https:\/\/www.24baires.com\/index.php?rest_route=\/wp\/v2\/posts\/120223\/revisions\/120225"}],"wp:attachment":[{"href":"https:\/\/www.24baires.com\/index.php?rest_route=%2Fwp%2Fv2%2Fmedia&parent=120223"}],"wp:term":[{"taxonomy":"category","embeddable":true,"href":"https:\/\/www.24baires.com\/index.php?rest_route=%2Fwp%2Fv2%2Fcategories&post=120223"},{"taxonomy":"post_tag","embeddable":true,"href":"https:\/\/www.24baires.com\/index.php?rest_route=%2Fwp%2Fv2%2Ftags&post=120223"}],"curies":[{"name":"wp","href":"https:\/\/api.w.org\/{rel}","templated":true}]}}