{"id":120221,"date":"2023-06-27T08:38:09","date_gmt":"2023-06-27T11:38:09","guid":{"rendered":"http:\/\/www.24baires.com\/?p=120221"},"modified":"2023-06-27T08:38:09","modified_gmt":"2023-06-27T11:38:09","slug":"el-fmi-advierte-que-la-inflacion-se-debe-a-las-ganancias-empresariales","status":"publish","type":"post","link":"https:\/\/www.24baires.com\/?p=120221","title":{"rendered":"El FMI advierte que la inflaci\u00f3n se debe a las ganancias empresariales"},"content":{"rendered":"<p><img data-recalc-dims=\"1\" loading=\"lazy\" decoding=\"async\" class=\"aligncenter wp-image-65141\" src=\"https:\/\/i0.wp.com\/www.24baires.com\/wp-content\/uploads\/2015\/04\/fmi.jpg?resize=720%2C616\" alt=\"\" width=\"720\" height=\"616\" srcset=\"https:\/\/i0.wp.com\/www.24baires.com\/wp-content\/uploads\/2015\/04\/fmi.jpg?w=560&amp;ssl=1 560w, https:\/\/i0.wp.com\/www.24baires.com\/wp-content\/uploads\/2015\/04\/fmi.jpg?resize=300%2C257&amp;ssl=1 300w\" sizes=\"auto, (max-width: 720px) 100vw, 720px\" \/>El organismo multilateral de cr\u00e9dito public\u00f3 un an\u00e1lisis sobre el escenario econ\u00f3mico actual con resultados sorprendentes.<!--more--><\/p>\n<p>Mientras Argentina espera cerrar un nuevo acuerdo con el Fondo Monetario Internacional (FMI) antes del viernes, el organismo multilateral de cr\u00e9dito public\u00f3 una interesante investigaci\u00f3n. Se trata de un an\u00e1lisis de la crisis inflacionaria que atraviesa Europa luego de la pandemia del Covid-19. Las conclusiones son, de m\u00ednima, sorprendentes.<\/p>\n<p>El trabajo titulado \u00abLa inflaci\u00f3n en la zona euro tras la pandemia y la crisis energ\u00e9tica: precios de importaci\u00f3n, beneficios y salarios\u00bb fue escrito por tres economistas (Niels-Jakob H Hansen, Frederik G Toscani y Jing Zhou) luego de estudiar el devenir de los precios entre el primer trimestre de 2022 y el de 2023. Seg\u00fan concluyeron, el 85% de la inflaci\u00f3n registrada en el viejo continente en ese periodo se debi\u00f3 a la suma de los precios de importaci\u00f3n con los beneficios empresariales.<\/p>\n<p>En concreto, el 45% de la inflaci\u00f3n se debi\u00f3 a la rentabilidad empresaria y el 40% a los costos de las importaciones. A su vez, los costos laborales aportaron el 25% de la inflaci\u00f3n mientras que los impuestos tuvieron un ligero impacto deflacionario.<\/p>\n<p>Vale recordar que en la zona euro la inflaci\u00f3n anual alcanz\u00f3 un m\u00e1ximo de 10,6% en octubre de 2022. Esto gener\u00f3 reclamos salariales masivos y generalizados y tambi\u00e9n subas de tasas de inter\u00e9s. En este escenario, el Banco Central Europeo se puso como objetivo alcanzar un 2% de inflaci\u00f3n anual para 2025. Tradicionalmente, suelen congelar los sueldos para frenar la suba de precios, pero esta investigaci\u00f3n puso el ojo en otro lado. \u00bfSaldr\u00e1n a regular los beneficios empresariales?<\/p>\n<p>A\u00fan no se sabe, pero los autores de la investigaci\u00f3n advirtieron que para cumplir los objetivos inflacionarios \u00abla participaci\u00f3n de las empresas en los beneficios tendr\u00eda que volver a caer a niveles anteriores a la pandemia\u00bb en un escenario de recuperaci\u00f3n del salario y de productividad estable. \u00abLas cuestiones clave son a qu\u00e9 ritmo subir\u00e1n los salarios y si las empresas absorber\u00e1n los mayores costes salariales sin aumentar a\u00fan m\u00e1s los precios\u00bb, sostuvieron.<\/p>\n","protected":false},"excerpt":{"rendered":"<p>El organismo multilateral de cr\u00e9dito public\u00f3 un an\u00e1lisis sobre el escenario econ\u00f3mico actual con resultados sorprendentes.<\/p>\n","protected":false},"author":8,"featured_media":0,"comment_status":"closed","ping_status":"closed","sticky":false,"template":"","format":"standard","meta":{"_jetpack_newsletter_access":"","_jetpack_dont_email_post_to_subs":false,"_jetpack_newsletter_tier_id":0,"_jetpack_memberships_contains_paywalled_content":false,"_jetpack_memberships_contains_paid_content":false,"footnotes":""},"categories":[45],"tags":[],"class_list":["post-120221","post","type-post","status-publish","format-standard","hentry","category-economia"],"jetpack_featured_media_url":"","jetpack_shortlink":"https:\/\/wp.me\/p2JWE0-vh3","jetpack-related-posts":[{"id":107543,"url":"https:\/\/www.24baires.com\/?p=107543","url_meta":{"origin":120221,"position":0},"title":"El FMI aprob\u00f3 el nuevo desembolso","author":"AF","date":"05\/04\/2019","format":false,"excerpt":"De esta manera el organismo multilateral de cr\u00e9dito ya liber\u00f3 casi 40 mil millones del cr\u00e9dito stand by de casi 57 mil millones de d\u00f3lares que se iba a utilizar \"s\u00f3lo si es necesario\" seg\u00fan hab\u00edan explicado en su momento desde el gobierno de Mauricio Macri. Tal como se preve\u00eda\u2026","rel":"","context":"En \u00abEconom\u00eda\u00bb","block_context":{"text":"Econom\u00eda","link":"https:\/\/www.24baires.com\/?cat=45"},"img":{"alt_text":"","src":"https:\/\/i0.wp.com\/www.24baires.com\/wp-content\/uploads\/2016\/04\/fmi.jpg?resize=350%2C200","width":350,"height":200,"srcset":"https:\/\/i0.wp.com\/www.24baires.com\/wp-content\/uploads\/2016\/04\/fmi.jpg?resize=350%2C200 1x, https:\/\/i0.wp.com\/www.24baires.com\/wp-content\/uploads\/2016\/04\/fmi.jpg?resize=525%2C300 1.5x"},"classes":[]},{"id":114816,"url":"https:\/\/www.24baires.com\/?p=114816","url_meta":{"origin":120221,"position":1},"title":"El FMI recomienda aplicar un impuesto a las grandes fortunas","author":"GB","date":"24\/04\/2020","format":false,"excerpt":"El organismo multilateral de cr\u00e9dito realiz\u00f3 una serie de recomendaciones para enfrentar la pandemia global generada por el nuevo coronavirus y en uno de sus puntos sugiere aplicar un impuesto a las principales fortunas. Juntos por el Cambio sigue insistiendo con su postura interna de rechazar el proyecto en defensa\u2026","rel":"","context":"En \u00abEconom\u00eda\u00bb","block_context":{"text":"Econom\u00eda","link":"https:\/\/www.24baires.com\/?cat=45"},"img":{"alt_text":"","src":"https:\/\/i0.wp.com\/www.24baires.com\/wp-content\/uploads\/2016\/04\/fmi.jpg?resize=350%2C200","width":350,"height":200,"srcset":"https:\/\/i0.wp.com\/www.24baires.com\/wp-content\/uploads\/2016\/04\/fmi.jpg?resize=350%2C200 1x, https:\/\/i0.wp.com\/www.24baires.com\/wp-content\/uploads\/2016\/04\/fmi.jpg?resize=525%2C300 1.5x"},"classes":[]},{"id":107555,"url":"https:\/\/www.24baires.com\/?p=107555","url_meta":{"origin":120221,"position":2},"title":"El FMI atribuye la inflaci\u00f3n a \u00abaumentos por encima de lo esperado en los salarios\u00bb","author":"AF","date":"07\/04\/2019","format":false,"excerpt":"El organismo advierte en el documento de la tercera revisi\u00f3n del acuerdo que firm\u00f3 el Gobierno que la baja de los precios \"ser\u00e1 un proceso prolongado\". El Fondo Monetario Internacional (FMI) advirti\u00f3 que bajar la inflaci\u00f3n en el pa\u00eds ser\u00e1 parte de un \"proceso prolongado\" y atribuy\u00f3 la suba de\u2026","rel":"","context":"En \u00abPol\u00edtica\u00bb","block_context":{"text":"Pol\u00edtica","link":"https:\/\/www.24baires.com\/?cat=51"},"img":{"alt_text":"","src":"https:\/\/i0.wp.com\/www.24baires.com\/wp-content\/uploads\/2018\/07\/dujovne-lagarde.png?resize=350%2C200","width":350,"height":200,"srcset":"https:\/\/i0.wp.com\/www.24baires.com\/wp-content\/uploads\/2018\/07\/dujovne-lagarde.png?resize=350%2C200 1x, https:\/\/i0.wp.com\/www.24baires.com\/wp-content\/uploads\/2018\/07\/dujovne-lagarde.png?resize=525%2C300 1.5x"},"classes":[]},{"id":119027,"url":"https:\/\/www.24baires.com\/?p=119027","url_meta":{"origin":120221,"position":3},"title":"Tras aprobar la primera revisi\u00f3n, el FMI desembols\u00f3 US$ 3.980 millones","author":"AF","date":"28\/06\/2022","format":false,"excerpt":"El organismo multilateral cumpli\u00f3 el compromiso asumido con la Argentina luego de la primera revisi\u00f3n satisfactoria del Acuerdo de Facilidades Extendidas. Las reservas del Banco Central sumaron US$ 3.980 millones tras el desembolso del Fondo Monetario Internacional (FMI), correspondiente a la aprobaci\u00f3n de la primera revisi\u00f3n del Acuerdo de Facilidades\u2026","rel":"","context":"En \u00abEconom\u00eda\u00bb","block_context":{"text":"Econom\u00eda","link":"https:\/\/www.24baires.com\/?cat=45"},"img":{"alt_text":"","src":"https:\/\/i0.wp.com\/www.24baires.com\/wp-content\/uploads\/2019\/08\/fmi.jpg?resize=350%2C200","width":350,"height":200,"srcset":"https:\/\/i0.wp.com\/www.24baires.com\/wp-content\/uploads\/2019\/08\/fmi.jpg?resize=350%2C200 1x, https:\/\/i0.wp.com\/www.24baires.com\/wp-content\/uploads\/2019\/08\/fmi.jpg?resize=525%2C300 1.5x, https:\/\/i0.wp.com\/www.24baires.com\/wp-content\/uploads\/2019\/08\/fmi.jpg?resize=700%2C400 2x"},"classes":[]},{"id":116456,"url":"https:\/\/www.24baires.com\/?p=116456","url_meta":{"origin":120221,"position":4},"title":"El FMI dijo que Argentina caer\u00e1 este a\u00f1o y repuntar\u00e1 en 2021","author":"AF","date":"13\/10\/2020","format":false,"excerpt":"El FMI prev\u00e9 que la econom\u00eda argentina caer\u00e1 este a\u00f1o 11,8% y repuntar\u00e1 4,9% en 2021. El Fondo Monetario Internacional (FMI) vaticin\u00f3 hoy que la econom\u00eda argentina caer\u00e1 este a\u00f1o un 11,8% y repuntar\u00e1 el 4,9% durante 2021. As\u00ed lo indic\u00f3 en el Informe de Perspectivas Econ\u00f3micas (WEO, por sus\u2026","rel":"","context":"En \u00abEconom\u00eda\u00bb","block_context":{"text":"Econom\u00eda","link":"https:\/\/www.24baires.com\/?cat=45"},"img":{"alt_text":"","src":"https:\/\/i0.wp.com\/www.24baires.com\/wp-content\/uploads\/2019\/08\/fmi.jpg?resize=350%2C200","width":350,"height":200,"srcset":"https:\/\/i0.wp.com\/www.24baires.com\/wp-content\/uploads\/2019\/08\/fmi.jpg?resize=350%2C200 1x, https:\/\/i0.wp.com\/www.24baires.com\/wp-content\/uploads\/2019\/08\/fmi.jpg?resize=525%2C300 1.5x"},"classes":[]},{"id":106936,"url":"https:\/\/www.24baires.com\/?p=106936","url_meta":{"origin":120221,"position":5},"title":"\u00abEstamos preocupados por la situaci\u00f3n econ\u00f3mica\u00bb, admiti\u00f3 el jefe de la misi\u00f3n del FMI","author":"AF","date":"21\/02\/2019","format":false,"excerpt":"El economista italiano Roberto Cardarelli intent\u00f3 sin embargo mantenerse optimista y vaticin\u00f3 una lenta recuperaci\u00f3n de la econom\u00eda a partir del segundo trimestre del a\u00f1o. \"Siempre hay riesgos\", se\u00f1al\u00f3. Aunque intent\u00f3 mostrarse positivo el jefe de la misi\u00f3n del Fondo Monetario Internacional (FMI) en la Argentina, Roberto Cardarelli, admiti\u00f3 este\u2026","rel":"","context":"En \u00abEconom\u00eda\u00bb","block_context":{"text":"Econom\u00eda","link":"https:\/\/www.24baires.com\/?cat=45"},"img":{"alt_text":"","src":"https:\/\/i0.wp.com\/www.24baires.com\/wp-content\/uploads\/2015\/04\/fmi.jpg?resize=350%2C200","width":350,"height":200,"srcset":"https:\/\/i0.wp.com\/www.24baires.com\/wp-content\/uploads\/2015\/04\/fmi.jpg?resize=350%2C200 1x, https:\/\/i0.wp.com\/www.24baires.com\/wp-content\/uploads\/2015\/04\/fmi.jpg?resize=525%2C300 1.5x"},"classes":[]}],"jetpack_sharing_enabled":true,"jetpack_likes_enabled":true,"_links":{"self":[{"href":"https:\/\/www.24baires.com\/index.php?rest_route=\/wp\/v2\/posts\/120221","targetHints":{"allow":["GET"]}}],"collection":[{"href":"https:\/\/www.24baires.com\/index.php?rest_route=\/wp\/v2\/posts"}],"about":[{"href":"https:\/\/www.24baires.com\/index.php?rest_route=\/wp\/v2\/types\/post"}],"author":[{"embeddable":true,"href":"https:\/\/www.24baires.com\/index.php?rest_route=\/wp\/v2\/users\/8"}],"replies":[{"embeddable":true,"href":"https:\/\/www.24baires.com\/index.php?rest_route=%2Fwp%2Fv2%2Fcomments&post=120221"}],"version-history":[{"count":1,"href":"https:\/\/www.24baires.com\/index.php?rest_route=\/wp\/v2\/posts\/120221\/revisions"}],"predecessor-version":[{"id":120222,"href":"https:\/\/www.24baires.com\/index.php?rest_route=\/wp\/v2\/posts\/120221\/revisions\/120222"}],"wp:attachment":[{"href":"https:\/\/www.24baires.com\/index.php?rest_route=%2Fwp%2Fv2%2Fmedia&parent=120221"}],"wp:term":[{"taxonomy":"category","embeddable":true,"href":"https:\/\/www.24baires.com\/index.php?rest_route=%2Fwp%2Fv2%2Fcategories&post=120221"},{"taxonomy":"post_tag","embeddable":true,"href":"https:\/\/www.24baires.com\/index.php?rest_route=%2Fwp%2Fv2%2Ftags&post=120221"}],"curies":[{"name":"wp","href":"https:\/\/api.w.org\/{rel}","templated":true}]}}