{"id":120200,"date":"2023-06-17T18:59:34","date_gmt":"2023-06-17T21:59:34","guid":{"rendered":"http:\/\/www.24baires.com\/?p=120200"},"modified":"2023-06-17T18:59:34","modified_gmt":"2023-06-17T21:59:34","slug":"la-industria-crecio-25-en-primer-cuatrimestre","status":"publish","type":"post","link":"https:\/\/www.24baires.com\/?p=120200","title":{"rendered":"La industria creci\u00f3 2,5 % en primer cuatrimestre"},"content":{"rendered":"<p><img data-recalc-dims=\"1\" loading=\"lazy\" decoding=\"async\" class=\"aligncenter wp-image-117989\" src=\"https:\/\/i0.wp.com\/www.24baires.com\/wp-content\/uploads\/2021\/08\/industria-pandemia.jpg?resize=720%2C405\" alt=\"\" width=\"720\" height=\"405\" srcset=\"https:\/\/i0.wp.com\/www.24baires.com\/wp-content\/uploads\/2021\/08\/industria-pandemia.jpg?w=560&amp;ssl=1 560w, https:\/\/i0.wp.com\/www.24baires.com\/wp-content\/uploads\/2021\/08\/industria-pandemia.jpg?resize=300%2C169&amp;ssl=1 300w\" sizes=\"auto, (max-width: 720px) 100vw, 720px\" \/>La actividad industrial acumul\u00f3 en el primer cuatrimestre del a\u00f1o un incremento del 2,5%. Logr\u00f3 la suba m\u00e1s alta en los \u00faltimos cinco a\u00f1os para ese lapso.<!--more--><\/p>\n<p>La actividad industrial acumul\u00f3 en el primer cuatrimestre del a\u00f1o un incremento del 2,5%. Es decir, la industria creci\u00f3 logrando la suba m\u00e1s alta en los \u00faltimos cinco a\u00f1os para ese lapso. Fue a contramano de los pron\u00f3sticos de analistas y consultoras que, en general, esperaban una contracci\u00f3n. El buen desempe\u00f1o la ubic\u00f3 incluso por encima del nivel de actividad econ\u00f3mica general que creci\u00f3 1,5 % interanual entre enero y marzo. Esto de acuerdo con datos del Indec (la industria subi\u00f3 2,7 % en ese per\u00edodo).<\/p>\n<p>Las l\u00edneas de financiamiento a tasa subsidiada que ofrece el Gobierno nacional, la agilizaci\u00f3n de las importaciones a partir del uso del swap con China, la robustez de la demanda local y la propensi\u00f3n al gasto e inversi\u00f3n privados en un contexto de alta inflaci\u00f3n, son algunas de las principales razones que explican el crecimiento fabril, de acuerdo con el an\u00e1lisis de funcionarios, industriales pyme y especialistas. La solidez mostrada por la industria cobra m\u00e1s importancia al tener en cuenta la compleja coyuntura macroecon\u00f3mica. A la misma, la atraviesa una importante escasez de divisas a consecuencia de la sequ\u00eda que desplom\u00f3 las exportaciones agroindustriales.<\/p>\n<p>\u00bfPor qu\u00e9 creci\u00f3 la industria en un contexto que se preve\u00eda m\u00e1s negativo?<br \/>\nEn di\u00e1logo con T\u00e9lam, el secretario de Industria y Desarrollo Productivo, Jos\u00e9 Ignacio de Mendiguren, respondi\u00f3 que \u201cporque hay una decisi\u00f3n de estabilizar la macroeconom\u00eda desde el crecimiento y el desarrollo\u201d. Esto a partir \u201cde una bater\u00eda de pol\u00edticas p\u00fablicas activas para que el sector privado crezca\u201d. En esa l\u00ednea, el funcionario resalt\u00f3 la importancia de los Cr\u00e9ditos Argentinos (CreAr), al definirlos como \u201cel programa de financiamiento m\u00e1s grande de la historia reciente, que puso a disposici\u00f3n 1 bill\u00f3n de pesos para que las empresas inviertan\u201d.<br \/>\nUna de las principales amenazas para el sostenimiento de la actividad era y es la merma de ingresos de d\u00f3lares debido al golpe que la sequ\u00eda gener\u00f3 en la agroindustria, principal sector exportador del pa\u00eds. Como resultado, la falta de divisas complica poder afrontar el pago de todas las importaciones que necesita la actividad para funcionar, lo que a su vez amenaza con detener el crecimiento econ\u00f3mico de los \u00faltimos dos a\u00f1os.<\/p>\n<p>Proyecto<br \/>\nEn ese marco, el Gobierno viene trabajando en distintas alternativas para obtener las divisas faltantes, y el uso del swap de monedas con China para abonar las importaciones provenientes de aquel pa\u00eds fue uno de los instrumentos generados en los \u00faltimos meses. El Banco Central (BCRA) inform\u00f3 el \u00faltimo jueves que \u201cdesde abril se autorizaron SIRA en yuanes por un equivalente de US$ 2.900 millones\u201d.<br \/>\nEn di\u00e1logo con T\u00e9lam, el presidente de Industriales Pymes Argentinos (IPA), Daniel Rosato, resalt\u00f3 que \u201cel uso de yuanes fue muy importante para acelerar las compras a trav\u00e9s del sistema SIRA. Todo aquello que pueda ser importado en moneda china es un proceso que sale m\u00e1s r\u00e1pido\u201d, afirm\u00f3. La Consultora Sarand\u00ed, dirigida por Sergio Chouza, agreg\u00f3 que \u201ca pesar de todos los obst\u00e1culos y restricciones para acceder a reservas para traer insumos, la mayor parte de las empresas encuentra alguna salida del laberinto\u201d.<\/p>\n<p>En su informe semanal, plante\u00f3 que \u201cya sea usando d\u00f3lares propios, comprando en el mercado financiero, obteniendo financiamiento o esperando los tiempos burocr\u00e1ticos, el sector privado tiene incentivos muy fuertes para no frenar la producci\u00f3n dado el vigor de la demanda\u201d. Entre las razones del crecimiento en los primeros meses del a\u00f1o, Sarand\u00ed a\u00f1adi\u00f3 un factor: la alta inflaci\u00f3n acelera la inversi\u00f3n y el consumo privado porque la adquisici\u00f3n de bienes y servicios funcionan como \u201ccobertura\u201d frente al aumento de precios. Lo que le pone \u201cun piso alto al nivel de actividad\u201d.<\/p>\n<p>\u201cContra los pron\u00f3sticos de muchos, la econom\u00eda y la industria van a crecer\u201d<br \/>\nDe cara a lo que resta del a\u00f1o, De Mendiguren asegur\u00f3 que \u201ccontra los pron\u00f3sticos de muchos, creemos que la econom\u00eda y la industria van a crecer\u201d. Adem\u00e1s, agreg\u00f3 que \u201cla utilizaci\u00f3n de la capacidad instalada industrial, algo que muestra concretamente c\u00f3mo estamos. Se ubic\u00f3 en abril 2 puntos por arriba de lo que fue el a\u00f1o pasado. Est\u00e1 en 68,9%, el mayor nivel para un primer cuatrimestre desde hace m\u00e1s de siete a\u00f1os\u201d.<br \/>\nEn una sinton\u00eda parecida, Rosato descart\u00f3 un escenario recesivo aunque postul\u00f3 que puede haber una \u201cdesaceleraci\u00f3n en el crecimiento\u201d. Esto, de acuerdo con su mirada, est\u00e1 atado a que \u201cel poder de compra de los salarios ha ca\u00eddo por la inflaci\u00f3n\u201d. El empresario remarc\u00f3 que la demanda en algunos sectores industriales sigue siendo muy fuerte, lo que tracciona al resto. Mencion\u00f3 como casos emblem\u00e1ticos a los sectores automotriz y energ\u00e9tico.<\/p>\n<p>Los n\u00fameros<br \/>\nEl Indec mostr\u00f3 que la \u201cRefinaci\u00f3n del petr\u00f3leo, coque y combustible nuclear\u201d creci\u00f3 14,4 % en los primeros cuatro meses del a\u00f1o. Los \u201cVeh\u00edculos automotores, carrocer\u00edas, remolques y autopartes\u201d subieron 12,3 %. Las Industrias met\u00e1licas b\u00e1sicas tambi\u00e9n impulsaron fuertemente la actividad industrial, al subir 13,1 % interanual entre enero y abril. Las mencionadas son segmentos clave porque tienen fuertes encadenamientos con una numerosa red de proveedores y producen derrames productivos y de demanda hacia otros rubros, impulsando tambi\u00e9n la actividad de \u00e9stos.<br \/>\nAl respecto, Rosato explic\u00f3 que \u201clas proyecciones que hay en sectores como sector petr\u00f3leo, gas, miner\u00eda, este autopartista, son muy importantes. Y esas inversiones van a arrastrar de alguna manera al mercado interno, a todo el sector pyme, a toda la industria\u201d, asever\u00f3. Sobre el tema, De Mendiguren resalt\u00f3 que en el quinto mes del a\u00f1o \u201cla producci\u00f3n de veh\u00edculos creci\u00f3 15% interanual\u201d. Y, que adem\u00e1s, \u201ctuvo el acumulado enero-mayo de mayor producci\u00f3n desde 2014\u201d. El funcionario tambi\u00e9n destac\u00f3 que \u201cla tasa de inversi\u00f3n hoy es del 17,3%, la m\u00e1s elevada de los \u00faltimos 14 a\u00f1os\u201d. Remarc\u00f3 que \u201cel empleo formal en la industria lleva 34 meses de crecimiento\u201d.<\/p>\n","protected":false},"excerpt":{"rendered":"<p>La actividad industrial acumul\u00f3 en el primer cuatrimestre del a\u00f1o un incremento del 2,5%. Logr\u00f3 la suba m\u00e1s alta en los \u00faltimos cinco a\u00f1os para ese lapso.<\/p>\n","protected":false},"author":4,"featured_media":0,"comment_status":"closed","ping_status":"closed","sticky":false,"template":"","format":"standard","meta":{"_jetpack_newsletter_access":"","_jetpack_dont_email_post_to_subs":false,"_jetpack_newsletter_tier_id":0,"_jetpack_memberships_contains_paywalled_content":false,"_jetpack_memberships_contains_paid_content":false,"footnotes":""},"categories":[45],"tags":[],"class_list":["post-120200","post","type-post","status-publish","format-standard","hentry","category-economia"],"jetpack_featured_media_url":"","jetpack_shortlink":"https:\/\/wp.me\/p2JWE0-vgI","jetpack-related-posts":[{"id":23886,"url":"https:\/\/www.24baires.com\/?p=23886","url_meta":{"origin":120200,"position":0},"title":"Tuvo un alza en el primer cuatrimestre la venta de veh\u00edculos nacionales y patentamientos","author":"Grupo Sierra","date":"19\/05\/2013","format":false,"excerpt":"La participaci\u00f3n de venta de veh\u00edculos hechos en Argentina aument\u00f3 entre enero y abril, respecto del mismo per\u00edodo de 2012, al pasar de 38% a 40%, seg\u00fan datos del Centro de Estudios para la Producci\u00f3n (CEP), que depende del Ministerio de Industria. Tambi\u00e9n se registraron aumentos en patentamientos y ventas\u2026","rel":"","context":"En \u00abEconom\u00eda\u00bb","block_context":{"text":"Econom\u00eda","link":"https:\/\/www.24baires.com\/?cat=45"},"img":{"alt_text":"","src":"","width":0,"height":0},"classes":[]},{"id":94898,"url":"https:\/\/www.24baires.com\/?p=94898","url_meta":{"origin":120200,"position":1},"title":"La industria se desplom\u00f3 2,4% en el primer cuatrimestre","author":"GB","date":"31\/05\/2017","format":false,"excerpt":"El INDEC revel\u00f3 que la actividad manufacturera volvi\u00f3 a caer y descendi\u00f3 2,3% en abril. El INDEC revel\u00f3 que la actividad industrial de abril registr\u00f3 una ca\u00edda de 2,3% con respecto al mismo mes de 2016. La construcci\u00f3n, por su lado, tuvo una mejora en la misma etapa. De esta\u2026","rel":"","context":"En \u00abEconom\u00eda\u00bb","block_context":{"text":"Econom\u00eda","link":"https:\/\/www.24baires.com\/?cat=45"},"img":{"alt_text":"","src":"https:\/\/i0.wp.com\/www.24baires.com\/wp-content\/uploads\/2016\/07\/industria.jpg?resize=350%2C200","width":350,"height":200},"classes":[]},{"id":107027,"url":"https:\/\/www.24baires.com\/?p=107027","url_meta":{"origin":120200,"position":2},"title":"El Indec confirm\u00f3 que la econom\u00eda cay\u00f3 2,6% durante el a\u00f1o pasado","author":"GB","date":"28\/02\/2019","format":false,"excerpt":"Las bajas m\u00e1s significativas fueron la ca\u00edda del consumo en el comercio mayorista y minorista con una baja del 15,7%, seguido por la industria manufacturera del 14,2% y la construcci\u00f3n con 12,7%. La econom\u00eda se contrajo 2,6% el a\u00f1o pasado, tras sufrir una ca\u00edda en diciembre, por noveno mes consecutivo,\u2026","rel":"","context":"En \u00abEconom\u00eda\u00bb","block_context":{"text":"Econom\u00eda","link":"https:\/\/www.24baires.com\/?cat=45"},"img":{"alt_text":"","src":"https:\/\/i0.wp.com\/www.24baires.com\/wp-content\/uploads\/2013\/02\/indec-300x225.jpg?resize=350%2C200","width":350,"height":200},"classes":[]},{"id":117537,"url":"https:\/\/www.24baires.com\/?p=117537","url_meta":{"origin":120200,"position":3},"title":"La actividad industrial subi\u00f3 32,8% en marzo y la construcci\u00f3n 97,6%","author":"AF","date":"06\/05\/2021","format":false,"excerpt":"As\u00ed, la actividad fabril cerr\u00f3 el primer trimestre del a\u00f1o con un aumento del 12,4% y la construcci\u00f3n del 42,4%, inform\u00f3 el organismo. La actividad industrial creci\u00f3 durante marzo 32,8% en relaci\u00f3n a igual mes del a\u00f1o pasado, y la construcci\u00f3n registr\u00f3 un avance del 97,6% en similar per\u00edodo, inform\u00f3\u2026","rel":"","context":"En \u00abEconom\u00eda\u00bb","block_context":{"text":"Econom\u00eda","link":"https:\/\/www.24baires.com\/?cat=45"},"img":{"alt_text":"","src":"https:\/\/i0.wp.com\/www.24baires.com\/wp-content\/uploads\/2015\/09\/industria.jpg?resize=350%2C200","width":350,"height":200,"srcset":"https:\/\/i0.wp.com\/www.24baires.com\/wp-content\/uploads\/2015\/09\/industria.jpg?resize=350%2C200 1x, https:\/\/i0.wp.com\/www.24baires.com\/wp-content\/uploads\/2015\/09\/industria.jpg?resize=525%2C300 1.5x"},"classes":[]},{"id":108195,"url":"https:\/\/www.24baires.com\/?p=108195","url_meta":{"origin":120200,"position":4},"title":"La inflaci\u00f3n sigue subiendo y acumula 55,8% en los \u00faltimos doce meses","author":"AF","date":"15\/05\/2019","format":false,"excerpt":"Las prendas de vestir y el calzado fue lo que m\u00e1s subi\u00f3 el mes pasado, seguido por transporte, restaurantes y salud. Entre los alimentos, los l\u00e1cteos lideraron las alzas con los quesos a la cabeza. Las consultoras privadas hab\u00edan estimado entre 4% y 4,7% de aumento de precios en abril.\u2026","rel":"","context":"En \u00abSociedad\u00bb","block_context":{"text":"Sociedad","link":"https:\/\/www.24baires.com\/?cat=1"},"img":{"alt_text":"","src":"https:\/\/i0.wp.com\/www.24baires.com\/wp-content\/uploads\/2016\/05\/supermercado-vac%C3%ADo.jpg?resize=350%2C200","width":350,"height":200,"srcset":"https:\/\/i0.wp.com\/www.24baires.com\/wp-content\/uploads\/2016\/05\/supermercado-vac%C3%ADo.jpg?resize=350%2C200 1x, https:\/\/i0.wp.com\/www.24baires.com\/wp-content\/uploads\/2016\/05\/supermercado-vac%C3%ADo.jpg?resize=525%2C300 1.5x"},"classes":[]},{"id":117539,"url":"https:\/\/www.24baires.com\/?p=117539","url_meta":{"origin":120200,"position":5},"title":"La actividad industrial creci\u00f3 12,4% en el primer trimestre","author":"GB","date":"07\/05\/2021","format":false,"excerpt":"El Indec difundi\u00f3 que la actividad industrial arroj\u00f3 un crecimiento en los primeros tres meses del a\u00f1o. El Instituto Nacional de Estad\u00edstica y Censos (Indec) dio a conocer que la actividad industrial acumul\u00f3 un aumento del 12,4% en el primer trimestre del a\u00f1o. Al respecto, el ministro de Desarrollo Productivo\u2026","rel":"","context":"En \u00abLocales\u00bb","block_context":{"text":"Locales","link":"https:\/\/www.24baires.com\/?cat=38"},"img":{"alt_text":"","src":"https:\/\/i0.wp.com\/www.24baires.com\/wp-content\/uploads\/2018\/11\/industria.jpg?resize=350%2C200","width":350,"height":200,"srcset":"https:\/\/i0.wp.com\/www.24baires.com\/wp-content\/uploads\/2018\/11\/industria.jpg?resize=350%2C200 1x, https:\/\/i0.wp.com\/www.24baires.com\/wp-content\/uploads\/2018\/11\/industria.jpg?resize=525%2C300 1.5x"},"classes":[]}],"jetpack_sharing_enabled":true,"jetpack_likes_enabled":true,"_links":{"self":[{"href":"https:\/\/www.24baires.com\/index.php?rest_route=\/wp\/v2\/posts\/120200","targetHints":{"allow":["GET"]}}],"collection":[{"href":"https:\/\/www.24baires.com\/index.php?rest_route=\/wp\/v2\/posts"}],"about":[{"href":"https:\/\/www.24baires.com\/index.php?rest_route=\/wp\/v2\/types\/post"}],"author":[{"embeddable":true,"href":"https:\/\/www.24baires.com\/index.php?rest_route=\/wp\/v2\/users\/4"}],"replies":[{"embeddable":true,"href":"https:\/\/www.24baires.com\/index.php?rest_route=%2Fwp%2Fv2%2Fcomments&post=120200"}],"version-history":[{"count":1,"href":"https:\/\/www.24baires.com\/index.php?rest_route=\/wp\/v2\/posts\/120200\/revisions"}],"predecessor-version":[{"id":120201,"href":"https:\/\/www.24baires.com\/index.php?rest_route=\/wp\/v2\/posts\/120200\/revisions\/120201"}],"wp:attachment":[{"href":"https:\/\/www.24baires.com\/index.php?rest_route=%2Fwp%2Fv2%2Fmedia&parent=120200"}],"wp:term":[{"taxonomy":"category","embeddable":true,"href":"https:\/\/www.24baires.com\/index.php?rest_route=%2Fwp%2Fv2%2Fcategories&post=120200"},{"taxonomy":"post_tag","embeddable":true,"href":"https:\/\/www.24baires.com\/index.php?rest_route=%2Fwp%2Fv2%2Ftags&post=120200"}],"curies":[{"name":"wp","href":"https:\/\/api.w.org\/{rel}","templated":true}]}}