{"id":120198,"date":"2023-06-16T19:24:27","date_gmt":"2023-06-16T22:24:27","guid":{"rendered":"http:\/\/www.24baires.com\/?p=120198"},"modified":"2023-06-16T19:24:27","modified_gmt":"2023-06-16T22:24:27","slug":"jujuy-se-multiplica-el-repudio-a-la-reforma-constitucional-de-morales","status":"publish","type":"post","link":"https:\/\/www.24baires.com\/?p=120198","title":{"rendered":"Jujuy: se multiplica el repudio a la reforma constitucional de Morales"},"content":{"rendered":"<p><img loading=\"lazy\" decoding=\"async\" class=\"alignnone\" src=\"https:\/\/www.tiemposur.com.ar\/uploads\/noticia_galeria\/2023\/06\/16\/file_173953_main1\" alt=\"\" width=\"720\" height=\"401\" \/>\u00abEl derecho a la protesta y de huelga son derechos laborales instituidos por nuestra Constituci\u00f3n y tambi\u00e9n est\u00e1 la adopci\u00f3n de acuerdos internacionales que tienen jerarqu\u00eda constitucional\u00bb, justific\u00f3 la ministra de Trabajo en referencia al documento emitido por la Convenci\u00f3n Constituyente. <!--more--><\/p>\n<p>El Gobierno nacional, a trav\u00e9s del ministerio de Trabajo, que conduce Kelly Olmos, pedir\u00e1 que se declare la inconstitucionalidad de los art\u00edculos de la Constituci\u00f3n de la provincia de Jujuy, aprobada esta madrugada, que buscan sancionar y restringir la protesta social.<\/p>\n<p>\u00abEl Ministerio emiti\u00f3 un documento para que el gobierno de Jujuy revise la legislaci\u00f3n sobre derechos laborales institucionales, que buscan llevar al nivel penal lo que son derechos laborales absolutamente institucionalizados en la Argentina\u00bb, dijo hoy la ministra en declaraciones a radio Provincia.<\/p>\n<p>En ese marco, afirm\u00f3: \u00abDi la directiva para presentar la inconstitucionalidad de los art\u00edculos de esta reforma de la Constituci\u00f3n\u00bb.<\/p>\n<p>\u00abEl derecho a la protesta y de huelga son derechos laborales instituidos por nuestra Constituci\u00f3n y tambi\u00e9n est\u00e1 la adopci\u00f3n de acuerdos internacionales que tienen jerarqu\u00eda constitucional, por eso no solo elaboramos el documento estableciendo claramente cual era la posici\u00f3n de nuestro gobierno al respecto, sino que di a directiva de que se analice que fue incorporado espec\u00edficamente en la Constituci\u00f3n y nos vamos a presentar pidiendo la inconstitucionalidad de esos art\u00edculos\u00bb, subray\u00f3.<\/p>\n","protected":false},"excerpt":{"rendered":"<p>\u00abEl derecho a la protesta y de huelga son derechos laborales instituidos por nuestra Constituci\u00f3n y tambi\u00e9n est\u00e1 la adopci\u00f3n de acuerdos internacionales que tienen jerarqu\u00eda constitucional\u00bb, justific\u00f3 la ministra de Trabajo en referencia al documento emitido por la Convenci\u00f3n Constituyente.<\/p>\n","protected":false},"author":4,"featured_media":0,"comment_status":"closed","ping_status":"closed","sticky":false,"template":"","format":"standard","meta":{"_jetpack_newsletter_access":"","_jetpack_dont_email_post_to_subs":false,"_jetpack_newsletter_tier_id":0,"_jetpack_memberships_contains_paywalled_content":false,"_jetpack_memberships_contains_paid_content":false,"footnotes":""},"categories":[1],"tags":[],"class_list":["post-120198","post","type-post","status-publish","format-standard","hentry","category-sociedad"],"jetpack_featured_media_url":"","jetpack_shortlink":"https:\/\/wp.me\/p2JWE0-vgG","jetpack-related-posts":[{"id":120202,"url":"https:\/\/www.24baires.com\/?p=120202","url_meta":{"origin":120198,"position":0},"title":"El Gobierno anunci\u00f3 que ir\u00e1n ante la Corte Suprema contra la reforma en Jujuy","author":"GB","date":"21\/06\/2023","format":false,"excerpt":"La ministra de Trabajo confirm\u00f3 que ir\u00e1n ante la Corte con una presentaci\u00f3n por la \"inconstitucionalidad\" de la reforma de Gerardo Morales en Jujuy. partir de las escenas de represi\u00f3n en la provincia de Jujuy y la grieta que se ensanch\u00f3 entre el Gobierno y la oposici\u00f3n, desde el Poder\u2026","rel":"","context":"En \u00abPol\u00edtica\u00bb","block_context":{"text":"Pol\u00edtica","link":"https:\/\/www.24baires.com\/?cat=51"},"img":{"alt_text":"","src":"https:\/\/i0.wp.com\/www.24baires.com\/wp-content\/uploads\/2023\/06\/jujuy1jpg.jpg?resize=350%2C200","width":350,"height":200,"srcset":"https:\/\/i0.wp.com\/www.24baires.com\/wp-content\/uploads\/2023\/06\/jujuy1jpg.jpg?resize=350%2C200 1x, https:\/\/i0.wp.com\/www.24baires.com\/wp-content\/uploads\/2023\/06\/jujuy1jpg.jpg?resize=525%2C300 1.5x, https:\/\/i0.wp.com\/www.24baires.com\/wp-content\/uploads\/2023\/06\/jujuy1jpg.jpg?resize=700%2C400 2x"},"classes":[]},{"id":120223,"url":"https:\/\/www.24baires.com\/?p=120223","url_meta":{"origin":120198,"position":1},"title":"El Presidente recibi\u00f3 a representantes de comunidades originarias de Jujuy","author":"AF","date":"27\/06\/2023","format":false,"excerpt":"Desde las organizaciones informaron que presentaron un escrito en el que fijan posici\u00f3n sobre lo sucedido en la provincia y elevaron petitorio. El presidente Alberto Fern\u00e1ndez recibi\u00f3 a representantes de comunidades originarias de Jujuy para interiorizarse sobre la situaci\u00f3n en esa provincia tras la reforma constitucional impulsada por el gobierno\u2026","rel":"","context":"En \u00abSociedad\u00bb","block_context":{"text":"Sociedad","link":"https:\/\/www.24baires.com\/?cat=1"},"img":{"alt_text":"","src":"https:\/\/i0.wp.com\/www.24baires.com\/wp-content\/uploads\/2023\/06\/WhatsApp-Image-2023-06-27-at-18.33.42.jpeg?resize=350%2C200","width":350,"height":200,"srcset":"https:\/\/i0.wp.com\/www.24baires.com\/wp-content\/uploads\/2023\/06\/WhatsApp-Image-2023-06-27-at-18.33.42.jpeg?resize=350%2C200 1x, https:\/\/i0.wp.com\/www.24baires.com\/wp-content\/uploads\/2023\/06\/WhatsApp-Image-2023-06-27-at-18.33.42.jpeg?resize=525%2C300 1.5x, https:\/\/i0.wp.com\/www.24baires.com\/wp-content\/uploads\/2023\/06\/WhatsApp-Image-2023-06-27-at-18.33.42.jpeg?resize=700%2C400 2x"},"classes":[]},{"id":84355,"url":"https:\/\/www.24baires.com\/?p=84355","url_meta":{"origin":120198,"position":2},"title":"El Gobierno deber\u00e1 responder ante la ONU por la represi\u00f3n a protestas sociales","author":"GB","date":"29\/06\/2016","format":false,"excerpt":"Por primera vez la gesti\u00f3n de Macri ser\u00e1 evaluada ante las Naciones Unidas. Deber\u00e1 dar explicaciones sobre diferentes problem\u00e1ticas, entre ellas la detenci\u00f3n de la presa pol\u00edtica en Jujuy. El gobierno de Mauricio Macri deber\u00e1 este jueves dar explicaciones sobre la detenci\u00f3n de Milagro Sala ante la ONU. Ser\u00e1 evaluada\u2026","rel":"","context":"En \u00abPol\u00edtica\u00bb","block_context":{"text":"Pol\u00edtica","link":"https:\/\/www.24baires.com\/?cat=51"},"img":{"alt_text":"malcorra macri","src":"https:\/\/i0.wp.com\/www.24baires.com\/wp-content\/uploads\/2016\/06\/malcorra-macri.jpg?resize=350%2C200","width":350,"height":200,"srcset":"https:\/\/i0.wp.com\/www.24baires.com\/wp-content\/uploads\/2016\/06\/malcorra-macri.jpg?resize=350%2C200 1x, https:\/\/i0.wp.com\/www.24baires.com\/wp-content\/uploads\/2016\/06\/malcorra-macri.jpg?resize=525%2C300 1.5x"},"classes":[]},{"id":114381,"url":"https:\/\/www.24baires.com\/?p=114381","url_meta":{"origin":120198,"position":3},"title":"Cristina cruz\u00f3 a los senadores que leyeron sus discursos","author":"AF","date":"12\/03\/2020","format":false,"excerpt":"Las acusaciones y denuncias cruzadas que inauguraron el debate sobre el proyecto de intervenci\u00f3n del Poder Judicial de Jujuy en la Comisi\u00f3n de Asuntos Constitucionales del Senado se trasladaron esta tarde al recinto de la C\u00e1mara alta en la previa del debate sobre jubilaciones de privilegio. La presidenta del cuerpo\u2026","rel":"","context":"En \u00abPol\u00edtica\u00bb","block_context":{"text":"Pol\u00edtica","link":"https:\/\/www.24baires.com\/?cat=51"},"img":{"alt_text":"","src":"https:\/\/i0.wp.com\/www.24baires.com\/wp-content\/uploads\/2019\/08\/cristina-LP.jpg?resize=350%2C200","width":350,"height":200,"srcset":"https:\/\/i0.wp.com\/www.24baires.com\/wp-content\/uploads\/2019\/08\/cristina-LP.jpg?resize=350%2C200 1x, https:\/\/i0.wp.com\/www.24baires.com\/wp-content\/uploads\/2019\/08\/cristina-LP.jpg?resize=525%2C300 1.5x"},"classes":[]},{"id":120256,"url":"https:\/\/www.24baires.com\/?p=120256","url_meta":{"origin":120198,"position":4},"title":"Wado: \u201cEl modelo de Jujuy y el de JxC solo se sostiene con represi\u00f3n\u201d","author":"GB","date":"06\/07\/2023","format":false,"excerpt":"El ministro del Interior, \u201cWado\u201d de Pedro, recibi\u00f3 en su despacho a un joven que fue baleado en la cara en medio de la represi\u00f3n en Jujuy ordenada por Gerardo Morales. El ministro del Interior, \u201cWado\u201d De Pedro, recibi\u00f3 este mi\u00e9rcoles en la Casa Rosada a un adolescente que perdi\u00f3\u2026","rel":"","context":"En \u00abPol\u00edtica\u00bb","block_context":{"text":"Pol\u00edtica","link":"https:\/\/www.24baires.com\/?cat=51"},"img":{"alt_text":"","src":"https:\/\/i0.wp.com\/www.24baires.com\/wp-content\/uploads\/2023\/07\/wado.webp?resize=350%2C200","width":350,"height":200,"srcset":"https:\/\/i0.wp.com\/www.24baires.com\/wp-content\/uploads\/2023\/07\/wado.webp?resize=350%2C200 1x, https:\/\/i0.wp.com\/www.24baires.com\/wp-content\/uploads\/2023\/07\/wado.webp?resize=525%2C300 1.5x, https:\/\/i0.wp.com\/www.24baires.com\/wp-content\/uploads\/2023\/07\/wado.webp?resize=700%2C400 2x"},"classes":[]},{"id":91137,"url":"https:\/\/www.24baires.com\/?p=91137","url_meta":{"origin":120198,"position":5},"title":"Hoy se conocer\u00e1 el veredicto del juicio contra Sala","author":"AF","date":"28\/12\/2016","format":false,"excerpt":"El secretario general de la CTA, Hugo Yasky, el secretario de Derechos Humanos de Santa Cruz, Horacio Pietragalla y otros dos testigos declararon en la segunda audiencia del juicio a la dirigente social. El proceso judicial es por la permanencia en espacios p\u00fablicos y obstaculizaci\u00f3n de la circulaci\u00f3n en la\u2026","rel":"","context":"En \u00abJUDICIALES\u00bb","block_context":{"text":"JUDICIALES","link":"https:\/\/www.24baires.com\/?cat=68"},"img":{"alt_text":"","src":"https:\/\/i0.wp.com\/www.24baires.com\/wp-content\/uploads\/2016\/01\/milagro-salas-1.jpg?resize=350%2C200","width":350,"height":200,"srcset":"https:\/\/i0.wp.com\/www.24baires.com\/wp-content\/uploads\/2016\/01\/milagro-salas-1.jpg?resize=350%2C200 1x, https:\/\/i0.wp.com\/www.24baires.com\/wp-content\/uploads\/2016\/01\/milagro-salas-1.jpg?resize=525%2C300 1.5x"},"classes":[]}],"jetpack_sharing_enabled":true,"jetpack_likes_enabled":true,"_links":{"self":[{"href":"https:\/\/www.24baires.com\/index.php?rest_route=\/wp\/v2\/posts\/120198","targetHints":{"allow":["GET"]}}],"collection":[{"href":"https:\/\/www.24baires.com\/index.php?rest_route=\/wp\/v2\/posts"}],"about":[{"href":"https:\/\/www.24baires.com\/index.php?rest_route=\/wp\/v2\/types\/post"}],"author":[{"embeddable":true,"href":"https:\/\/www.24baires.com\/index.php?rest_route=\/wp\/v2\/users\/4"}],"replies":[{"embeddable":true,"href":"https:\/\/www.24baires.com\/index.php?rest_route=%2Fwp%2Fv2%2Fcomments&post=120198"}],"version-history":[{"count":1,"href":"https:\/\/www.24baires.com\/index.php?rest_route=\/wp\/v2\/posts\/120198\/revisions"}],"predecessor-version":[{"id":120199,"href":"https:\/\/www.24baires.com\/index.php?rest_route=\/wp\/v2\/posts\/120198\/revisions\/120199"}],"wp:attachment":[{"href":"https:\/\/www.24baires.com\/index.php?rest_route=%2Fwp%2Fv2%2Fmedia&parent=120198"}],"wp:term":[{"taxonomy":"category","embeddable":true,"href":"https:\/\/www.24baires.com\/index.php?rest_route=%2Fwp%2Fv2%2Fcategories&post=120198"},{"taxonomy":"post_tag","embeddable":true,"href":"https:\/\/www.24baires.com\/index.php?rest_route=%2Fwp%2Fv2%2Ftags&post=120198"}],"curies":[{"name":"wp","href":"https:\/\/api.w.org\/{rel}","templated":true}]}}