{"id":120186,"date":"2023-06-14T22:10:44","date_gmt":"2023-06-15T01:10:44","guid":{"rendered":"http:\/\/www.24baires.com\/?p=120186"},"modified":"2023-06-14T22:10:44","modified_gmt":"2023-06-15T01:10:44","slug":"segun-el-indec-la-inflacion-de-mayo-fue-del-78","status":"publish","type":"post","link":"https:\/\/www.24baires.com\/?p=120186","title":{"rendered":"Seg\u00fan el Indec, la inflaci\u00f3n de mayo fue del 7,8%"},"content":{"rendered":"<p><img data-recalc-dims=\"1\" loading=\"lazy\" decoding=\"async\" class=\"aligncenter wp-image-120187\" src=\"https:\/\/i0.wp.com\/www.24baires.com\/wp-content\/uploads\/2023\/06\/supermercado.jpg?resize=720%2C479\" alt=\"\" width=\"720\" height=\"479\" srcset=\"https:\/\/i0.wp.com\/www.24baires.com\/wp-content\/uploads\/2023\/06\/supermercado.jpg?w=650&amp;ssl=1 650w, https:\/\/i0.wp.com\/www.24baires.com\/wp-content\/uploads\/2023\/06\/supermercado.jpg?resize=300%2C199&amp;ssl=1 300w\" sizes=\"auto, (max-width: 720px) 100vw, 720px\" \/>Seg\u00fan los datos oficiales del Instituto Nacional de Estad\u00edsticas y Censos (Indec), la inflaci\u00f3n minorista de los primeros cinco meses de 2023 fue del 42,2 por ciento.<!--more--><\/p>\n<p>El \u00edndice de precios al consumidor (IPC) subi\u00f3 7,8% en mayo, por debajo del 8,4% que registr\u00f3 en abril pasado, inform\u00f3 este mi\u00e9rcoles el Instituto Nacional de Estad\u00edstica y Censos (Indec).<\/p>\n<p>Con este incremento, la inflaci\u00f3n minorista de los primeros cinco meses del a\u00f1o fue del 42,2% y de 114,2% en los \u00faltimos 12 meses.<\/p>\n<p>En mayo, la divisi\u00f3n de mayor aumento fue Vivienda, agua, electricidad y otros combustibles, un avance de 11,9%, producto de la suba de tarifas en los servicios de electricidad y gas natural por red.<\/p>\n<p>Por detr\u00e1s se ubic\u00f3 el rubro Restaurantes y hoteles (9,3%) y Salud (9,0%), \u00e9sta \u00faltima por aumentos en medicamentos y en las cuotas de medicina prepaga.<\/p>\n<p>En mayo, la divisi\u00f3n con mayor incidencia en la evoluci\u00f3n del \u00edndice fue Alimentos y bebidas no alcoh\u00f3licas, con un incremento del 5,8%.<\/p>\n<p>Al interior de ese rubro se destacaron las subas de Pan y cereales y de la Leche, productos l\u00e1cteos y huevos.<\/p>\n<p>En el quinto mes del corriente a\u00f1o, los precios Regulados -que comprenden esencialmente a los servicios p\u00fablicos, gas, transporte y electricidad, entre otros- marcaron un aumento del 9 %, mientras que el denominado IPC N\u00facleo subi\u00f3 7,8%; y los productos y servicios estacionales, 6% promedio.<\/p>\n","protected":false},"excerpt":{"rendered":"<p>Seg\u00fan los datos oficiales del Instituto Nacional de Estad\u00edsticas y Censos (Indec), la inflaci\u00f3n minorista de los primeros cinco meses de 2023 fue del 42,2 por ciento.<\/p>\n","protected":false},"author":4,"featured_media":0,"comment_status":"closed","ping_status":"closed","sticky":false,"template":"","format":"standard","meta":{"_jetpack_newsletter_access":"","_jetpack_dont_email_post_to_subs":false,"_jetpack_newsletter_tier_id":0,"_jetpack_memberships_contains_paywalled_content":false,"_jetpack_memberships_contains_paid_content":false,"footnotes":""},"categories":[45],"tags":[],"class_list":["post-120186","post","type-post","status-publish","format-standard","hentry","category-economia"],"jetpack_featured_media_url":"","jetpack_shortlink":"https:\/\/wp.me\/p2JWE0-vgu","jetpack-related-posts":[{"id":113001,"url":"https:\/\/www.24baires.com\/?p=113001","url_meta":{"origin":120186,"position":0},"title":"Seg\u00fan el Indec, la inflaci\u00f3n de octubre fue del 3,3%","author":"AF","date":"14\/11\/2019","format":false,"excerpt":"El instituto de estad\u00edstica dio a conocer la suba de precios del \u00faltimo mes, que qued\u00f3 muy por debajo de las estimaciones de gremios y privados, que hab\u00edan calculado 4%. La inflaci\u00f3n de octubre fue del 3,3% y acumul\u00f3 en lo que va del a\u00f1o un alza del 42,2%, inform\u00f3\u2026","rel":"","context":"En \u00abEconom\u00eda\u00bb","block_context":{"text":"Econom\u00eda","link":"https:\/\/www.24baires.com\/?cat=45"},"img":{"alt_text":"","src":"https:\/\/i0.wp.com\/www.24baires.com\/wp-content\/uploads\/2018\/08\/supermercado.jpg?resize=350%2C200","width":350,"height":200,"srcset":"https:\/\/i0.wp.com\/www.24baires.com\/wp-content\/uploads\/2018\/08\/supermercado.jpg?resize=350%2C200 1x, https:\/\/i0.wp.com\/www.24baires.com\/wp-content\/uploads\/2018\/08\/supermercado.jpg?resize=525%2C300 1.5x"},"classes":[]},{"id":102158,"url":"https:\/\/www.24baires.com\/?p=102158","url_meta":{"origin":120186,"position":1},"title":"Seg\u00fan el Indec, la inflaci\u00f3n de abril fue del 2,7%","author":"AF","date":"15\/05\/2018","format":false,"excerpt":"El aumento registrado en abril se debi\u00f3 al tarifazo de servicios p\u00fablicos, el transporte y los alimentos, seg\u00fan inform\u00f3 el Instituto Nacional de Estad\u00edstica y Censos. En el primer cuatrimestre del a\u00f1o la inflaci\u00f3n minorista fue de 9,6%. Seg\u00fan el INDEC -elogiado por Mauricio Macri, Marcos Pe\u00f1a y dem\u00e1s integrantes\u2026","rel":"","context":"En \u00abEconom\u00eda\u00bb","block_context":{"text":"Econom\u00eda","link":"https:\/\/www.24baires.com\/?cat=45"},"img":{"alt_text":"","src":"https:\/\/i0.wp.com\/www.24baires.com\/wp-content\/uploads\/2013\/03\/supermercado2.jpg?resize=350%2C200","width":350,"height":200,"srcset":"https:\/\/i0.wp.com\/www.24baires.com\/wp-content\/uploads\/2013\/03\/supermercado2.jpg?resize=350%2C200 1x, https:\/\/i0.wp.com\/www.24baires.com\/wp-content\/uploads\/2013\/03\/supermercado2.jpg?resize=525%2C300 1.5x"},"classes":[]},{"id":119796,"url":"https:\/\/www.24baires.com\/?p=119796","url_meta":{"origin":120186,"position":2},"title":"Seg\u00fan el Indec, la inflaci\u00f3n de enero fue del 6%","author":"AF","date":"14\/02\/2023","format":false,"excerpt":"La inflaci\u00f3n minorista acumula un alza del 98,8% en los \u00faltimos 12 meses. Los rubros \u00abRecreaci\u00f3n y cultura\u00bb (9%), \u00abVivienda, agua, electricidad y otros combustibles\u00bb (8%) y \u00abAlimentos y bebidas no alcoh\u00f3licas\u00bb (6,8%) impulsaron el aumento. El \u00edndice de precios al consumidor (IPC) registr\u00f3 en enero un incremento de 6%,\u2026","rel":"","context":"En \u00abEconom\u00eda\u00bb","block_context":{"text":"Econom\u00eda","link":"https:\/\/www.24baires.com\/?cat=45"},"img":{"alt_text":"","src":"https:\/\/i0.wp.com\/www.24baires.com\/wp-content\/uploads\/2022\/04\/61b8c911edf0c_900.jpg?resize=350%2C200","width":350,"height":200,"srcset":"https:\/\/i0.wp.com\/www.24baires.com\/wp-content\/uploads\/2022\/04\/61b8c911edf0c_900.jpg?resize=350%2C200 1x, https:\/\/i0.wp.com\/www.24baires.com\/wp-content\/uploads\/2022\/04\/61b8c911edf0c_900.jpg?resize=525%2C300 1.5x, https:\/\/i0.wp.com\/www.24baires.com\/wp-content\/uploads\/2022\/04\/61b8c911edf0c_900.jpg?resize=700%2C400 2x"},"classes":[]},{"id":118340,"url":"https:\/\/www.24baires.com\/?p=118340","url_meta":{"origin":120186,"position":3},"title":"El \u00cdndice de Precios Minoristas aument\u00f3 2,5%","author":"AF","date":"14\/12\/2021","format":false,"excerpt":"Representa una baja de 1 punto respecto a 3,5% registrado tanto en septiembre como en octubre, seg\u00fan inform\u00f3 el Instituto Nacional de Estad\u00edstica y Censos. El \u00edndice de Precios Minoristas aument\u00f3 durante noviembre 2,5%, por debajo del 3,5% que hab\u00eda registrado tanto en septiembre como en octubre, inform\u00f3 el Instituto\u2026","rel":"","context":"En \u00abEconom\u00eda\u00bb","block_context":{"text":"Econom\u00eda","link":"https:\/\/www.24baires.com\/?cat=45"},"img":{"alt_text":"","src":"https:\/\/i0.wp.com\/www.24baires.com\/wp-content\/uploads\/2021\/12\/61b916c66d030_900.jpg?resize=350%2C200","width":350,"height":200,"srcset":"https:\/\/i0.wp.com\/www.24baires.com\/wp-content\/uploads\/2021\/12\/61b916c66d030_900.jpg?resize=350%2C200 1x, https:\/\/i0.wp.com\/www.24baires.com\/wp-content\/uploads\/2021\/12\/61b916c66d030_900.jpg?resize=525%2C300 1.5x"},"classes":[]},{"id":108011,"url":"https:\/\/www.24baires.com\/?p=108011","url_meta":{"origin":120186,"position":4},"title":"Consultoras privadas proyectan una inflaci\u00f3n en abril que va del 3,5% al 4,6%","author":"GB","date":"07\/05\/2019","format":false,"excerpt":"De este modo, la inflaci\u00f3n calculada entre abril de 2018 e igual mes de este a\u00f1o trep\u00f3 al 56,6% Las consultoras privadas proyectan una inflaci\u00f3n en abril que va del 3,5% al 4,6% Los precios subieron 4,6% en abril, impulsados por los rubros indumentaria y calzado, bienes y servicios y\u2026","rel":"","context":"En \u00abLocales\u00bb","block_context":{"text":"Locales","link":"https:\/\/www.24baires.com\/?cat=38"},"img":{"alt_text":"","src":"https:\/\/i0.wp.com\/www.24baires.com\/wp-content\/uploads\/2016\/12\/supermercado.jpg?resize=350%2C200","width":350,"height":200,"srcset":"https:\/\/i0.wp.com\/www.24baires.com\/wp-content\/uploads\/2016\/12\/supermercado.jpg?resize=350%2C200 1x, https:\/\/i0.wp.com\/www.24baires.com\/wp-content\/uploads\/2016\/12\/supermercado.jpg?resize=525%2C300 1.5x"},"classes":[]},{"id":120096,"url":"https:\/\/www.24baires.com\/?p=120096","url_meta":{"origin":120186,"position":5},"title":"La inflaci\u00f3n de abril fue del 8,4% y acumula un 108,8% interanual","author":"AF","date":"12\/05\/2023","format":false,"excerpt":"Los datos brindados por el Instituto Nacional de Estad\u00edstica y Censos indican que la inflaci\u00f3n acumula un aumento del 32% en el primer cuatrimestre del a\u00f1o. El \u00cdndice de Precios al Consumidor (IPC-Costo de Vida) subi\u00f3 8,4% en abril, impulsado por los rubros Alimentos y Bebidas, junto con Indumentaria y\u2026","rel":"","context":"En \u00abEconom\u00eda\u00bb","block_context":{"text":"Econom\u00eda","link":"https:\/\/www.24baires.com\/?cat=45"},"img":{"alt_text":"","src":"https:\/\/i0.wp.com\/www.24baires.com\/wp-content\/uploads\/2023\/03\/inflacion-aceite-precios-super-gondolas-consumo.jpg?resize=350%2C200","width":350,"height":200,"srcset":"https:\/\/i0.wp.com\/www.24baires.com\/wp-content\/uploads\/2023\/03\/inflacion-aceite-precios-super-gondolas-consumo.jpg?resize=350%2C200 1x, https:\/\/i0.wp.com\/www.24baires.com\/wp-content\/uploads\/2023\/03\/inflacion-aceite-precios-super-gondolas-consumo.jpg?resize=525%2C300 1.5x, https:\/\/i0.wp.com\/www.24baires.com\/wp-content\/uploads\/2023\/03\/inflacion-aceite-precios-super-gondolas-consumo.jpg?resize=700%2C400 2x"},"classes":[]}],"jetpack_sharing_enabled":true,"jetpack_likes_enabled":true,"_links":{"self":[{"href":"https:\/\/www.24baires.com\/index.php?rest_route=\/wp\/v2\/posts\/120186","targetHints":{"allow":["GET"]}}],"collection":[{"href":"https:\/\/www.24baires.com\/index.php?rest_route=\/wp\/v2\/posts"}],"about":[{"href":"https:\/\/www.24baires.com\/index.php?rest_route=\/wp\/v2\/types\/post"}],"author":[{"embeddable":true,"href":"https:\/\/www.24baires.com\/index.php?rest_route=\/wp\/v2\/users\/4"}],"replies":[{"embeddable":true,"href":"https:\/\/www.24baires.com\/index.php?rest_route=%2Fwp%2Fv2%2Fcomments&post=120186"}],"version-history":[{"count":1,"href":"https:\/\/www.24baires.com\/index.php?rest_route=\/wp\/v2\/posts\/120186\/revisions"}],"predecessor-version":[{"id":120188,"href":"https:\/\/www.24baires.com\/index.php?rest_route=\/wp\/v2\/posts\/120186\/revisions\/120188"}],"wp:attachment":[{"href":"https:\/\/www.24baires.com\/index.php?rest_route=%2Fwp%2Fv2%2Fmedia&parent=120186"}],"wp:term":[{"taxonomy":"category","embeddable":true,"href":"https:\/\/www.24baires.com\/index.php?rest_route=%2Fwp%2Fv2%2Fcategories&post=120186"},{"taxonomy":"post_tag","embeddable":true,"href":"https:\/\/www.24baires.com\/index.php?rest_route=%2Fwp%2Fv2%2Ftags&post=120186"}],"curies":[{"name":"wp","href":"https:\/\/api.w.org\/{rel}","templated":true}]}}