{"id":120179,"date":"2023-06-13T21:06:08","date_gmt":"2023-06-14T00:06:08","guid":{"rendered":"http:\/\/www.24baires.com\/?p=120179"},"modified":"2023-06-13T21:06:08","modified_gmt":"2023-06-14T00:06:08","slug":"massa-continua-la-negociacion-con-el-fmi-con-el-eje-en-el-dano-por-la-sequia","status":"publish","type":"post","link":"https:\/\/www.24baires.com\/?p=120179","title":{"rendered":"Massa contin\u00faa la negociaci\u00f3n con el FMI con el eje en el \u00abda\u00f1o\u00bb por la sequ\u00eda"},"content":{"rendered":"<p><img data-recalc-dims=\"1\" loading=\"lazy\" decoding=\"async\" class=\"aligncenter wp-image-120092\" src=\"https:\/\/i0.wp.com\/www.24baires.com\/wp-content\/uploads\/2023\/05\/massa-scaled.jpg?resize=720%2C480\" alt=\"\" width=\"720\" height=\"480\" srcset=\"https:\/\/i0.wp.com\/www.24baires.com\/wp-content\/uploads\/2023\/05\/massa-scaled.jpg?w=2560&amp;ssl=1 2560w, https:\/\/i0.wp.com\/www.24baires.com\/wp-content\/uploads\/2023\/05\/massa-scaled.jpg?resize=300%2C200&amp;ssl=1 300w, https:\/\/i0.wp.com\/www.24baires.com\/wp-content\/uploads\/2023\/05\/massa-scaled.jpg?resize=1024%2C683&amp;ssl=1 1024w, https:\/\/i0.wp.com\/www.24baires.com\/wp-content\/uploads\/2023\/05\/massa-scaled.jpg?resize=768%2C512&amp;ssl=1 768w, https:\/\/i0.wp.com\/www.24baires.com\/wp-content\/uploads\/2023\/05\/massa-scaled.jpg?resize=1536%2C1024&amp;ssl=1 1536w, https:\/\/i0.wp.com\/www.24baires.com\/wp-content\/uploads\/2023\/05\/massa-scaled.jpg?resize=2048%2C1365&amp;ssl=1 2048w, https:\/\/i0.wp.com\/www.24baires.com\/wp-content\/uploads\/2023\/05\/massa-scaled.jpg?w=1720 1720w\" sizes=\"auto, (max-width: 720px) 100vw, 720px\" \/>En un acto en la f\u00e1brica automotriz Ford en Pacheco el ministro cont\u00f3 que lac conversaciones con el organismo de cr\u00e9dito se desarrollan de modo virtual y luego ir\u00e1 una misi\u00f3n a Washington para cerrar el acuerdo.<!--more--><\/p>\n<p>El ministro de Econom\u00eda, Sergio Massa, confirm\u00f3 este martes que contin\u00faan las negociaciones con el Fondo Monetario Internacional (FMI) para la reformulaci\u00f3n del programa vigente y que en las negociaciones est\u00e1 presente el impacto que la sequ\u00eda provoc\u00f3 en las reservas internacionales.<\/p>\n<p>\u00abAyer tuvimos varias reuniones con el FMI y saben que Argentina tiene un ancla que el Gobierno anterior dej\u00f3 y condiciona desarrollo\u00bb, expres\u00f3 Massa esta tarde durante un acto en el que la automotriz Ford anunci\u00f3 una inversi\u00f3n de US$660 millones en la planta de General Pacheco, donde producir\u00e1 el nuevo modelo de la camioneta Ford Ranger.<\/p>\n<p>\u00abHablamos (con el FMI), de las importaciones, la balanza comercial y el fortalecimiento de las reservas, y de alguna manera aparec\u00eda el da\u00f1o que la sequ\u00eda nos ha generado en las exportaciones de este a\u00f1o\u00bb, detall\u00f3 Massa.<\/p>\n<p>En lo que respecta a la inversi\u00f3n de Ford, el funcionario resalt\u00f3 la importancia de la iniciativa al sostener que \u00abcada d\u00f3lar en manos de estos trabajadores vale el doble, porque es con valor agregado y porque compensa el da\u00f1o enorme que la sequ\u00eda le hizo a la Argentina\u00bb.<\/p>\n<p>Sobre las negociaciones con el FMI, se espera que dentro de unos d\u00edas, cuando finalicen las negociaciones virtuales, seg\u00fan fuentes de Econom\u00eda, una delegaci\u00f3n del equipo econ\u00f3mico argentino partir\u00e1 con destino a Washington para avanzar con el cierre del entendimiento.<\/p>\n<p>El vicepresidente del Banco Central, Lisandro Cleri; el secretario de Pol\u00edtica econ\u00f3mica, Gabriel Rubinstein; y el director del INDEC, Marco Lavagna, son los designados por el ministro de Econom\u00eda, Sergio Massa, para llevar adelante las negociaciones sobre el impacto que tuvo la sequ\u00eda en las reservas y en las cuentas p\u00fablicas, entre otras cuestiones.<\/p>\n<p>Ellos continuar\u00edan con las discusiones t\u00e9cnicas con el staff del Fondo Monetario, para lograr avanzar con las negociaciones que contemplen una reformulaci\u00f3n del programa de Facilidades Extendidas de tres a\u00f1os y medio de duraci\u00f3n, en el contexto de la hist\u00f3rica sequ\u00eda que padeci\u00f3 el pa\u00eds y que, seg\u00fan los \u00faltimos c\u00e1lculos oficiales, provoc\u00f3 p\u00e9rdidas por al menos 18.000 millones de d\u00f3lares.<\/p>\n<p>Estaba previsto inicialmente que los funcionarios viajen hace la capital e Estados Unidos entre el 12 y el 14 de junio, aunque esa fecha podr\u00eda retrasarse para encarar la \u00abdiscusi\u00f3n de la \u00faltima milla\u00bb con el FMI, seg\u00fan las palabras que Massa utiliz\u00f3 en su \u00faltimo viaje a China, al referirse a la misi\u00f3n argentina.<\/p>\n<p>Asimismo, se especula con que Massa viajar\u00eda reci\u00e9n sobre el final de las negociaciones, con el 20 de junio pr\u00f3ximo como fecha estimativa.<\/p>\n<p>Estas negociaciones se dan en el marco de que, el 21 y el 22 de junio, se producen vencimientos de deuda con el organismo por total de casi US$ 2.700 millones.<\/p>\n<p>De llegar a buen puerto las conversaciones, se espera que las Argentina reciba el pr\u00f3ximo desembolso pautado para la fecha y logre adem\u00e1s un adelanto del saldo de los desembolsos acordados para lo que resta del a\u00f1o, que en total superan los 10.000 millones de d\u00f3lares.<\/p>\n<p>En el contexto actual es factible que el vencimiento de deuda con el Fondo se produzca antes del pr\u00f3ximo desembolso del organismo a la Argentina.<\/p>\n<p>En base a eso, en el Palacio de Hacienda no descartan la posibilidad de realizar un pago por adelantado, como muestra de buena voluntad de cara al avance de las negociaciones, aunque recordaron que los pagos podr\u00edan extenderse unos d\u00edas m\u00e1s del vencimiento sin inconvenientes, como ya ocurri\u00f3 en el pasado, inform\u00f3 T\u00e9lam.<\/p>\n","protected":false},"excerpt":{"rendered":"<p>En un acto en la f\u00e1brica automotriz Ford en Pacheco el ministro cont\u00f3 que lac conversaciones con el organismo de cr\u00e9dito se desarrollan de modo virtual y luego ir\u00e1 una misi\u00f3n a Washington para cerrar el acuerdo.<\/p>\n","protected":false},"author":4,"featured_media":0,"comment_status":"closed","ping_status":"closed","sticky":false,"template":"","format":"standard","meta":{"_jetpack_newsletter_access":"","_jetpack_dont_email_post_to_subs":false,"_jetpack_newsletter_tier_id":0,"_jetpack_memberships_contains_paywalled_content":false,"_jetpack_memberships_contains_paid_content":false,"footnotes":""},"categories":[45],"tags":[],"class_list":["post-120179","post","type-post","status-publish","format-standard","hentry","category-economia"],"jetpack_featured_media_url":"","jetpack_shortlink":"https:\/\/wp.me\/p2JWE0-vgn","jetpack-related-posts":[{"id":120233,"url":"https:\/\/www.24baires.com\/?p=120233","url_meta":{"origin":120179,"position":0},"title":"El Gobierno argentino pagar\u00e1 vencimientos al FMI con DEG y yuanes","author":"AF","date":"29\/06\/2023","format":false,"excerpt":"De esta manera \u201cse cumple con lo que se acord\u00f3 con el Fondo y al mismo tiempo no se pondr\u00e1n en riesgo las Reservas del Banco Central\u201d, inform\u00f3 la vocera presidencial, Gabriela Cerrutti. El Ministerio de Econom\u00eda anunci\u00f3 que este viernes pagar\u00e1 al Fondo Monetario Internacional (FMI) US$ 2.700 millones,\u2026","rel":"","context":"En \u00abEconom\u00eda\u00bb","block_context":{"text":"Econom\u00eda","link":"https:\/\/www.24baires.com\/?cat=45"},"img":{"alt_text":"","src":"https:\/\/i0.wp.com\/www.24baires.com\/wp-content\/uploads\/2019\/08\/fmi.jpg?resize=350%2C200","width":350,"height":200,"srcset":"https:\/\/i0.wp.com\/www.24baires.com\/wp-content\/uploads\/2019\/08\/fmi.jpg?resize=350%2C200 1x, https:\/\/i0.wp.com\/www.24baires.com\/wp-content\/uploads\/2019\/08\/fmi.jpg?resize=525%2C300 1.5x, https:\/\/i0.wp.com\/www.24baires.com\/wp-content\/uploads\/2019\/08\/fmi.jpg?resize=700%2C400 2x"},"classes":[]},{"id":120294,"url":"https:\/\/www.24baires.com\/?p=120294","url_meta":{"origin":120179,"position":1},"title":"Argentina inici\u00f3 las negociaciones con el FMI para cerrar el acuerdo","author":"AF","date":"18\/07\/2023","format":false,"excerpt":"Funcionarios del Ministerio de Econom\u00eda ya iniciaron las reuniones con el equipo t\u00e9cnico del Fondo Monetario Internacional para acordar los detalles finales del entendimiento. Massa viajar\u00eda esta semana. El secretario de Pol\u00edtica Econ\u00f3mica, Gabriel Rubinstein; el jefe de asesores del Ministerio de Econom\u00eda, Leonardo Madcur; y el vicepresidente del Banco\u2026","rel":"","context":"En \u00abEconom\u00eda\u00bb","block_context":{"text":"Econom\u00eda","link":"https:\/\/www.24baires.com\/?cat=45"},"img":{"alt_text":"","src":"https:\/\/i0.wp.com\/www.24baires.com\/wp-content\/uploads\/2023\/06\/fmi.jpeg?resize=350%2C200","width":350,"height":200,"srcset":"https:\/\/i0.wp.com\/www.24baires.com\/wp-content\/uploads\/2023\/06\/fmi.jpeg?resize=350%2C200 1x, https:\/\/i0.wp.com\/www.24baires.com\/wp-content\/uploads\/2023\/06\/fmi.jpeg?resize=525%2C300 1.5x, https:\/\/i0.wp.com\/www.24baires.com\/wp-content\/uploads\/2023\/06\/fmi.jpeg?resize=700%2C400 2x"},"classes":[]},{"id":120299,"url":"https:\/\/www.24baires.com\/?p=120299","url_meta":{"origin":120179,"position":2},"title":"Massa volvi\u00f3 a hablar con Georgieva y se aceleran las negociaciones con el FMI","author":"AF","date":"20\/07\/2023","format":false,"excerpt":"La conversaci\u00f3n entre el ministro de Econom\u00eda y la titular del Fondo se extendi\u00f3 durante una hora y luego, se sumaron dos nuevos funcionarios a la delegaci\u00f3n argentina. El precandidato debe definir si viaja a Washington para cerrar el entendimiento con el organismo. El ministro de Econom\u00eda, Sergio Massa, volvi\u00f3\u2026","rel":"","context":"En \u00abEconom\u00eda\u00bb","block_context":{"text":"Econom\u00eda","link":"https:\/\/www.24baires.com\/?cat=45"},"img":{"alt_text":"","src":"https:\/\/i0.wp.com\/www.24baires.com\/wp-content\/uploads\/2023\/07\/massa.jpg?resize=350%2C200","width":350,"height":200,"srcset":"https:\/\/i0.wp.com\/www.24baires.com\/wp-content\/uploads\/2023\/07\/massa.jpg?resize=350%2C200 1x, https:\/\/i0.wp.com\/www.24baires.com\/wp-content\/uploads\/2023\/07\/massa.jpg?resize=525%2C300 1.5x, https:\/\/i0.wp.com\/www.24baires.com\/wp-content\/uploads\/2023\/07\/massa.jpg?resize=700%2C400 2x"},"classes":[]},{"id":119435,"url":"https:\/\/www.24baires.com\/?p=119435","url_meta":{"origin":120179,"position":3},"title":"Massa avanz\u00f3 con las negociaciones por la deuda de 2400 millones","author":"AF","date":"13\/10\/2022","format":false,"excerpt":"Se reuni\u00f3 con Moulin, secretario del organismo. Preparan viaje a Francia para lograr la r\u00fabrica a fines de este mes. La cena con el G20 y los dichos de Georgieva. El ministro de Econom\u00eda, Sergio Massa, avanz\u00f3 en las \u00faltimas horas en las negociaciones con el Club de Par\u00eds, durante\u2026","rel":"","context":"En \u00abEconom\u00eda\u00bb","block_context":{"text":"Econom\u00eda","link":"https:\/\/www.24baires.com\/?cat=45"},"img":{"alt_text":"","src":"https:\/\/i0.wp.com\/www.24baires.com\/wp-content\/uploads\/2022\/09\/massa..jpg?resize=350%2C200","width":350,"height":200,"srcset":"https:\/\/i0.wp.com\/www.24baires.com\/wp-content\/uploads\/2022\/09\/massa..jpg?resize=350%2C200 1x, https:\/\/i0.wp.com\/www.24baires.com\/wp-content\/uploads\/2022\/09\/massa..jpg?resize=525%2C300 1.5x, https:\/\/i0.wp.com\/www.24baires.com\/wp-content\/uploads\/2022\/09\/massa..jpg?resize=700%2C400 2x"},"classes":[]},{"id":120291,"url":"https:\/\/www.24baires.com\/?p=120291","url_meta":{"origin":120179,"position":4},"title":"Cristina: \u201cEl FMI se tiene que hacer cargo de los desmanejos de la directora anterior\u201d","author":"AF","date":"17\/07\/2023","format":false,"excerpt":"En el acto por los 15 a\u00f1os de estatizaci\u00f3n de Aerol\u00edneas Argentinas que comparti\u00f3 con el ministro y precandidato presidencial Sergio Massa, la vicepresidenta Cristina Fern\u00e1ndez de Kirchner inst\u00f3 a la conducci\u00f3n del Fondo Monetario Internacional a \u201chacerse cargo del desmanejo que tuvo la anterior directora\u201d, en referencia a Christine\u2026","rel":"","context":"En \u00abPol\u00edtica\u00bb","block_context":{"text":"Pol\u00edtica","link":"https:\/\/www.24baires.com\/?cat=51"},"img":{"alt_text":"","src":"https:\/\/i0.wp.com\/www.24baires.com\/wp-content\/uploads\/2023\/07\/WhatsApp-Image-2023-07-17-at-23.04.06.jpeg?resize=350%2C200","width":350,"height":200,"srcset":"https:\/\/i0.wp.com\/www.24baires.com\/wp-content\/uploads\/2023\/07\/WhatsApp-Image-2023-07-17-at-23.04.06.jpeg?resize=350%2C200 1x, https:\/\/i0.wp.com\/www.24baires.com\/wp-content\/uploads\/2023\/07\/WhatsApp-Image-2023-07-17-at-23.04.06.jpeg?resize=525%2C300 1.5x, https:\/\/i0.wp.com\/www.24baires.com\/wp-content\/uploads\/2023\/07\/WhatsApp-Image-2023-07-17-at-23.04.06.jpeg?resize=700%2C400 2x"},"classes":[]},{"id":119959,"url":"https:\/\/www.24baires.com\/?p=119959","url_meta":{"origin":120179,"position":5},"title":"El FMI calcula que el impacto de la sequ\u00eda es de 9000 millones de d\u00f3lares","author":"AF","date":"29\/03\/2023","format":false,"excerpt":"En Econom\u00eda dejaron trascender que, para el Fondo Monetario Internacional, las consecuencias de la hist\u00f3rica seca es menor a lo que calcul\u00f3 la Bolsa de Rosario. Los planes para nuevo d\u00f3lar a las econom\u00edas regionales, las reservas en el Banco Central y la renegociaci\u00f3n del programa con el Fondo. El\u2026","rel":"","context":"En \u00abEconom\u00eda\u00bb","block_context":{"text":"Econom\u00eda","link":"https:\/\/www.24baires.com\/?cat=45"},"img":{"alt_text":"","src":"https:\/\/i0.wp.com\/www.24baires.com\/wp-content\/uploads\/2023\/03\/massa-fmi.jpeg?resize=350%2C200","width":350,"height":200,"srcset":"https:\/\/i0.wp.com\/www.24baires.com\/wp-content\/uploads\/2023\/03\/massa-fmi.jpeg?resize=350%2C200 1x, https:\/\/i0.wp.com\/www.24baires.com\/wp-content\/uploads\/2023\/03\/massa-fmi.jpeg?resize=525%2C300 1.5x, https:\/\/i0.wp.com\/www.24baires.com\/wp-content\/uploads\/2023\/03\/massa-fmi.jpeg?resize=700%2C400 2x"},"classes":[]}],"jetpack_sharing_enabled":true,"jetpack_likes_enabled":true,"_links":{"self":[{"href":"https:\/\/www.24baires.com\/index.php?rest_route=\/wp\/v2\/posts\/120179","targetHints":{"allow":["GET"]}}],"collection":[{"href":"https:\/\/www.24baires.com\/index.php?rest_route=\/wp\/v2\/posts"}],"about":[{"href":"https:\/\/www.24baires.com\/index.php?rest_route=\/wp\/v2\/types\/post"}],"author":[{"embeddable":true,"href":"https:\/\/www.24baires.com\/index.php?rest_route=\/wp\/v2\/users\/4"}],"replies":[{"embeddable":true,"href":"https:\/\/www.24baires.com\/index.php?rest_route=%2Fwp%2Fv2%2Fcomments&post=120179"}],"version-history":[{"count":1,"href":"https:\/\/www.24baires.com\/index.php?rest_route=\/wp\/v2\/posts\/120179\/revisions"}],"predecessor-version":[{"id":120180,"href":"https:\/\/www.24baires.com\/index.php?rest_route=\/wp\/v2\/posts\/120179\/revisions\/120180"}],"wp:attachment":[{"href":"https:\/\/www.24baires.com\/index.php?rest_route=%2Fwp%2Fv2%2Fmedia&parent=120179"}],"wp:term":[{"taxonomy":"category","embeddable":true,"href":"https:\/\/www.24baires.com\/index.php?rest_route=%2Fwp%2Fv2%2Fcategories&post=120179"},{"taxonomy":"post_tag","embeddable":true,"href":"https:\/\/www.24baires.com\/index.php?rest_route=%2Fwp%2Fv2%2Ftags&post=120179"}],"curies":[{"name":"wp","href":"https:\/\/api.w.org\/{rel}","templated":true}]}}