{"id":120177,"date":"2023-06-13T10:16:05","date_gmt":"2023-06-13T13:16:05","guid":{"rendered":"http:\/\/www.24baires.com\/?p=120177"},"modified":"2023-06-13T10:16:05","modified_gmt":"2023-06-13T13:16:05","slug":"provincia-tambien-acordo-con-la-uta-y-se-levanta-el-paro-en-el-interior-bonaerense","status":"publish","type":"post","link":"https:\/\/www.24baires.com\/?p=120177","title":{"rendered":"Provincia tambi\u00e9n acord\u00f3 con la UTA y se levanta el paro en el interior bonaerense"},"content":{"rendered":"<p><img data-recalc-dims=\"1\" loading=\"lazy\" decoding=\"async\" class=\"aligncenter wp-image-119974\" src=\"https:\/\/i0.wp.com\/www.24baires.com\/wp-content\/uploads\/2023\/04\/colectivo.jpg?resize=720%2C405\" alt=\"\" width=\"720\" height=\"405\" srcset=\"https:\/\/i0.wp.com\/www.24baires.com\/wp-content\/uploads\/2023\/04\/colectivo.jpg?w=450&amp;ssl=1 450w, https:\/\/i0.wp.com\/www.24baires.com\/wp-content\/uploads\/2023\/04\/colectivo.jpg?resize=300%2C169&amp;ssl=1 300w\" sizes=\"auto, (max-width: 720px) 100vw, 720px\" \/>La Provincia de Buenos Aires aporta el 70 por ciento de los subsidios, por lo que hubo un acuerdo con la UTA y ya comienzan a circular colectivos en el interior<!--more--><\/p>\n<p>En medio del paro de colectivos que afect\u00f3 al interior por el acuerdo al que la Uni\u00f3n Tranviarios Automotor (UTA) lleg\u00f3 con el Ministerio de Transporte de la Naci\u00f3n para garantizar el servicio en el conurbano, la Provincia de Buenos Aires lleg\u00f3 a un entendimiento con el gremio y se levanta el paro en las jurisdicciones bonaerenses.<\/p>\n<p>As\u00ed lo inform\u00f3 la UTA a trav\u00e9s de un comunicado en el que se\u00f1alaron que fue \u00aben atenci\u00f3n al acuerdo alcanzado con el ministro de Transporte de la Provincia de Buenos Aires, Dr. Jorge D&#8217;onofrio\u00bb.<\/p>\n<p>Es que el funcionario se comprometi\u00f3 \u00aba realizar los aportes necesarios para alcanzar el incremento salarial en las empresas del interior de la provincia de Buenos Aires, en los mismos t\u00e9rminos y en las mismas condiciones que las resueltas para el AMBA\u00bb.<\/p>\n<p>As\u00ed, se dje\u00f3 sin efecto la medida de acci\u00f3n gremial en todo el territorio bonaerense y ya desde las 9 horas volvieron a activarse los servicios, mientras que otros lo har\u00e1n desde las 10 horas.<\/p>\n","protected":false},"excerpt":{"rendered":"<p>La Provincia de Buenos Aires aporta el 70 por ciento de los subsidios, por lo que hubo un acuerdo con la UTA y ya comienzan a circular colectivos en el interior<\/p>\n","protected":false},"author":8,"featured_media":0,"comment_status":"closed","ping_status":"closed","sticky":false,"template":"","format":"standard","meta":{"_jetpack_newsletter_access":"","_jetpack_dont_email_post_to_subs":false,"_jetpack_newsletter_tier_id":0,"_jetpack_memberships_contains_paywalled_content":false,"_jetpack_memberships_contains_paid_content":false,"footnotes":""},"categories":[1],"tags":[],"class_list":["post-120177","post","type-post","status-publish","format-standard","hentry","category-sociedad"],"jetpack_featured_media_url":"","jetpack_shortlink":"https:\/\/wp.me\/p2JWE0-vgl","jetpack-related-posts":[{"id":115525,"url":"https:\/\/www.24baires.com\/?p=115525","url_meta":{"origin":120177,"position":0},"title":"Paro de colectivos por tiempo indeterminado en el interior bonaerense","author":"GB","date":"02\/07\/2020","format":false,"excerpt":"La medida es impulsada por la UTA a nivel nacional y repercutir\u00e1 en algunos distritos de la provincia de Buenos Aires. Remarcan \u201cel tratamiento diferenciado e inequitativo\u201d en relaci\u00f3n al servicio en el AMBA. En algunos casos desde anoche y en otros a partir de hoy y por tiempo indeterminado,\u2026","rel":"","context":"En \u00abProvincia\u00bb","block_context":{"text":"Provincia","link":"https:\/\/www.24baires.com\/?cat=40"},"img":{"alt_text":"","src":"https:\/\/i0.wp.com\/www.24baires.com\/wp-content\/uploads\/2020\/06\/colectivo-desinfeccion.jpg?resize=350%2C200","width":350,"height":200,"srcset":"https:\/\/i0.wp.com\/www.24baires.com\/wp-content\/uploads\/2020\/06\/colectivo-desinfeccion.jpg?resize=350%2C200 1x, https:\/\/i0.wp.com\/www.24baires.com\/wp-content\/uploads\/2020\/06\/colectivo-desinfeccion.jpg?resize=525%2C300 1.5x"},"classes":[]},{"id":120262,"url":"https:\/\/www.24baires.com\/?p=120262","url_meta":{"origin":120177,"position":1},"title":"Para destrabar el paro de colectivos, el Gobierno recibe a empresarios y a la UTA","author":"GB","date":"07\/07\/2023","format":false,"excerpt":"La cita es en el Ministerio de Transporte de la Naci\u00f3n. La UTA y los titulares de las c\u00e1maras empresarias dar\u00e1n el presente para poner en marcha los colectivos. El Ministerio de Transporte de la Naci\u00f3n convoc\u00f3 para este mediod\u00eda a representantes del gremio que nuclea a los choferes de\u2026","rel":"","context":"En \u00abProvincia\u00bb","block_context":{"text":"Provincia","link":"https:\/\/www.24baires.com\/?cat=40"},"img":{"alt_text":"","src":"https:\/\/i0.wp.com\/www.24baires.com\/wp-content\/uploads\/2023\/04\/colectivo.jpg?resize=350%2C200","width":350,"height":200,"srcset":"https:\/\/i0.wp.com\/www.24baires.com\/wp-content\/uploads\/2023\/04\/colectivo.jpg?resize=350%2C200 1x, https:\/\/i0.wp.com\/www.24baires.com\/wp-content\/uploads\/2023\/04\/colectivo.jpg?resize=525%2C300 1.5x, https:\/\/i0.wp.com\/www.24baires.com\/wp-content\/uploads\/2023\/04\/colectivo.jpg?resize=700%2C400 2x"},"classes":[]},{"id":122871,"url":"https:\/\/www.24baires.com\/?p=122871","url_meta":{"origin":120177,"position":2},"title":"La UTA amenaza con un paro de colectivos y crece la tensi\u00f3n en el transporte","author":"GB","date":"10\/02\/2026","format":false,"excerpt":"El gremio exigi\u00f3 a las empresas de las provincias que cumplan con los salarios acordados en el AMBA y anunci\u00f3 que, si no hay pago, habr\u00e1 una medida de fuerza esta semana. La Uni\u00f3n Tranviarios Automotor (UTA) anunci\u00f3 que podr\u00eda realizar un paro de colectivos en todas las provincias si\u2026","rel":"","context":"En \u00abPol\u00edtica\u00bb","block_context":{"text":"Pol\u00edtica","link":"https:\/\/www.24baires.com\/?cat=51"},"img":{"alt_text":"","src":"https:\/\/i0.wp.com\/www.24baires.com\/wp-content\/uploads\/2024\/10\/colectivos.webp?resize=350%2C200","width":350,"height":200,"srcset":"https:\/\/i0.wp.com\/www.24baires.com\/wp-content\/uploads\/2024\/10\/colectivos.webp?resize=350%2C200 1x, https:\/\/i0.wp.com\/www.24baires.com\/wp-content\/uploads\/2024\/10\/colectivos.webp?resize=525%2C300 1.5x, https:\/\/i0.wp.com\/www.24baires.com\/wp-content\/uploads\/2024\/10\/colectivos.webp?resize=700%2C400 2x"},"classes":[]},{"id":118789,"url":"https:\/\/www.24baires.com\/?p=118789","url_meta":{"origin":120177,"position":3},"title":"A pesar de la conciliaci\u00f3n obligatoria, el paro de colectivos se mantiene en varias ciudades del interior","author":"GB","date":"26\/04\/2022","format":false,"excerpt":"Seccionales de la UTA decidieron continuar con el paro previsto para este martes, por lo que podr\u00eda haber complicaciones en varios puntos de la provincia. Frente al anuncio de un paro de 48 horas para los d\u00edas martes y mi\u00e9rcoles de esta semana por parte de la Uni\u00f3n Tranviario Automotor\u2026","rel":"","context":"En \u00abSociedad\u00bb","block_context":{"text":"Sociedad","link":"https:\/\/www.24baires.com\/?cat=1"},"img":{"alt_text":"","src":"https:\/\/i0.wp.com\/www.24baires.com\/wp-content\/uploads\/2017\/06\/colectivo-111.jpg?resize=350%2C200","width":350,"height":200,"srcset":"https:\/\/i0.wp.com\/www.24baires.com\/wp-content\/uploads\/2017\/06\/colectivo-111.jpg?resize=350%2C200 1x, https:\/\/i0.wp.com\/www.24baires.com\/wp-content\/uploads\/2017\/06\/colectivo-111.jpg?resize=525%2C300 1.5x, https:\/\/i0.wp.com\/www.24baires.com\/wp-content\/uploads\/2017\/06\/colectivo-111.jpg?resize=700%2C400 2x"},"classes":[]},{"id":121791,"url":"https:\/\/www.24baires.com\/?p=121791","url_meta":{"origin":120177,"position":4},"title":"La UTA levant\u00f3 el paro de colectivos","author":"GB","date":"31\/10\/2024","format":false,"excerpt":"La medida de fuerza que se iba a llevar a cabo ma\u00f1ana, finalmente no se har\u00e1 y el servicio funcionar\u00e1 con normalidad. Se dio marcha atr\u00e1s con el paro de 24 horas que la Uni\u00f3n Tranviarios Automotor (UTA) iba a impulsar para este jueves 31 de octubre en el \u00c1rea\u2026","rel":"","context":"En \u00abPol\u00edtica\u00bb","block_context":{"text":"Pol\u00edtica","link":"https:\/\/www.24baires.com\/?cat=51"},"img":{"alt_text":"","src":"https:\/\/i0.wp.com\/www.24baires.com\/wp-content\/uploads\/2024\/10\/colectivos.webp?resize=350%2C200","width":350,"height":200,"srcset":"https:\/\/i0.wp.com\/www.24baires.com\/wp-content\/uploads\/2024\/10\/colectivos.webp?resize=350%2C200 1x, https:\/\/i0.wp.com\/www.24baires.com\/wp-content\/uploads\/2024\/10\/colectivos.webp?resize=525%2C300 1.5x, https:\/\/i0.wp.com\/www.24baires.com\/wp-content\/uploads\/2024\/10\/colectivos.webp?resize=700%2C400 2x"},"classes":[]},{"id":121074,"url":"https:\/\/www.24baires.com\/?p=121074","url_meta":{"origin":120177,"position":5},"title":"Rige el paro de colectivos en el interior del pa\u00eds","author":"GB","date":"05\/03\/2024","format":false,"excerpt":"Tras una semana donde las medidas de fuerza alcanzaron a los ferroviarios y a los aeron\u00e1uticos, ahora la UTA anunci\u00f3 un paro de colectivos Termina una semana ca\u00f3tica para el transporte p\u00fablico, donde se vieron afectados los servicios ferroviarios y aeron\u00e1uticos, ahora, la Uni\u00f3n Tranviarios Automotor (UTA) tambi\u00e9n anunci\u00f3 un\u2026","rel":"","context":"En \u00abPol\u00edtica\u00bb","block_context":{"text":"Pol\u00edtica","link":"https:\/\/www.24baires.com\/?cat=51"},"img":{"alt_text":"","src":"https:\/\/i0.wp.com\/www.24baires.com\/wp-content\/uploads\/2013\/10\/colectivos-mdp.jpg?resize=350%2C200","width":350,"height":200,"srcset":"https:\/\/i0.wp.com\/www.24baires.com\/wp-content\/uploads\/2013\/10\/colectivos-mdp.jpg?resize=350%2C200 1x, https:\/\/i0.wp.com\/www.24baires.com\/wp-content\/uploads\/2013\/10\/colectivos-mdp.jpg?resize=525%2C300 1.5x, https:\/\/i0.wp.com\/www.24baires.com\/wp-content\/uploads\/2013\/10\/colectivos-mdp.jpg?resize=700%2C400 2x"},"classes":[]}],"jetpack_sharing_enabled":true,"jetpack_likes_enabled":true,"_links":{"self":[{"href":"https:\/\/www.24baires.com\/index.php?rest_route=\/wp\/v2\/posts\/120177","targetHints":{"allow":["GET"]}}],"collection":[{"href":"https:\/\/www.24baires.com\/index.php?rest_route=\/wp\/v2\/posts"}],"about":[{"href":"https:\/\/www.24baires.com\/index.php?rest_route=\/wp\/v2\/types\/post"}],"author":[{"embeddable":true,"href":"https:\/\/www.24baires.com\/index.php?rest_route=\/wp\/v2\/users\/8"}],"replies":[{"embeddable":true,"href":"https:\/\/www.24baires.com\/index.php?rest_route=%2Fwp%2Fv2%2Fcomments&post=120177"}],"version-history":[{"count":1,"href":"https:\/\/www.24baires.com\/index.php?rest_route=\/wp\/v2\/posts\/120177\/revisions"}],"predecessor-version":[{"id":120178,"href":"https:\/\/www.24baires.com\/index.php?rest_route=\/wp\/v2\/posts\/120177\/revisions\/120178"}],"wp:attachment":[{"href":"https:\/\/www.24baires.com\/index.php?rest_route=%2Fwp%2Fv2%2Fmedia&parent=120177"}],"wp:term":[{"taxonomy":"category","embeddable":true,"href":"https:\/\/www.24baires.com\/index.php?rest_route=%2Fwp%2Fv2%2Fcategories&post=120177"},{"taxonomy":"post_tag","embeddable":true,"href":"https:\/\/www.24baires.com\/index.php?rest_route=%2Fwp%2Fv2%2Ftags&post=120177"}],"curies":[{"name":"wp","href":"https:\/\/api.w.org\/{rel}","templated":true}]}}