{"id":120167,"date":"2023-06-09T16:12:57","date_gmt":"2023-06-09T19:12:57","guid":{"rendered":"http:\/\/www.24baires.com\/?p=120167"},"modified":"2023-06-09T16:12:57","modified_gmt":"2023-06-09T19:12:57","slug":"uta-no-logro-aumento-salarial-y-anuncia-un-paro-de-colectivos-en-todo-el-pais-para-el-proximo-martes","status":"publish","type":"post","link":"https:\/\/www.24baires.com\/?p=120167","title":{"rendered":"UTA no logr\u00f3 aumento salarial y anuncia un paro de colectivos en todo el pa\u00eds para el pr\u00f3ximo martes"},"content":{"rendered":"<p><img data-recalc-dims=\"1\" loading=\"lazy\" decoding=\"async\" class=\"aligncenter wp-image-56433\" src=\"https:\/\/i0.wp.com\/www.24baires.com\/wp-content\/uploads\/2014\/11\/319-colectivo-bah%C3%ADa-punta-alta.jpg?resize=720%2C399\" alt=\"\" width=\"720\" height=\"399\" srcset=\"https:\/\/i0.wp.com\/www.24baires.com\/wp-content\/uploads\/2014\/11\/319-colectivo-bah%C3%ADa-punta-alta.jpg?w=560&amp;ssl=1 560w, https:\/\/i0.wp.com\/www.24baires.com\/wp-content\/uploads\/2014\/11\/319-colectivo-bah%C3%ADa-punta-alta.jpg?resize=300%2C166&amp;ssl=1 300w\" sizes=\"auto, (max-width: 720px) 100vw, 720px\" \/>La audiencia de conciliaci\u00f3n reuni\u00f3 en el Ministerio de Trabajo de la Naci\u00f3n a gremio y empresarios, pero no asistieron los funcionarios del \u00e1rea. Malestar de prestadores y choferes.<!--more--><\/p>\n<p>Directivos de la Uni\u00f3n Tranviaria Automotor a nivel nacional advirtieron que el pr\u00f3ximo martes realizar\u00e1n un paro por 24 horas en todo el pa\u00eds si es que para entonces se mantiene la falta de respuesta que sufren frente al reclamo de paritarias que deriven en mejoras salariales para los trabajadores del sector.<\/p>\n<p>La audiencia que se desarroll\u00f3 hoy en Capital Federal, en sede del Ministerio de Trabajo de la Naci\u00f3n y sobre el filo del cierre de la conciliaci\u00f3n obligatoria vigente, no aport\u00f3 avances y gener\u00f3 mayor malestar entre los sindicalistas dado que entienden que los funcionarios no se est\u00e1n ocupando ni atendiendo el caso frente a la situaci\u00f3n de urgencia y alcances.<\/p>\n<p>Por Fuera de la audiencia no hubo ning\u00fan ofrecimiento a las c\u00e1maras y tampoco a UTA\u00bb, aseguraron desde el gremio. Desde las c\u00e1maras empresarias del transporte a nivel nacional manifestaron su \u201cdesaz\u00f3n, desconcierto y profunda preocupaci\u00f3n\u201d porque en el marco de estas negociaciones los funcionarios del Ministerio de Transporte de la Naci\u00f3n \u201c-tampoco del provincial y el de las autoridades de la Ciudad Aut\u00f3noma de Buenos Aires- a trav\u00e9s de sus autoridades competentes, siquiera hayan asistido a las audiencias a trav\u00e9s de las cuales se intenta la negociaci\u00f3n paritaria\u201d. Los choferes exigen una recomposici\u00f3n salarial frente a un contexto inflacionario. Las empresas escuchan el reclamo pero esperan de los funcionarios que tambi\u00e9n atiendan este conflicto, con consecuentes respuestas para el sector traducidas en mayor cantidad de subsidios para afrontar la suba de costos. Hay una nueva audiencia fijada para el lunes a las 16, en la que se confirmar\u00e1 si se destraba el conflicto o finalmente se llega a la instancia de paro.<\/p>\n","protected":false},"excerpt":{"rendered":"<p>La audiencia de conciliaci\u00f3n reuni\u00f3 en el Ministerio de Trabajo de la Naci\u00f3n a gremio y empresarios, pero no asistieron los funcionarios del \u00e1rea. Malestar de prestadores y choferes.<\/p>\n","protected":false},"author":8,"featured_media":0,"comment_status":"closed","ping_status":"closed","sticky":false,"template":"","format":"standard","meta":{"_jetpack_newsletter_access":"","_jetpack_dont_email_post_to_subs":false,"_jetpack_newsletter_tier_id":0,"_jetpack_memberships_contains_paywalled_content":false,"_jetpack_memberships_contains_paid_content":false,"footnotes":""},"categories":[1],"tags":[],"class_list":["post-120167","post","type-post","status-publish","format-standard","hentry","category-sociedad"],"jetpack_featured_media_url":"","jetpack_shortlink":"https:\/\/wp.me\/p2JWE0-vgb","jetpack-related-posts":[{"id":106422,"url":"https:\/\/www.24baires.com\/?p=106422","url_meta":{"origin":120167,"position":0},"title":"Se realizar\u00e1 una nueva audiencia entre el Ejecutivo y los trabajadores municipales","author":"GB","date":"18\/01\/2019","format":false,"excerpt":"MAR DEL PLATA-Ser\u00e1 este viernes en el Ministerio de Trabajo de la provincia en el marco de la conciliaci\u00f3n obligatoria. El gobierno y los municipales se volver\u00e1n a reunir este viernes en una nueva audiencia en b\u00fasqueda de destrabar la paritaria, en marco de la conciliaci\u00f3n obligatoria. Este segundo encuentro\u2026","rel":"","context":"En \u00abMunicipios\u00bb","block_context":{"text":"Municipios","link":"https:\/\/www.24baires.com\/?cat=44"},"img":{"alt_text":"","src":"https:\/\/i0.wp.com\/www.24baires.com\/wp-content\/uploads\/2019\/01\/municipales-prov.jpg?resize=350%2C200","width":350,"height":200,"srcset":"https:\/\/i0.wp.com\/www.24baires.com\/wp-content\/uploads\/2019\/01\/municipales-prov.jpg?resize=350%2C200 1x, https:\/\/i0.wp.com\/www.24baires.com\/wp-content\/uploads\/2019\/01\/municipales-prov.jpg?resize=525%2C300 1.5x"},"classes":[]},{"id":120128,"url":"https:\/\/www.24baires.com\/?p=120128","url_meta":{"origin":120167,"position":1},"title":"Definen si habr\u00e1 paro de choferes este martes en Mar del Plata y el resto del pa\u00eds","author":"GB","date":"29\/05\/2023","format":false,"excerpt":"Este lunes finaliza la conciliaci\u00f3n obligatoria dictada por el Ministerio de Trabajo. Las partes se re\u00fanen para intentar destrabar el conflicto. A qu\u00e9 hora empieza el encuentro que ser\u00e1 clave para saber si hay o no huelga del transporte. Hay una importante expectativa para saber si este lunes se soluciona\u2026","rel":"","context":"En \u00abPol\u00edtica\u00bb","block_context":{"text":"Pol\u00edtica","link":"https:\/\/www.24baires.com\/?cat=51"},"img":{"alt_text":"","src":"https:\/\/i0.wp.com\/www.24baires.com\/wp-content\/uploads\/2023\/04\/colectivo.jpg?resize=350%2C200","width":350,"height":200,"srcset":"https:\/\/i0.wp.com\/www.24baires.com\/wp-content\/uploads\/2023\/04\/colectivo.jpg?resize=350%2C200 1x, https:\/\/i0.wp.com\/www.24baires.com\/wp-content\/uploads\/2023\/04\/colectivo.jpg?resize=525%2C300 1.5x, https:\/\/i0.wp.com\/www.24baires.com\/wp-content\/uploads\/2023\/04\/colectivo.jpg?resize=700%2C400 2x"},"classes":[]},{"id":106358,"url":"https:\/\/www.24baires.com\/?p=106358","url_meta":{"origin":120167,"position":2},"title":"Guardavidas pasaron a un cuarto intermedio hasta el lunes pr\u00f3ximo","author":"GB","date":"15\/01\/2019","format":false,"excerpt":"Lo resolvieron en el Ministerio de Trabajo de la Naci\u00f3n. Siguen las discusiones por el aumento salarial. Los guardavidas y los empresarios de balnearios siguen sin sellar un acuerdo de aumento salarial y el Ministerio de Trabajo de la Naci\u00f3n dispuso que la reuni\u00f3n que mantuvieron este martes pase a\u2026","rel":"","context":"En \u00abMunicipios\u00bb","block_context":{"text":"Municipios","link":"https:\/\/www.24baires.com\/?cat=44"},"img":{"alt_text":"","src":"https:\/\/i0.wp.com\/www.24baires.com\/wp-content\/uploads\/2016\/01\/guardavidas.jpg?resize=350%2C200","width":350,"height":200,"srcset":"https:\/\/i0.wp.com\/www.24baires.com\/wp-content\/uploads\/2016\/01\/guardavidas.jpg?resize=350%2C200 1x, https:\/\/i0.wp.com\/www.24baires.com\/wp-content\/uploads\/2016\/01\/guardavidas.jpg?resize=525%2C300 1.5x"},"classes":[]},{"id":105661,"url":"https:\/\/www.24baires.com\/?p=105661","url_meta":{"origin":120167,"position":3},"title":"Mar del Plata: no hubo acuerdo entre el Ejecutivo y los municipales","author":"GB","date":"29\/11\/2018","format":false,"excerpt":"El conflicto salarial se profundiza. El Ministerio fij\u00f3 una nueva audiencia para el 3 de diciembre. El conflicto salarial entre el Ejecutivo y los trabajadores municipales se profundiza. En el marco de la conciliaci\u00f3n obligatoria, las partes se volvieron a reunir este mi\u00e9rcoles en el Ministerio de Trabajo pero no\u2026","rel":"","context":"En \u00abLocales\u00bb","block_context":{"text":"Locales","link":"https:\/\/www.24baires.com\/?cat=38"},"img":{"alt_text":"","src":"https:\/\/i0.wp.com\/www.24baires.com\/wp-content\/uploads\/2018\/04\/arroyo-municipales.jpg?resize=350%2C200","width":350,"height":200,"srcset":"https:\/\/i0.wp.com\/www.24baires.com\/wp-content\/uploads\/2018\/04\/arroyo-municipales.jpg?resize=350%2C200 1x, https:\/\/i0.wp.com\/www.24baires.com\/wp-content\/uploads\/2018\/04\/arroyo-municipales.jpg?resize=525%2C300 1.5x"},"classes":[]},{"id":121050,"url":"https:\/\/www.24baires.com\/?p=121050","url_meta":{"origin":120167,"position":4},"title":"La UTA anunci\u00f3 un paro de colectivos para el pr\u00f3ximo martes","author":"GB","date":"29\/02\/2024","format":false,"excerpt":"Tras una semana donde las medidas de fuerza alcanzaron a los ferroviarios y a los aeron\u00e1uticos, ahora la UTA anunci\u00f3 un paro de colectivos Termina una semana ca\u00f3tica para el transporte p\u00fablico, donde se vieron afectados los servicios ferroviarios y aeron\u00e1uticos. Ahora, la Uni\u00f3n Tranviarios Automotor (UTA) tambi\u00e9n anunci\u00f3 un\u2026","rel":"","context":"En \u00abPol\u00edtica\u00bb","block_context":{"text":"Pol\u00edtica","link":"https:\/\/www.24baires.com\/?cat=51"},"img":{"alt_text":"","src":"https:\/\/i0.wp.com\/www.24baires.com\/wp-content\/uploads\/2023\/04\/colectivo.jpg?resize=350%2C200","width":350,"height":200,"srcset":"https:\/\/i0.wp.com\/www.24baires.com\/wp-content\/uploads\/2023\/04\/colectivo.jpg?resize=350%2C200 1x, https:\/\/i0.wp.com\/www.24baires.com\/wp-content\/uploads\/2023\/04\/colectivo.jpg?resize=525%2C300 1.5x, https:\/\/i0.wp.com\/www.24baires.com\/wp-content\/uploads\/2023\/04\/colectivo.jpg?resize=700%2C400 2x"},"classes":[]},{"id":108549,"url":"https:\/\/www.24baires.com\/?p=108549","url_meta":{"origin":120167,"position":5},"title":"Tras la conciliaci\u00f3n obligatoria dictada, no habr\u00e1 paro de colectivos este martes","author":"AF","date":"03\/06\/2019","format":false,"excerpt":"La medida del Gobierno rige por 15 d\u00edas. Adem\u00e1s, la cartera de Producci\u00f3n y Trabajo convocar\u00e1 en los pr\u00f3ximos d\u00edas una audiencia entre las partes. Las c\u00e1maras empresariales del transporte p\u00fablico dejaron sin efecto la suspensi\u00f3n de servicios entre las 22 de este lunes y las 6 del martes en\u2026","rel":"","context":"En \u00abSociedad\u00bb","block_context":{"text":"Sociedad","link":"https:\/\/www.24baires.com\/?cat=1"},"img":{"alt_text":"","src":"https:\/\/i0.wp.com\/www.24baires.com\/wp-content\/uploads\/2017\/03\/colectivos-la-plata.jpg?resize=350%2C200","width":350,"height":200,"srcset":"https:\/\/i0.wp.com\/www.24baires.com\/wp-content\/uploads\/2017\/03\/colectivos-la-plata.jpg?resize=350%2C200 1x, https:\/\/i0.wp.com\/www.24baires.com\/wp-content\/uploads\/2017\/03\/colectivos-la-plata.jpg?resize=525%2C300 1.5x"},"classes":[]}],"jetpack_sharing_enabled":true,"jetpack_likes_enabled":true,"_links":{"self":[{"href":"https:\/\/www.24baires.com\/index.php?rest_route=\/wp\/v2\/posts\/120167","targetHints":{"allow":["GET"]}}],"collection":[{"href":"https:\/\/www.24baires.com\/index.php?rest_route=\/wp\/v2\/posts"}],"about":[{"href":"https:\/\/www.24baires.com\/index.php?rest_route=\/wp\/v2\/types\/post"}],"author":[{"embeddable":true,"href":"https:\/\/www.24baires.com\/index.php?rest_route=\/wp\/v2\/users\/8"}],"replies":[{"embeddable":true,"href":"https:\/\/www.24baires.com\/index.php?rest_route=%2Fwp%2Fv2%2Fcomments&post=120167"}],"version-history":[{"count":1,"href":"https:\/\/www.24baires.com\/index.php?rest_route=\/wp\/v2\/posts\/120167\/revisions"}],"predecessor-version":[{"id":120168,"href":"https:\/\/www.24baires.com\/index.php?rest_route=\/wp\/v2\/posts\/120167\/revisions\/120168"}],"wp:attachment":[{"href":"https:\/\/www.24baires.com\/index.php?rest_route=%2Fwp%2Fv2%2Fmedia&parent=120167"}],"wp:term":[{"taxonomy":"category","embeddable":true,"href":"https:\/\/www.24baires.com\/index.php?rest_route=%2Fwp%2Fv2%2Fcategories&post=120167"},{"taxonomy":"post_tag","embeddable":true,"href":"https:\/\/www.24baires.com\/index.php?rest_route=%2Fwp%2Fv2%2Ftags&post=120167"}],"curies":[{"name":"wp","href":"https:\/\/api.w.org\/{rel}","templated":true}]}}