{"id":120130,"date":"2023-05-29T23:37:57","date_gmt":"2023-05-30T02:37:57","guid":{"rendered":"http:\/\/www.24baires.com\/?p=120130"},"modified":"2023-05-29T23:37:57","modified_gmt":"2023-05-30T02:37:57","slug":"cristina-al-poder-judicial-me-quieren-presa-o-muerta","status":"publish","type":"post","link":"https:\/\/www.24baires.com\/?p=120130","title":{"rendered":"Cristina, al Poder Judicial: \u00abMe quieren presa o muerta\u00bb"},"content":{"rendered":"<p><img data-recalc-dims=\"1\" loading=\"lazy\" decoding=\"async\" class=\"aligncenter wp-image-120131\" src=\"https:\/\/i0.wp.com\/www.24baires.com\/wp-content\/uploads\/2023\/05\/cfk.png?resize=720%2C406\" alt=\"\" width=\"720\" height=\"406\" srcset=\"https:\/\/i0.wp.com\/www.24baires.com\/wp-content\/uploads\/2023\/05\/cfk.png?w=880&amp;ssl=1 880w, https:\/\/i0.wp.com\/www.24baires.com\/wp-content\/uploads\/2023\/05\/cfk.png?resize=300%2C169&amp;ssl=1 300w, https:\/\/i0.wp.com\/www.24baires.com\/wp-content\/uploads\/2023\/05\/cfk.png?resize=768%2C433&amp;ssl=1 768w\" sizes=\"auto, (max-width: 720px) 100vw, 720px\" \/>La vice public\u00f3 una carta para rechazar la forma en la que el fiscal R\u00edvolo resolvi\u00f3 el intento de atentado en su contra. \u00abPara CFK no hay Justicia\u00bb, dijo.<!--more--><\/p>\n<p>La vicepresidenta Cristina Fern\u00e1ndez de Kirchner reiter\u00f3 este lunes que la \u00abquieren presa o muerta\u00bb, tras advertir que para ella \u00abno hay ni habr\u00e1 justicia, ni como acusada ni como v\u00edctima\u00bb, al criticar la decisi\u00f3n del fiscal Carlos R\u00edvolo de cerrar la investigaci\u00f3n en torno a los tres acusados por el intento de asesinato en su contra y pedir que los env\u00eden a juicio oral.<\/p>\n<p>\u00abDesde el primer d\u00eda hasta hoy, las autoridades judiciales han puesto una traba tras otra para impedir que salga a la luz la verdad de lo ocurrido el 1 de septiembre de 2022\u00bb, el d\u00eda en que intentaron matarla.<\/p>\n<p>\u00abComo he dicho, para CFK no hay ni habr\u00e1 justicia, ni como acusada ni como v\u00edctima. Me quieren presa o muerta\u00bb, enfatiz\u00f3 a trav\u00e9s de una carta titulada \u00abA 40 a\u00f1os de Democracia. El Partido Judicial y la consagraci\u00f3n de la impunidad\u00bb.<\/p>\n<p>Se trata de un nuevo cuestionamiento de la exmandataria contra el Poder Judicial, que llega luego de criticar al m\u00e1ximo tribunal por intervenir y posponer las elecciones provinciales en Tucum\u00e1n y San Juan; y cuatro d\u00edas despu\u00e9s de calificar a los ministros de la Corte como \u00abun mamarracho indigno\u00bb.<\/p>\n<p>Cristina Kirchner cuestion\u00f3 a la Justicia por el atentado en su contra<br \/>\nLa vicepresidenta ya hab\u00eda reclamado iniciar una investigaci\u00f3n sobre posibles figuras pertenecientes o ajenas a la pol\u00edtica que pudieran haber estado detr\u00e1s del armado del fallido atentado en Recoleta.<\/p>\n<p>En este sentido, la exjefa de Estado, insisti\u00f3: \u00abEn un nuevo acto de consagraci\u00f3n de la impunidad, el fiscal R\u00edvolo dio por cerrada la investigaci\u00f3n del intento de asesinato que sufr\u00ed el 1 de septiembre del a\u00f1o pasado y pidi\u00f3 la elevaci\u00f3n a juicio de la causa \u00fanicamente respecto de Brenda Uliarte, Fernando Sabag Montiel y Gabriel Nicol\u00e1s Carrizo\u00bb. Y agreg\u00f3: \u00abEn su dictamen, el fiscal omite por completo valorar todo lo relacionado con las l\u00edneas de investigaci\u00f3n que apuntan a personas que van m\u00e1s all\u00e1 de Uliarte, Sabag Montiel y Carrizo\u00bb.<\/p>\n<p>En su carta, la expresidenta involucra a la jueza Capuchetti y tambi\u00e9n a la presidenta del PRO (ahora de licencia\u00bb, Patricia Bullrich. Al respecto, se\u00f1al\u00f3: \u00abNi Capuchetti ni R\u00edvolo quisieron investigar el intento de asesinato y ahora pretenden cerrar la investigaci\u00f3n con una celeridad que nunca demostraron en ninguna causa. R\u00edvolo menciona las pruebas producidas en relaci\u00f3n con la l\u00ednea Millman, pero no dedica ni una sola palabra a sopesar su importancia para la causa. Ni siquiera menciona la reciente declaraci\u00f3n de Ivana Bohdziewicz, exasesora de Millman, en la que cont\u00f3 c\u00f3mo la llevaron a borrar su celular a las oficinas de Patricia Bullrich, en Av. De Mayo\u00bb.<\/p>\n<p>\u00abToda la investigaci\u00f3n se caracteriz\u00f3 por evitar conocer la verdad. Est\u00e1 plagada de testigos que borraron sus tel\u00e9fonos, prueba que se destruy\u00f3 sin investigar sus causas y motivaciones, y un intento evidente y desesperado por evitar hallar la posible participaci\u00f3n de terceros, financistas e instigadores\u00bb, concluye la presidenta del Senado.<\/p>\n<p>FUENTE: iprofesional.com<\/p>\n","protected":false},"excerpt":{"rendered":"<p>La vice public\u00f3 una carta para rechazar la forma en la que el fiscal R\u00edvolo resolvi\u00f3 el intento de atentado en su contra. \u00abPara CFK no hay Justicia\u00bb, dijo.<\/p>\n","protected":false},"author":4,"featured_media":0,"comment_status":"closed","ping_status":"closed","sticky":false,"template":"","format":"standard","meta":{"_jetpack_newsletter_access":"","_jetpack_dont_email_post_to_subs":false,"_jetpack_newsletter_tier_id":0,"_jetpack_memberships_contains_paywalled_content":false,"_jetpack_memberships_contains_paid_content":false,"footnotes":""},"categories":[51,1],"tags":[],"class_list":["post-120130","post","type-post","status-publish","format-standard","hentry","category-politica","category-sociedad"],"jetpack_featured_media_url":"","jetpack_shortlink":"https:\/\/wp.me\/p2JWE0-vfA","jetpack-related-posts":[{"id":120080,"url":"https:\/\/www.24baires.com\/?p=120080","url_meta":{"origin":120130,"position":0},"title":"Alberto Fern\u00e1ndez: \u00abBullrich y Milman tienen que dar explicaciones\u00bb","author":"AF","date":"08\/05\/2023","format":false,"excerpt":"En su visita a La Rioja, el presidente hizo menci\u00f3n a la declaraci\u00f3n de una exasesora del diputado Gerardo Milman (PRO), a quien le ordenaron borrar contenido de su celular, d\u00edas despu\u00e9s del atentado contra CFK, en la oficina de Patricia Bullrich. El presidente Alberto Fern\u00e1ndez calific\u00f3 de \"vergonzosa\" la\u2026","rel":"","context":"En \u00abPol\u00edtica\u00bb","block_context":{"text":"Pol\u00edtica","link":"https:\/\/www.24baires.com\/?cat=51"},"img":{"alt_text":"","src":"https:\/\/i0.wp.com\/www.24baires.com\/wp-content\/uploads\/2023\/05\/af.jpeg?resize=350%2C200","width":350,"height":200,"srcset":"https:\/\/i0.wp.com\/www.24baires.com\/wp-content\/uploads\/2023\/05\/af.jpeg?resize=350%2C200 1x, https:\/\/i0.wp.com\/www.24baires.com\/wp-content\/uploads\/2023\/05\/af.jpeg?resize=525%2C300 1.5x, https:\/\/i0.wp.com\/www.24baires.com\/wp-content\/uploads\/2023\/05\/af.jpeg?resize=700%2C400 2x"},"classes":[]},{"id":120161,"url":"https:\/\/www.24baires.com\/?p=120161","url_meta":{"origin":120130,"position":1},"title":"Cristina recus\u00f3 a la fiscal\u00eda por filtrarle informaci\u00f3n a Milman","author":"AF","date":"06\/06\/2023","format":false,"excerpt":"En la causa por el atentado a su vida, Cristina Fern\u00e1ndez de Kirchner solicit\u00f3 la recusaci\u00f3n de la fiscal\u00eda por la posible \"filtraci\u00f3n\" de informaci\u00f3n a abogados vinculados con el diputado Gerardo Milman. La presentaci\u00f3n fue realizada por el abogado de la vicepresidenta, Marcos Aldaz\u00e1bal, ante la C\u00e1mara Federal. Concretamente,\u2026","rel":"","context":"En \u00abJUDICIALES\u00bb","block_context":{"text":"JUDICIALES","link":"https:\/\/www.24baires.com\/?cat=68"},"img":{"alt_text":"milman bullrich","src":"https:\/\/i0.wp.com\/www.24baires.com\/wp-content\/uploads\/2023\/06\/milman.webp?resize=350%2C200","width":350,"height":200,"srcset":"https:\/\/i0.wp.com\/www.24baires.com\/wp-content\/uploads\/2023\/06\/milman.webp?resize=350%2C200 1x, https:\/\/i0.wp.com\/www.24baires.com\/wp-content\/uploads\/2023\/06\/milman.webp?resize=525%2C300 1.5x, https:\/\/i0.wp.com\/www.24baires.com\/wp-content\/uploads\/2023\/06\/milman.webp?resize=700%2C400 2x"},"classes":[]},{"id":119605,"url":"https:\/\/www.24baires.com\/?p=119605","url_meta":{"origin":120130,"position":2},"title":"Una asesora de Gerardo Milman dijo que borr\u00f3 el contenido de su tel\u00e9fono","author":"AF","date":"01\/12\/2022","format":false,"excerpt":"El abogado de la vicepresidenta, Jos\u00e9 Manuel Ubeira, ampli\u00f3 los detalles de la audiencia judicial de este jueves y denunci\u00f3 que la jueza Mar\u00eda Eugenia Capuchetti \"permiti\u00f3 que las pruebas que pod\u00edan llegar a existir en esos tel\u00e9fonos hoy no existan m\u00e1s\". Dos asesoras del diputado nacional de Juntos por\u2026","rel":"","context":"En \u00abJUDICIALES\u00bb","block_context":{"text":"JUDICIALES","link":"https:\/\/www.24baires.com\/?cat=68"},"img":{"alt_text":"","src":"https:\/\/i0.wp.com\/www.24baires.com\/wp-content\/uploads\/2022\/11\/cfk.jpg?resize=350%2C200","width":350,"height":200,"srcset":"https:\/\/i0.wp.com\/www.24baires.com\/wp-content\/uploads\/2022\/11\/cfk.jpg?resize=350%2C200 1x, https:\/\/i0.wp.com\/www.24baires.com\/wp-content\/uploads\/2022\/11\/cfk.jpg?resize=525%2C300 1.5x, https:\/\/i0.wp.com\/www.24baires.com\/wp-content\/uploads\/2022\/11\/cfk.jpg?resize=700%2C400 2x, https:\/\/i0.wp.com\/www.24baires.com\/wp-content\/uploads\/2022\/11\/cfk.jpg?resize=1050%2C600 3x"},"classes":[]},{"id":119576,"url":"https:\/\/www.24baires.com\/?p=119576","url_meta":{"origin":120130,"position":3},"title":"La jueza Capuchetti deleg\u00f3 la investigaci\u00f3n del intento de magnicidio","author":"AF","date":"23\/11\/2022","format":false,"excerpt":"Fuentes judiciales informaron la decisi\u00f3n de la jueza federal, que puso en manos de la fiscal\u00eda las tareas investigativas del intento de asesinato a la Vicepresidenta. La jueza federal Mar\u00eda Eugenia Capuchetti deleg\u00f3 en el fiscal Carlos R\u00edvolo la investigaci\u00f3n por el intento de asesinato a la vicepresidenta Cristina Fern\u00e1ndez\u2026","rel":"","context":"En \u00abJUDICIALES\u00bb","block_context":{"text":"JUDICIALES","link":"https:\/\/www.24baires.com\/?cat=68"},"img":{"alt_text":"","src":"https:\/\/i0.wp.com\/www.24baires.com\/wp-content\/uploads\/2022\/11\/capuchetti.jpg?resize=350%2C200","width":350,"height":200,"srcset":"https:\/\/i0.wp.com\/www.24baires.com\/wp-content\/uploads\/2022\/11\/capuchetti.jpg?resize=350%2C200 1x, https:\/\/i0.wp.com\/www.24baires.com\/wp-content\/uploads\/2022\/11\/capuchetti.jpg?resize=525%2C300 1.5x, https:\/\/i0.wp.com\/www.24baires.com\/wp-content\/uploads\/2022\/11\/capuchetti.jpg?resize=700%2C400 2x"},"classes":[]},{"id":119832,"url":"https:\/\/www.24baires.com\/?p=119832","url_meta":{"origin":120130,"position":4},"title":"Piden investigar la responsabilidad penal de la Polic\u00eda porte\u00f1a en el atentado a Cristina","author":"AF","date":"24\/02\/2023","format":false,"excerpt":"Mediante un escrito de 28 p\u00e1ginas, los abogados de la Vicepresidenta solicitaron al fiscal de la causa indagar sobre la actuaci\u00f3n de la fuerza de la Ciudad de Buenos Aires en el hecho intento de magnicidio del pasado 1 de septiembre. La querella de la vicepresidenta Cristina Fern\u00e1ndez de Kirchner\u2026","rel":"","context":"En \u00abJUDICIALES\u00bb","block_context":{"text":"JUDICIALES","link":"https:\/\/www.24baires.com\/?cat=68"},"img":{"alt_text":"","src":"https:\/\/i0.wp.com\/www.24baires.com\/wp-content\/uploads\/2023\/02\/cfk-atentado.jpg?resize=350%2C200","width":350,"height":200,"srcset":"https:\/\/i0.wp.com\/www.24baires.com\/wp-content\/uploads\/2023\/02\/cfk-atentado.jpg?resize=350%2C200 1x, https:\/\/i0.wp.com\/www.24baires.com\/wp-content\/uploads\/2023\/02\/cfk-atentado.jpg?resize=525%2C300 1.5x, https:\/\/i0.wp.com\/www.24baires.com\/wp-content\/uploads\/2023\/02\/cfk-atentado.jpg?resize=700%2C400 2x"},"classes":[]},{"id":120834,"url":"https:\/\/www.24baires.com\/?p=120834","url_meta":{"origin":120130,"position":5},"title":"Prisi\u00f3n preventiva para los dos adolescentes detenidos por el crimen de Tom\u00e1s","author":"AF","date":"04\/01\/2024","format":false,"excerpt":"Uno de ellos pidi\u00f3 declarar y, adem\u00e1s de dar una versi\u00f3n exculpatoria, reconoci\u00f3 en las im\u00e1genes del ataque al principal acusado, Dami\u00e1n \"el Kope\" Kopeli\u00e1n, y a su padre. El lunes se realizar\u00e1 una rueda de reconocimiento de presos. La Justicia de Dolores dict\u00f3 la prisi\u00f3n preventiva por 45 d\u00edas\u2026","rel":"","context":"En \u00abJUDICIALES\u00bb","block_context":{"text":"JUDICIALES","link":"https:\/\/www.24baires.com\/?cat=68"},"img":{"alt_text":"","src":"https:\/\/i0.wp.com\/www.24baires.com\/wp-content\/uploads\/2024\/01\/tello.jpg?resize=350%2C200","width":350,"height":200,"srcset":"https:\/\/i0.wp.com\/www.24baires.com\/wp-content\/uploads\/2024\/01\/tello.jpg?resize=350%2C200 1x, https:\/\/i0.wp.com\/www.24baires.com\/wp-content\/uploads\/2024\/01\/tello.jpg?resize=525%2C300 1.5x, https:\/\/i0.wp.com\/www.24baires.com\/wp-content\/uploads\/2024\/01\/tello.jpg?resize=700%2C400 2x"},"classes":[]}],"jetpack_sharing_enabled":true,"jetpack_likes_enabled":true,"_links":{"self":[{"href":"https:\/\/www.24baires.com\/index.php?rest_route=\/wp\/v2\/posts\/120130","targetHints":{"allow":["GET"]}}],"collection":[{"href":"https:\/\/www.24baires.com\/index.php?rest_route=\/wp\/v2\/posts"}],"about":[{"href":"https:\/\/www.24baires.com\/index.php?rest_route=\/wp\/v2\/types\/post"}],"author":[{"embeddable":true,"href":"https:\/\/www.24baires.com\/index.php?rest_route=\/wp\/v2\/users\/4"}],"replies":[{"embeddable":true,"href":"https:\/\/www.24baires.com\/index.php?rest_route=%2Fwp%2Fv2%2Fcomments&post=120130"}],"version-history":[{"count":1,"href":"https:\/\/www.24baires.com\/index.php?rest_route=\/wp\/v2\/posts\/120130\/revisions"}],"predecessor-version":[{"id":120132,"href":"https:\/\/www.24baires.com\/index.php?rest_route=\/wp\/v2\/posts\/120130\/revisions\/120132"}],"wp:attachment":[{"href":"https:\/\/www.24baires.com\/index.php?rest_route=%2Fwp%2Fv2%2Fmedia&parent=120130"}],"wp:term":[{"taxonomy":"category","embeddable":true,"href":"https:\/\/www.24baires.com\/index.php?rest_route=%2Fwp%2Fv2%2Fcategories&post=120130"},{"taxonomy":"post_tag","embeddable":true,"href":"https:\/\/www.24baires.com\/index.php?rest_route=%2Fwp%2Fv2%2Ftags&post=120130"}],"curies":[{"name":"wp","href":"https:\/\/api.w.org\/{rel}","templated":true}]}}