{"id":120125,"date":"2023-05-24T23:14:03","date_gmt":"2023-05-25T02:14:03","guid":{"rendered":"http:\/\/www.24baires.com\/?p=120125"},"modified":"2023-05-24T23:14:03","modified_gmt":"2023-05-25T02:14:03","slug":"suspenden-al-supermercado-dia-por-incumplir-con-precios-justos","status":"publish","type":"post","link":"https:\/\/www.24baires.com\/?p=120125","title":{"rendered":"Suspenden al supermercado D\u00eda por incumplir con Precios Justos"},"content":{"rendered":"<p><img data-recalc-dims=\"1\" loading=\"lazy\" decoding=\"async\" class=\"aligncenter wp-image-120126\" src=\"https:\/\/i0.wp.com\/www.24baires.com\/wp-content\/uploads\/2023\/05\/afip.jpg?resize=720%2C480\" alt=\"\" width=\"720\" height=\"480\" srcset=\"https:\/\/i0.wp.com\/www.24baires.com\/wp-content\/uploads\/2023\/05\/afip.jpg?w=960&amp;ssl=1 960w, https:\/\/i0.wp.com\/www.24baires.com\/wp-content\/uploads\/2023\/05\/afip.jpg?resize=300%2C200&amp;ssl=1 300w, https:\/\/i0.wp.com\/www.24baires.com\/wp-content\/uploads\/2023\/05\/afip.jpg?resize=768%2C512&amp;ssl=1 768w\" sizes=\"auto, (max-width: 720px) 100vw, 720px\" \/>La decisi\u00f3n oficial se tom\u00f3 tras la realizaci\u00f3n de operativos de control en m\u00e1s de 120 sucursales, en los que se comprobaron aumentos del orden del 8,33% promedio en los productos que forman parte del programa, 3,33 puntos por encima del 5% acordado.<!--more--><\/p>\n<p>La Secretar\u00eda de Comercio suspendi\u00f3 a la cadena de supermercados D\u00eda por 30 d\u00edas del programa Precios Justos debido a incumplimientos reiterados y aumentos injustificados.<\/p>\n<p>A partir de la decisi\u00f3n del Gobierno, la empresa dejar\u00e1 de tener acceso prioritario al uso de divisas para pago de importaciones como estaba estipulado en el acuerdo.<\/p>\n<p>M\u00e1s all\u00e1 de la sanci\u00f3n en materia de comercio exterior, la Secretar\u00eda intim\u00f3 a la firma para que durante este mes respete los precios acordados, ya que sus proveedores siguen siendo parte de Precios Justos.<\/p>\n<p>La decisi\u00f3n oficial se tom\u00f3 tras la realizaci\u00f3n de operativos de control en m\u00e1s de 120 sucursales, en los que se comprobaron aumentos del orden del 8,33% promedio en los productos que forman parte del programa, 3,33 puntos por encima del 5% acordado.<\/p>\n<p>Tras encabezar uno de los operativos, el secretario de Comercio, Mat\u00edas Tombolini, se\u00f1al\u00f3 que, adem\u00e1s de las subas indebidas, \u00abencontramos productos vencidos y diferencia entre el precio que se ve en la g\u00f3ndola y lo que finalmente se cobra a los consumidores\u00bb.<\/p>\n<p>\u00abPor eso, procedimos a suspenderlos del acuerdo de precios y les indicamos a los consumidores que el supermercado no cumple y que lo ha hecho de forma reiterada\u00bb, a\u00f1adi\u00f3 el funcionario.<\/p>\n<p>Y agreg\u00f3 Tombolini que \u00abno obstante, deber\u00e1n mantener los precios del programa ya que sus proveedores se mantienen dentro de Precios Justos\u00bb.<\/p>\n<p>Los operativos fueron realizados en 120 sucursales de D\u00eda ubicadas en la Ciudad de Buenos Aires y en diez municipios de la provincia de Buenos Aires.<\/p>\n<p>Tras las inspecciones, se se\u00f1alizaron las sucursales con fajas para que los consumidores tengan conocimiento de los incumplimientos, se inform\u00f3.<\/p>\n<p>Entre los incrementos encontrados, Comercio revel\u00f3 que entre abril y mayo la Coca Cola de 1,5 litros present\u00f3 un desv\u00edo del 43,9%(de $264 a $390); la leche chocolatada D\u00eda de 1 litro, 45,10% (de $321 a $449); y las tostadas cl\u00e1sicas Criollitas, 41,67% ($207,12 a $299).<\/p>\n<p>Desde enero de 2023 hasta la semana en curso, la Secretar\u00eda concret\u00f3 5643 fiscalizaciones y realiz\u00f3 1917 actas de imputaci\u00f3n a la cadena por incumplimientos. Adem\u00e1s, desde agosto de 2022 al d\u00eda de hoy le aplic\u00f3 multas por $734.520.000.<\/p>\n<p>Fuente: P\u00e1gina 12<\/p>\n","protected":false},"excerpt":{"rendered":"<p>La decisi\u00f3n oficial se tom\u00f3 tras la realizaci\u00f3n de operativos de control en m\u00e1s de 120 sucursales, en los que se comprobaron aumentos del orden del 8,33% promedio en los productos que forman parte del programa, 3,33 puntos por encima del 5% acordado.<\/p>\n","protected":false},"author":4,"featured_media":0,"comment_status":"closed","ping_status":"closed","sticky":false,"template":"","format":"standard","meta":{"_jetpack_newsletter_access":"","_jetpack_dont_email_post_to_subs":false,"_jetpack_newsletter_tier_id":0,"_jetpack_memberships_contains_paywalled_content":false,"_jetpack_memberships_contains_paid_content":false,"footnotes":""},"categories":[1],"tags":[],"class_list":["post-120125","post","type-post","status-publish","format-standard","hentry","category-sociedad"],"jetpack_featured_media_url":"","jetpack_shortlink":"https:\/\/wp.me\/p2JWE0-vfv","jetpack-related-posts":[{"id":120682,"url":"https:\/\/www.24baires.com\/?p=120682","url_meta":{"origin":120125,"position":0},"title":"El Gobierno logr\u00f3 contener los aumentos en los supermercados","author":"GB","date":"22\/11\/2023","format":false,"excerpt":"Luego de la negociaci\u00f3n entre la Secretar\u00eda de Comercio y las empresas, el Gobierno acord\u00f3 aumentos de hasta el 12% para noviembre y del 5% en diciembre. Tras el aumento de precios de este martes, la Secretar\u00eda de Comercio de la Naci\u00f3n acord\u00f3 con supermercados y empresas de consumo masivo\u2026","rel":"","context":"En \u00abConsumidores\u00bb","block_context":{"text":"Consumidores","link":"https:\/\/www.24baires.com\/?cat=78"},"img":{"alt_text":"","src":"https:\/\/i0.wp.com\/www.24baires.com\/wp-content\/uploads\/2022\/11\/sergio-massa-precios-justosjpg.jpg?resize=350%2C200","width":350,"height":200,"srcset":"https:\/\/i0.wp.com\/www.24baires.com\/wp-content\/uploads\/2022\/11\/sergio-massa-precios-justosjpg.jpg?resize=350%2C200 1x, https:\/\/i0.wp.com\/www.24baires.com\/wp-content\/uploads\/2022\/11\/sergio-massa-precios-justosjpg.jpg?resize=525%2C300 1.5x, https:\/\/i0.wp.com\/www.24baires.com\/wp-content\/uploads\/2022\/11\/sergio-massa-precios-justosjpg.jpg?resize=700%2C400 2x"},"classes":[]},{"id":120421,"url":"https:\/\/www.24baires.com\/?p=120421","url_meta":{"origin":120125,"position":1},"title":"Con aumentos del 30%, renovaron el Precios Justos Carne","author":"GB","date":"30\/08\/2023","format":false,"excerpt":"La Secretar\u00eda de Comercio lleg\u00f3 a un acuerdo con supermercados, carnicer\u00edas y empresas exportadoras para renovar el programa Precios Justos Carne. Secretar\u00eda de Comercio de la Naci\u00f3n cerr\u00f3 un acuerdo sectorial para actualizar el programa Precios Justos de la carne. Los siete cortes incluidos en el esquema lanzado por primera\u2026","rel":"","context":"En \u00abConsumidores\u00bb","block_context":{"text":"Consumidores","link":"https:\/\/www.24baires.com\/?cat=78"},"img":{"alt_text":"","src":"https:\/\/i0.wp.com\/www.24baires.com\/wp-content\/uploads\/2016\/02\/carnicer%C3%ADa.jpg?resize=350%2C200","width":350,"height":200,"srcset":"https:\/\/i0.wp.com\/www.24baires.com\/wp-content\/uploads\/2016\/02\/carnicer%C3%ADa.jpg?resize=350%2C200 1x, https:\/\/i0.wp.com\/www.24baires.com\/wp-content\/uploads\/2016\/02\/carnicer%C3%ADa.jpg?resize=525%2C300 1.5x, https:\/\/i0.wp.com\/www.24baires.com\/wp-content\/uploads\/2016\/02\/carnicer%C3%ADa.jpg?resize=700%2C400 2x"},"classes":[]},{"id":119816,"url":"https:\/\/www.24baires.com\/?p=119816","url_meta":{"origin":120125,"position":2},"title":"Precios Justos: multas y clausura de un hipermercado por incumplimiento del programa","author":"AF","date":"21\/02\/2023","format":false,"excerpt":"En una semana se labraron 769 multas a empresas alimenticias y cadena de supermercados por m\u00e1s de 800 millones de pesos. Las irregularidades que se detectaron y el caso de la sucursal que fue cerrada en el partido bonaerense de San Mart\u00edn. La Secretar\u00eda de Comercio labr\u00f3 769 multas a\u2026","rel":"","context":"En \u00abEconom\u00eda\u00bb","block_context":{"text":"Econom\u00eda","link":"https:\/\/www.24baires.com\/?cat=45"},"img":{"alt_text":"","src":"https:\/\/i0.wp.com\/www.24baires.com\/wp-content\/uploads\/2023\/02\/Pj0kny64n_1300x655__2.jpg?resize=350%2C200","width":350,"height":200,"srcset":"https:\/\/i0.wp.com\/www.24baires.com\/wp-content\/uploads\/2023\/02\/Pj0kny64n_1300x655__2.jpg?resize=350%2C200 1x, https:\/\/i0.wp.com\/www.24baires.com\/wp-content\/uploads\/2023\/02\/Pj0kny64n_1300x655__2.jpg?resize=525%2C300 1.5x, https:\/\/i0.wp.com\/www.24baires.com\/wp-content\/uploads\/2023\/02\/Pj0kny64n_1300x655__2.jpg?resize=700%2C400 2x"},"classes":[]},{"id":119536,"url":"https:\/\/www.24baires.com\/?p=119536","url_meta":{"origin":120125,"position":3},"title":"Comienza el congelamiento de 1500 precios por 120 d\u00edas","author":"AF","date":"10\/11\/2022","format":false,"excerpt":"El Gobierno dio a conocer las principales caracter\u00edsticas del programa Precios Justos, que lanzar\u00e1 ma\u00f1ana y abarcar\u00e1 a 1.500 productos elaborados por un centenar de empresas por un t\u00e9rmino de 120 d\u00edas. El programa abarcar\u00e1 a todo el pa\u00eds y desde el Ministerio de Econom\u00eda aclararon que no se trata\u2026","rel":"","context":"En \u00abSociedad\u00bb","block_context":{"text":"Sociedad","link":"https:\/\/www.24baires.com\/?cat=1"},"img":{"alt_text":"","src":"https:\/\/i0.wp.com\/www.24baires.com\/wp-content\/uploads\/2016\/12\/supermercado.jpg?resize=350%2C200","width":350,"height":200,"srcset":"https:\/\/i0.wp.com\/www.24baires.com\/wp-content\/uploads\/2016\/12\/supermercado.jpg?resize=350%2C200 1x, https:\/\/i0.wp.com\/www.24baires.com\/wp-content\/uploads\/2016\/12\/supermercado.jpg?resize=525%2C300 1.5x, https:\/\/i0.wp.com\/www.24baires.com\/wp-content\/uploads\/2016\/12\/supermercado.jpg?resize=700%2C400 2x"},"classes":[]},{"id":119965,"url":"https:\/\/www.24baires.com\/?p=119965","url_meta":{"origin":120125,"position":4},"title":"Las alimenticias rompen el pacto con el Gobierno","author":"AF","date":"30\/03\/2023","format":false,"excerpt":"Los grandes supermercados rechazaron listas de Ledesma, Milkaut, Arcor harineras y Mondelez, entre otras, que pretenden subas por encima de la inflaci\u00f3n. En los barrios, los comercios no tienen margen para rechazarles aumentos. Las empresas productoras de alimentos y productos de la canasta b\u00e1sica le blanquearon al Gobierno, con acciones\u2026","rel":"","context":"En \u00abEconom\u00eda\u00bb","block_context":{"text":"Econom\u00eda","link":"https:\/\/www.24baires.com\/?cat=45"},"img":{"alt_text":"","src":"https:\/\/i0.wp.com\/www.24baires.com\/wp-content\/uploads\/2022\/04\/61b8c911edf0c_900.jpg?resize=350%2C200","width":350,"height":200,"srcset":"https:\/\/i0.wp.com\/www.24baires.com\/wp-content\/uploads\/2022\/04\/61b8c911edf0c_900.jpg?resize=350%2C200 1x, https:\/\/i0.wp.com\/www.24baires.com\/wp-content\/uploads\/2022\/04\/61b8c911edf0c_900.jpg?resize=525%2C300 1.5x, https:\/\/i0.wp.com\/www.24baires.com\/wp-content\/uploads\/2022\/04\/61b8c911edf0c_900.jpg?resize=700%2C400 2x"},"classes":[]},{"id":119213,"url":"https:\/\/www.24baires.com\/?p=119213","url_meta":{"origin":120125,"position":5},"title":"Extienden hasta septiembre el programa \u00abCortes Cuidados\u00bb","author":"AF","date":"12\/08\/2022","format":false,"excerpt":"\"Buscamos recuperar el orden en los precios de la mesa de los argentinos. Gracias al compromiso y al trabajo conjunto del Gobierno nacional, la industria y los supermercados alcanzamos este acuerdo\", resalt\u00f3 el secretario de Comercio, Mat\u00edas Tombolini. La Secretar\u00eda de Comercio y las empresas frigor\u00edficas y supermercados acordaron este\u2026","rel":"","context":"En \u00abSociedad\u00bb","block_context":{"text":"Sociedad","link":"https:\/\/www.24baires.com\/?cat=1"},"img":{"alt_text":"","src":"https:\/\/i0.wp.com\/www.24baires.com\/wp-content\/uploads\/2022\/08\/cortes-cuidados.jpeg?resize=350%2C200","width":350,"height":200,"srcset":"https:\/\/i0.wp.com\/www.24baires.com\/wp-content\/uploads\/2022\/08\/cortes-cuidados.jpeg?resize=350%2C200 1x, https:\/\/i0.wp.com\/www.24baires.com\/wp-content\/uploads\/2022\/08\/cortes-cuidados.jpeg?resize=525%2C300 1.5x, https:\/\/i0.wp.com\/www.24baires.com\/wp-content\/uploads\/2022\/08\/cortes-cuidados.jpeg?resize=700%2C400 2x"},"classes":[]}],"jetpack_sharing_enabled":true,"jetpack_likes_enabled":true,"_links":{"self":[{"href":"https:\/\/www.24baires.com\/index.php?rest_route=\/wp\/v2\/posts\/120125","targetHints":{"allow":["GET"]}}],"collection":[{"href":"https:\/\/www.24baires.com\/index.php?rest_route=\/wp\/v2\/posts"}],"about":[{"href":"https:\/\/www.24baires.com\/index.php?rest_route=\/wp\/v2\/types\/post"}],"author":[{"embeddable":true,"href":"https:\/\/www.24baires.com\/index.php?rest_route=\/wp\/v2\/users\/4"}],"replies":[{"embeddable":true,"href":"https:\/\/www.24baires.com\/index.php?rest_route=%2Fwp%2Fv2%2Fcomments&post=120125"}],"version-history":[{"count":1,"href":"https:\/\/www.24baires.com\/index.php?rest_route=\/wp\/v2\/posts\/120125\/revisions"}],"predecessor-version":[{"id":120127,"href":"https:\/\/www.24baires.com\/index.php?rest_route=\/wp\/v2\/posts\/120125\/revisions\/120127"}],"wp:attachment":[{"href":"https:\/\/www.24baires.com\/index.php?rest_route=%2Fwp%2Fv2%2Fmedia&parent=120125"}],"wp:term":[{"taxonomy":"category","embeddable":true,"href":"https:\/\/www.24baires.com\/index.php?rest_route=%2Fwp%2Fv2%2Fcategories&post=120125"},{"taxonomy":"post_tag","embeddable":true,"href":"https:\/\/www.24baires.com\/index.php?rest_route=%2Fwp%2Fv2%2Ftags&post=120125"}],"curies":[{"name":"wp","href":"https:\/\/api.w.org\/{rel}","templated":true}]}}