{"id":120122,"date":"2023-05-23T09:59:59","date_gmt":"2023-05-23T12:59:59","guid":{"rendered":"http:\/\/www.24baires.com\/?p=120122"},"modified":"2023-05-23T09:59:59","modified_gmt":"2023-05-23T12:59:59","slug":"aumentan-los-colegios-privados","status":"publish","type":"post","link":"https:\/\/www.24baires.com\/?p=120122","title":{"rendered":"Aumentan los colegios privados"},"content":{"rendered":"<p><img data-recalc-dims=\"1\" loading=\"lazy\" decoding=\"async\" class=\"aligncenter wp-image-63684\" src=\"https:\/\/i0.wp.com\/www.24baires.com\/wp-content\/uploads\/2015\/03\/colegio-privado.jpg?resize=720%2C457\" alt=\"\" width=\"720\" height=\"457\" srcset=\"https:\/\/i0.wp.com\/www.24baires.com\/wp-content\/uploads\/2015\/03\/colegio-privado.jpg?w=315&amp;ssl=1 315w, https:\/\/i0.wp.com\/www.24baires.com\/wp-content\/uploads\/2015\/03\/colegio-privado.jpg?resize=300%2C190&amp;ssl=1 300w\" sizes=\"auto, (max-width: 720px) 100vw, 720px\" \/>El Gobierno bonaerense autoriz\u00f3 un nuevo aumento en las cuotas de los colegios privados. La cifra asciende a un 7,5% promedio a partir de junio de 2023.<!--more--><\/p>\n<p>Gobierno bonaerense autoriz\u00f3 un nuevo aumento en las cuotas de los colegios privados subsidiados total o parcialmente por el Estado para el mes de junio, luego del reclamo realizado por la Asociaci\u00f3n de Institutos de Ense\u00f1anza Privada de la provincia de Buenos Aires (Aiepba).<\/p>\n<p>De esta manera, el incremento alcanzar\u00e1 el 7,5% a partir de junio en las cuotas de los aranceles de la educaci\u00f3n privada. Vale aclarar que durante el mes de mayo ya hab\u00edan realizado otro incremento del 6,70% y que en el acuerdo firmado en febrero de este a\u00f1o se autorizaba un incremento de 3.35% todos los meses como parte del programa Precios Justos, impulsado por el Ministerio de Econom\u00eda de la Naci\u00f3n.<\/p>\n<p>Este aumento se dio a trav\u00e9s de un pedido de Aiepba a la Direcci\u00f3n General de Escuelas, para poder afrontar parte de los nuevos incrementos salariales que fueron acordados para los docentes en las paritarias con el gobierno provincial.<\/p>\n<p>Al respecto, el director Ejecutivo de Aiepba, Mart\u00edn Zurita, manifest\u00f3 que los aranceles \u201ctienen un retraso de varios puntos porcentuales, tanto en comparaci\u00f3n con el aumento otorgado a los docentes, como con relaci\u00f3n al indice de precios al consumidor acumulado hasta este mes\u201d.<\/p>\n","protected":false},"excerpt":{"rendered":"<p>El Gobierno bonaerense autoriz\u00f3 un nuevo aumento en las cuotas de los colegios privados. La cifra asciende a un 7,5% promedio a partir de junio de 2023.<\/p>\n","protected":false},"author":8,"featured_media":0,"comment_status":"closed","ping_status":"closed","sticky":false,"template":"","format":"standard","meta":{"_jetpack_newsletter_access":"","_jetpack_dont_email_post_to_subs":false,"_jetpack_newsletter_tier_id":0,"_jetpack_memberships_contains_paywalled_content":false,"_jetpack_memberships_contains_paid_content":false,"footnotes":""},"categories":[1],"tags":[],"class_list":["post-120122","post","type-post","status-publish","format-standard","hentry","category-sociedad"],"jetpack_featured_media_url":"","jetpack_shortlink":"https:\/\/wp.me\/p2JWE0-vfs","jetpack-related-posts":[{"id":121027,"url":"https:\/\/www.24baires.com\/?p=121027","url_meta":{"origin":120122,"position":0},"title":"Desde marzo vuelven a aumentar las cuotas de los colegios privados","author":"GB","date":"27\/02\/2024","format":false,"excerpt":"El Gobierno bonaerense autoriz\u00f3 un nuevo aumento en las cuotas de los colegios privados. El incremento ser\u00e1 del 50% a partir de marzo de 2024. El Gobierno de la Provincia de Buenos Aires autoriz\u00f3 un nuevo aumento en las cuotas de los colegios privados. El \u00faltimo aumento se hab\u00eda autorizado\u2026","rel":"","context":"En \u00abProvincia\u00bb","block_context":{"text":"Provincia","link":"https:\/\/www.24baires.com\/?cat=40"},"img":{"alt_text":"","src":"https:\/\/i0.wp.com\/www.24baires.com\/wp-content\/uploads\/2024\/02\/escuela-provada.webp?resize=350%2C200","width":350,"height":200,"srcset":"https:\/\/i0.wp.com\/www.24baires.com\/wp-content\/uploads\/2024\/02\/escuela-provada.webp?resize=350%2C200 1x, https:\/\/i0.wp.com\/www.24baires.com\/wp-content\/uploads\/2024\/02\/escuela-provada.webp?resize=525%2C300 1.5x, https:\/\/i0.wp.com\/www.24baires.com\/wp-content\/uploads\/2024\/02\/escuela-provada.webp?resize=700%2C400 2x"},"classes":[]},{"id":108462,"url":"https:\/\/www.24baires.com\/?p=108462","url_meta":{"origin":120122,"position":1},"title":"Vuelven a aumentar las prepagas: el Gobierno autoriz\u00f3 un aumento del 17,5%","author":"GB","date":"29\/05\/2019","format":false,"excerpt":"Se oficializ\u00f3 mediante una resoluci\u00f3n publicada este mi\u00e9rcoles en el Bolet\u00edn Oficial. Es una suba \"complementaria y acumulativa\" a la aprobada a fines de marzo de este a\u00f1o y se implementar\u00e1 en tres tramos y a partir del 1\u00b0 de julio. El Gobierno de Mauricio Macri oficializ\u00f3 este mi\u00e9rcoles otro\u2026","rel":"","context":"En \u00abSociedad\u00bb","block_context":{"text":"Sociedad","link":"https:\/\/www.24baires.com\/?cat=1"},"img":{"alt_text":"","src":"https:\/\/i0.wp.com\/www.24baires.com\/wp-content\/uploads\/2017\/10\/prepaga.jpg?resize=350%2C200","width":350,"height":200,"srcset":"https:\/\/i0.wp.com\/www.24baires.com\/wp-content\/uploads\/2017\/10\/prepaga.jpg?resize=350%2C200 1x, https:\/\/i0.wp.com\/www.24baires.com\/wp-content\/uploads\/2017\/10\/prepaga.jpg?resize=525%2C300 1.5x"},"classes":[]},{"id":22817,"url":"https:\/\/www.24baires.com\/?p=22817","url_meta":{"origin":120122,"position":2},"title":"Colegios privados de la Provincia disconformes con el aumento otorgado","author":"AF","date":"06\/05\/2013","format":false,"excerpt":"La Direcci\u00f3n General de Cultura y Educaci\u00f3n bonaerense autoriz\u00f3 una suba escalonada del 18,5 por ciento en las cuotas de las instituciones privadas, pero varios colegios consultados manifestaron que se trata de un aumento que se materializar\u00e1 directamente sobre los sueldos de los docentes, pero que no cubre sus expectativas.\u2026","rel":"","context":"En \u00abEconom\u00eda\u00bb","block_context":{"text":"Econom\u00eda","link":"https:\/\/www.24baires.com\/?cat=45"},"img":{"alt_text":"","src":"","width":0,"height":0},"classes":[]},{"id":106156,"url":"https:\/\/www.24baires.com\/?p=106156","url_meta":{"origin":120122,"position":3},"title":"El Gobierno autoriz\u00f3 un nuevo aumento del valor de las prepagas","author":"AF","date":"29\/12\/2018","format":false,"excerpt":"Ser\u00e1 un 5% de las cuota. Desde marzo de 2018 a febrero del pr\u00f3ximo a\u00f1o el aumento acumular\u00e1 un 42,2%. La Superintendencia de Servicios de Salud confirm\u00f3 que a partir del 1\u00b0 de febrero las empresas de medicina privada podr\u00e1n aumentar un 5% las cuotas de sus afiliados. As\u00ed acumulan\u2026","rel":"","context":"En \u00abSociedad\u00bb","block_context":{"text":"Sociedad","link":"https:\/\/www.24baires.com\/?cat=1"},"img":{"alt_text":"","src":"https:\/\/i0.wp.com\/www.24baires.com\/wp-content\/uploads\/2017\/10\/prepaga.jpg?resize=350%2C200","width":350,"height":200,"srcset":"https:\/\/i0.wp.com\/www.24baires.com\/wp-content\/uploads\/2017\/10\/prepaga.jpg?resize=350%2C200 1x, https:\/\/i0.wp.com\/www.24baires.com\/wp-content\/uploads\/2017\/10\/prepaga.jpg?resize=525%2C300 1.5x"},"classes":[]},{"id":107427,"url":"https:\/\/www.24baires.com\/?p=107427","url_meta":{"origin":120122,"position":4},"title":"Autorizan nuevo aumento a las prepagas","author":"GB","date":"29\/03\/2019","format":false,"excerpt":"El Gobierno autoriz\u00f3 a las empresas de medicina prepaga a implementar un nuevo aumento de sus cuotas en hasta 7,5% de su valor a partir de mayo. La medida fue publicada este viernes en el Bolet\u00edn Oficial a fines de que las entidades informen a sus usuarios de los incrementos\u2026","rel":"","context":"En \u00abEconom\u00eda\u00bb","block_context":{"text":"Econom\u00eda","link":"https:\/\/www.24baires.com\/?cat=45"},"img":{"alt_text":"","src":"https:\/\/i0.wp.com\/www.24baires.com\/wp-content\/uploads\/2017\/10\/prepaga.jpg?resize=350%2C200","width":350,"height":200,"srcset":"https:\/\/i0.wp.com\/www.24baires.com\/wp-content\/uploads\/2017\/10\/prepaga.jpg?resize=350%2C200 1x, https:\/\/i0.wp.com\/www.24baires.com\/wp-content\/uploads\/2017\/10\/prepaga.jpg?resize=525%2C300 1.5x"},"classes":[]},{"id":63683,"url":"https:\/\/www.24baires.com\/?p=63683","url_meta":{"origin":120122,"position":5},"title":"Autorizan aumento en colegios privados en la Provincia","author":"GB","date":"28\/03\/2015","format":false,"excerpt":"El gobierno provincial autoriz\u00f3 el aumento del 29,7% en la cuota para todo el a\u00f1o, para colegios privados con subsidios del Estado. La mensualidad que abonar\u00e1n los alumnos de esos establecimientos se incrementar\u00e1 hasta un 23% el pr\u00f3ximo mes y en agosto se aplicar\u00e1 el 6,7% restante. El aumento, que\u2026","rel":"","context":"En \u00abEconom\u00eda\u00bb","block_context":{"text":"Econom\u00eda","link":"https:\/\/www.24baires.com\/?cat=45"},"img":{"alt_text":"colegio privado","src":"https:\/\/i0.wp.com\/www.24baires.com\/wp-content\/uploads\/2015\/03\/colegio-privado.jpg?resize=350%2C200","width":350,"height":200},"classes":[]}],"jetpack_sharing_enabled":true,"jetpack_likes_enabled":true,"_links":{"self":[{"href":"https:\/\/www.24baires.com\/index.php?rest_route=\/wp\/v2\/posts\/120122","targetHints":{"allow":["GET"]}}],"collection":[{"href":"https:\/\/www.24baires.com\/index.php?rest_route=\/wp\/v2\/posts"}],"about":[{"href":"https:\/\/www.24baires.com\/index.php?rest_route=\/wp\/v2\/types\/post"}],"author":[{"embeddable":true,"href":"https:\/\/www.24baires.com\/index.php?rest_route=\/wp\/v2\/users\/8"}],"replies":[{"embeddable":true,"href":"https:\/\/www.24baires.com\/index.php?rest_route=%2Fwp%2Fv2%2Fcomments&post=120122"}],"version-history":[{"count":1,"href":"https:\/\/www.24baires.com\/index.php?rest_route=\/wp\/v2\/posts\/120122\/revisions"}],"predecessor-version":[{"id":120123,"href":"https:\/\/www.24baires.com\/index.php?rest_route=\/wp\/v2\/posts\/120122\/revisions\/120123"}],"wp:attachment":[{"href":"https:\/\/www.24baires.com\/index.php?rest_route=%2Fwp%2Fv2%2Fmedia&parent=120122"}],"wp:term":[{"taxonomy":"category","embeddable":true,"href":"https:\/\/www.24baires.com\/index.php?rest_route=%2Fwp%2Fv2%2Fcategories&post=120122"},{"taxonomy":"post_tag","embeddable":true,"href":"https:\/\/www.24baires.com\/index.php?rest_route=%2Fwp%2Fv2%2Ftags&post=120122"}],"curies":[{"name":"wp","href":"https:\/\/api.w.org\/{rel}","templated":true}]}}