{"id":120118,"date":"2023-05-22T20:56:32","date_gmt":"2023-05-22T23:56:32","guid":{"rendered":"http:\/\/www.24baires.com\/?p=120118"},"modified":"2023-05-22T20:56:32","modified_gmt":"2023-05-22T23:56:32","slug":"el-gobierno-anuncio-medidas-para-incentivar-el-consumo","status":"publish","type":"post","link":"https:\/\/www.24baires.com\/?p=120118","title":{"rendered":"El Gobierno anunci\u00f3 medidas para incentivar el consumo"},"content":{"rendered":"<p><img data-recalc-dims=\"1\" loading=\"lazy\" decoding=\"async\" class=\"aligncenter wp-image-120120\" src=\"https:\/\/i0.wp.com\/www.24baires.com\/wp-content\/uploads\/2023\/05\/massa-1.webp?resize=720%2C405\" alt=\"\" width=\"720\" height=\"405\" srcset=\"https:\/\/i0.wp.com\/www.24baires.com\/wp-content\/uploads\/2023\/05\/massa-1.webp?w=655&amp;ssl=1 655w, https:\/\/i0.wp.com\/www.24baires.com\/wp-content\/uploads\/2023\/05\/massa-1.webp?resize=300%2C169&amp;ssl=1 300w\" sizes=\"auto, (max-width: 720px) 100vw, 720px\" \/>El ministro de Econom\u00eda, Sergio Massa, acord\u00f3 con las entidades bancarias p\u00fablicas y privadas de capital nacional el nuevo esquema de \u00abFortalecimiento del cr\u00e9dito al sector privado y mejoras del marco normativo\u00bb. El objetivo es hacer frente a los efectos negativos de la sequ\u00eda en el mercado interno.<!--more--><\/p>\n<p>El ministro de Econom\u00eda Sergio Massa anunci\u00f3 este lunes un aumento del 30% en los l\u00edmites de las tarjetas de cr\u00e9dito y afirm\u00f3 que la medida permitir\u00e1 \u00abaumentar la capacidad de compra\u00bb de 39 millones de personas. El objetivo es sostener el consumo y el mercado interno ante una ca\u00edda del PBI producto de la sequ\u00eda.<\/p>\n<p>En el marco del programa de \u201cFortalecimiento del cr\u00e9dito al sector privado y mejoras del marco normativo\u201d, el titular del Palacio de Hacienda encabez\u00f3 la presentaci\u00f3n de las nuevas medidas con las que apuestan a hacer frente a los efectos negativos en la actividad econ\u00f3mica de la ca\u00edda en las exportaciones agrarias.<\/p>\n<p>\u00abLa ca\u00edda del PBI por la sequ\u00eda ser\u00e1 del 20% para este a\u00f1o\u00bb, dijo el ministro y remarc\u00f3 la necesidad de compensar dicho impacto \u00abalimentando\u00bb las \u00abotras dos turbinas de la econom\u00eda argentina que son inversi\u00f3n y consumo o mercado interno\u00bb.<\/p>\n<p>Entre las medidas implementadas por Econom\u00eda y las entidades financieras se destaca el incremento del 30% los m\u00e1rgenes de compras en cuotas de tarjetas de cr\u00e9ditos, como tambi\u00e9n un aumento del 25% los m\u00e1rgenes de compras con tarjetas de cr\u00e9dito en un pago. Adem\u00e1s, se elevar\u00e1 un 25% los m\u00e1rgenes de adelanto en cuenta corriente a MiPymes.<\/p>\n<p>\u00abLa mejora en el acceso al cr\u00e9dito nos puede ayudar a compensar parte de la ca\u00edda del PBI producto de la sequia\u00bb, agreg\u00f3 Massa al comunicar el acuerdo con las entidades bancarias p\u00fablicas y privadas de capital nacional para incrementar un 30% el l\u00edmite de las tarjetas de cr\u00e9dito.<\/p>\n<p>\u00abMejorar la capacidad de cr\u00e9dito de 39 millones de personas que tienen tarjeta de cr\u00e9dito, aumentando 30% la capacidad de compra y su perfil de cr\u00e9dito es un aporte muy valioso del sistema financiero argentino\u00bb, destac\u00f3 el ministro y destac\u00f3 que \u00abel regulador (BCRA) y los bancos p\u00fablicos y privados de capital nacional tomen esta iniciativa y la sostengan\u00bb ya que permitir\u00e1 \u00abque se vean beneficiados los consumidores y las Pymes\u00bb.<\/p>\n<p>Massa resalt\u00f3 \u00abel esfuerzo\u00bb de la banca argentina y del Estado nacional en la implementaci\u00f3n de los incrementos que tendr\u00e1n un alcance \u00abde m\u00e1s de 300 mil Pymes y MiPymes y m\u00e1s de 39 millones de personas\u00bb.<\/p>\n<p>Fomento al consumo con tarjetas de cr\u00e9dito<br \/>\nEl acuerdo se dio con la Asociaci\u00f3n de Bancos Argentinos (Adeba), que re\u00fane a las entidades de capital nacional, y con Abappra, que nuclea a bancos p\u00fablicos y privados.<\/p>\n<p>Previo al anuncio, desde el Palacio de Hacienda explicaron que el efecto que tendr\u00e1 el incremento en el l\u00edmite de cr\u00e9dito. \u00abPor cada $10.000 pesos de disponible en un pago, se suman 3.000 pesos m\u00e1s; y si una familia contaba con 50.000 pesos de cr\u00e9dito en su tarjeta, ahora tendr\u00e1 65.000 pesos\u201d, destacaron.<\/p>\n<p>Por parte del sector bancario aseguraron que \u201ceste esfuerzo debe complementarse con acciones del Estado y de los dirigentes pol\u00edticos de todos los sectores, que permitan el ordenamiento macroecon\u00f3mico necesario para lograr la reducci\u00f3n de la inflaci\u00f3n\u201d.<\/p>\n<p>\u201cTambi\u00e9n se requieren modificaciones al marco normativo a fin de promover la canalizaci\u00f3n de los ahorros de la sociedad hacia el cr\u00e9dito, en forma eficiente y evitando la generaci\u00f3n de distorsiones, en especial las generadas por fijaci\u00f3n de tasas m\u00ednimas\u201d, sumaron.<\/p>\n<p>Estas medidas se suman a las dos anunciadas la semana pasada que buscan sostener el consumo minorista, como la reducci\u00f3n de la tasa del Ahora 12 y los saldos de los intereses para tarjeta de cr\u00e9dito, adem\u00e1s del incremento de reintegros a sectores vulnerables por consumos con tarjeta de d\u00e9bito.<\/p>\n<p>Tarjetas de cr\u00e9dito: c\u00f3mo ser\u00e1 el aumento<br \/>\nSe incrementar\u00e1n 30% los m\u00e1rgenes de compras en cuotas de tarjetas de cr\u00e9ditos.<br \/>\nSe incrementar\u00e1n 25% los m\u00e1rgenes de compras con tarjetas de cr\u00e9dito en un pago.<br \/>\nAumentar\u00e1n un 25% los m\u00e1rgenes de adelanto en cuenta corriente a MiPymes.<br \/>\nTarjetas de cr\u00e9dito: otro beneficio<br \/>\nDesde mayo aumentaron el l\u00edmite hasta $40.000 para extraer efectivo con tarjeta de d\u00e9bito en los comercios. Hasta ahora, los clientes pod\u00edan retirar $30.000 de los comercios en los que pagaban sus compras con tarjeta de d\u00e9bito. Esta pr\u00e1ctica se denomina extracash, una modalidad que ya representa el 4,14% del volumen total de consumo con tarjeta de d\u00e9bito, seg\u00fan el \u00faltimo \u00edndice Prisma Medios de Pago del primer trimestre. Para poder retirar dinero el cliente debe realizar una compra con tarjeta.<\/p>\n<p>Fomento a la innovaci\u00f3n Pyme<br \/>\nPreviamente al anuncio vinculado al consumo, el ministro de Econom\u00eda present\u00f3 un nuevo financiamiento por $120.000 millones para poner en marcha programas destinados a promover la innovaci\u00f3n y la transici\u00f3n de las pymes argentinas hacia la industria 4.0.<\/p>\n<p>En ese contexto, Massa se refiri\u00f3 al efecto negativo de la sequ\u00eda en la econom\u00eda y la necesidad de revertir el impacto en la actividad. \u00abEste a\u00f1o nos van a faltar u$s15.000 millones en exportaciones\u00bb, dijo, a causa de los efectos derivados de la falta de lluvias en el campo a fines del a\u00f1o pasado y principios del 2023, y dijo que eso debe compensarse con financiamiento y \u00abplanificaci\u00f3n econ\u00f3mica\u00bb.<\/p>\n<p>Respecto a las herramientas que comenz\u00f3 a utilizar el Gobierno para hacer frente a dicho escenario, Massa coment\u00f3 que hasta agosto pr\u00f3ximo se va a ejecutar el SWAP con China en yuanes para importaciones por un monto equivalente a u$s5.000 millones.<\/p>\n<p>FUENTE: \u00c1mbito<\/p>\n","protected":false},"excerpt":{"rendered":"<p>El ministro de Econom\u00eda, Sergio Massa, acord\u00f3 con las entidades bancarias p\u00fablicas y privadas de capital nacional el nuevo esquema de \u00abFortalecimiento del cr\u00e9dito al sector privado y mejoras del marco normativo\u00bb. El objetivo es hacer frente a los efectos negativos de la sequ\u00eda en el mercado interno.<\/p>\n","protected":false},"author":4,"featured_media":0,"comment_status":"closed","ping_status":"closed","sticky":false,"template":"","format":"standard","meta":{"_jetpack_newsletter_access":"","_jetpack_dont_email_post_to_subs":false,"_jetpack_newsletter_tier_id":0,"_jetpack_memberships_contains_paywalled_content":false,"_jetpack_memberships_contains_paid_content":false,"footnotes":""},"categories":[45],"tags":[],"class_list":["post-120118","post","type-post","status-publish","format-standard","hentry","category-economia"],"jetpack_featured_media_url":"","jetpack_shortlink":"https:\/\/wp.me\/p2JWE0-vfo","jetpack-related-posts":[{"id":120346,"url":"https:\/\/www.24baires.com\/?p=120346","url_meta":{"origin":120118,"position":0},"title":"El Gobierno analiza el pago de una suma fija a trabajadores","author":"AF","date":"07\/08\/2023","format":false,"excerpt":"El ministro Sergio Massa expres\u00f3 que eval\u00faa junto con los sectores sindicales una suma fija para los trabajadores, bajo \"la convicci\u00f3n de que tenemos que buscar mecanismos de mejora del ingreso\". Tambi\u00e9n anunci\u00f3 una inversi\u00f3n de $ 19.000 millones para financiar a pymes exportadoras. \"El gran objetivo debe ser promover\u2026","rel":"","context":"En \u00abEconom\u00eda\u00bb","block_context":{"text":"Econom\u00eda","link":"https:\/\/www.24baires.com\/?cat=45"},"img":{"alt_text":"","src":"https:\/\/i0.wp.com\/www.24baires.com\/wp-content\/uploads\/2023\/08\/massa.jpeg?resize=350%2C200","width":350,"height":200,"srcset":"https:\/\/i0.wp.com\/www.24baires.com\/wp-content\/uploads\/2023\/08\/massa.jpeg?resize=350%2C200 1x, https:\/\/i0.wp.com\/www.24baires.com\/wp-content\/uploads\/2023\/08\/massa.jpeg?resize=525%2C300 1.5x, https:\/\/i0.wp.com\/www.24baires.com\/wp-content\/uploads\/2023\/08\/massa.jpeg?resize=700%2C400 2x"},"classes":[]},{"id":120274,"url":"https:\/\/www.24baires.com\/?p=120274","url_meta":{"origin":120118,"position":1},"title":"Massa y Raverta anunciaron nuevos cr\u00e9ditos de hasta $400 mil para jubilados y pensionados","author":"AF","date":"11\/07\/2023","format":false,"excerpt":"El ministro de Econom\u00eda y la directora ejecutiva de Anses anunciaron nuevos cr\u00e9ditos de ese organismo de hasta $ 400.000 para jubilados y pensionados, con una Tasa Nominal Actual del 29%, la m\u00e1s baja del mercado. En todas las prestaciones se mantiene la posibilidad de seleccionar la devoluci\u00f3n en 24,\u2026","rel":"","context":"En \u00abSociedad\u00bb","block_context":{"text":"Sociedad","link":"https:\/\/www.24baires.com\/?cat=1"},"img":{"alt_text":"","src":"https:\/\/i0.wp.com\/www.24baires.com\/wp-content\/uploads\/2023\/07\/WhatsApp-Image-2023-07-11-at-19.38.56.jpeg?resize=350%2C200","width":350,"height":200,"srcset":"https:\/\/i0.wp.com\/www.24baires.com\/wp-content\/uploads\/2023\/07\/WhatsApp-Image-2023-07-11-at-19.38.56.jpeg?resize=350%2C200 1x, https:\/\/i0.wp.com\/www.24baires.com\/wp-content\/uploads\/2023\/07\/WhatsApp-Image-2023-07-11-at-19.38.56.jpeg?resize=525%2C300 1.5x, https:\/\/i0.wp.com\/www.24baires.com\/wp-content\/uploads\/2023\/07\/WhatsApp-Image-2023-07-11-at-19.38.56.jpeg?resize=700%2C400 2x"},"classes":[]},{"id":119985,"url":"https:\/\/www.24baires.com\/?p=119985","url_meta":{"origin":120118,"position":2},"title":"Massa anunci\u00f3 el d\u00f3lar agro a $300","author":"AF","date":"05\/04\/2023","format":false,"excerpt":"El ministro de Econom\u00eda present\u00f3 el Programa de Incremento Exportador a trav\u00e9s de tres decretos que establecen, entre otras cosas, un tipo de cambio diferencial. El plan se extender\u00e1 desde el 8 de abril hasta el 31 de mayo para la cadena sojera, y entre el 8 de abril y\u2026","rel":"","context":"En \u00abEconom\u00eda\u00bb","block_context":{"text":"Econom\u00eda","link":"https:\/\/www.24baires.com\/?cat=45"},"img":{"alt_text":"","src":"https:\/\/i0.wp.com\/www.24baires.com\/wp-content\/uploads\/2023\/04\/massa.jpeg?resize=350%2C200","width":350,"height":200,"srcset":"https:\/\/i0.wp.com\/www.24baires.com\/wp-content\/uploads\/2023\/04\/massa.jpeg?resize=350%2C200 1x, https:\/\/i0.wp.com\/www.24baires.com\/wp-content\/uploads\/2023\/04\/massa.jpeg?resize=525%2C300 1.5x, https:\/\/i0.wp.com\/www.24baires.com\/wp-content\/uploads\/2023\/04\/massa.jpeg?resize=700%2C400 2x"},"classes":[]},{"id":120179,"url":"https:\/\/www.24baires.com\/?p=120179","url_meta":{"origin":120118,"position":3},"title":"Massa contin\u00faa la negociaci\u00f3n con el FMI con el eje en el \u00abda\u00f1o\u00bb por la sequ\u00eda","author":"AF","date":"13\/06\/2023","format":false,"excerpt":"En un acto en la f\u00e1brica automotriz Ford en Pacheco el ministro cont\u00f3 que lac conversaciones con el organismo de cr\u00e9dito se desarrollan de modo virtual y luego ir\u00e1 una misi\u00f3n a Washington para cerrar el acuerdo. El ministro de Econom\u00eda, Sergio Massa, confirm\u00f3 este martes que contin\u00faan las negociaciones\u2026","rel":"","context":"En \u00abEconom\u00eda\u00bb","block_context":{"text":"Econom\u00eda","link":"https:\/\/www.24baires.com\/?cat=45"},"img":{"alt_text":"","src":"https:\/\/i0.wp.com\/www.24baires.com\/wp-content\/uploads\/2023\/05\/massa-scaled.jpg?resize=350%2C200","width":350,"height":200,"srcset":"https:\/\/i0.wp.com\/www.24baires.com\/wp-content\/uploads\/2023\/05\/massa-scaled.jpg?resize=350%2C200 1x, https:\/\/i0.wp.com\/www.24baires.com\/wp-content\/uploads\/2023\/05\/massa-scaled.jpg?resize=525%2C300 1.5x, https:\/\/i0.wp.com\/www.24baires.com\/wp-content\/uploads\/2023\/05\/massa-scaled.jpg?resize=700%2C400 2x"},"classes":[]},{"id":119185,"url":"https:\/\/www.24baires.com\/?p=119185","url_meta":{"origin":120118,"position":4},"title":"El flamante s\u00faper ministro anunci\u00f3 \u201cprincipios y motores\u201d","author":"GB","date":"04\/08\/2022","format":false,"excerpt":"Massa asegur\u00f3 que el \u201cobjetivo es crecer con inclusi\u00f3n y vinimos a trabajar para eso\u201d, luego de adelantar el paquete de medidas que priorizar\u00e1 su gesti\u00f3n al frente de la cartera econ\u00f3mica. Dos horas despu\u00e9s de jurar su cargo como titular del Ministerio Unificado, Sergio Massa dio una conferencia de\u2026","rel":"","context":"En \u00abEconom\u00eda\u00bb","block_context":{"text":"Econom\u00eda","link":"https:\/\/www.24baires.com\/?cat=45"},"img":{"alt_text":"","src":"https:\/\/i0.wp.com\/www.24baires.com\/wp-content\/uploads\/2022\/08\/FZR7y6cWAAESzYn-1024x670-1.jpg?resize=350%2C200","width":350,"height":200,"srcset":"https:\/\/i0.wp.com\/www.24baires.com\/wp-content\/uploads\/2022\/08\/FZR7y6cWAAESzYn-1024x670-1.jpg?resize=350%2C200 1x, https:\/\/i0.wp.com\/www.24baires.com\/wp-content\/uploads\/2022\/08\/FZR7y6cWAAESzYn-1024x670-1.jpg?resize=525%2C300 1.5x, https:\/\/i0.wp.com\/www.24baires.com\/wp-content\/uploads\/2022\/08\/FZR7y6cWAAESzYn-1024x670-1.jpg?resize=700%2C400 2x"},"classes":[]},{"id":119291,"url":"https:\/\/www.24baires.com\/?p=119291","url_meta":{"origin":120118,"position":5},"title":"El Gobierno nacional anunci\u00f3 un nuevo \u00abd\u00f3lar soja\u00bb","author":"GB","date":"05\/09\/2022","format":false,"excerpt":"El ministro de Econom\u00eda anunci\u00f3 la implementaci\u00f3n de un d\u00f3lar a 200 pesos destinado a la liquidaci\u00f3n de la cosecha de soja. Gobierno de la naci\u00f3n anunci\u00f3 un nuevo tipo de cambio de 200 pesos por d\u00f3lar destinado a las transacciones internacionales de soja. Esta medida con la que se\u2026","rel":"","context":"En \u00abEconom\u00eda\u00bb","block_context":{"text":"Econom\u00eda","link":"https:\/\/www.24baires.com\/?cat=45"},"img":{"alt_text":"","src":"https:\/\/i0.wp.com\/www.24baires.com\/wp-content\/uploads\/2022\/09\/massa-dolar-sojapng.png?resize=350%2C200","width":350,"height":200,"srcset":"https:\/\/i0.wp.com\/www.24baires.com\/wp-content\/uploads\/2022\/09\/massa-dolar-sojapng.png?resize=350%2C200 1x, https:\/\/i0.wp.com\/www.24baires.com\/wp-content\/uploads\/2022\/09\/massa-dolar-sojapng.png?resize=525%2C300 1.5x, https:\/\/i0.wp.com\/www.24baires.com\/wp-content\/uploads\/2022\/09\/massa-dolar-sojapng.png?resize=700%2C400 2x"},"classes":[]}],"jetpack_sharing_enabled":true,"jetpack_likes_enabled":true,"_links":{"self":[{"href":"https:\/\/www.24baires.com\/index.php?rest_route=\/wp\/v2\/posts\/120118","targetHints":{"allow":["GET"]}}],"collection":[{"href":"https:\/\/www.24baires.com\/index.php?rest_route=\/wp\/v2\/posts"}],"about":[{"href":"https:\/\/www.24baires.com\/index.php?rest_route=\/wp\/v2\/types\/post"}],"author":[{"embeddable":true,"href":"https:\/\/www.24baires.com\/index.php?rest_route=\/wp\/v2\/users\/4"}],"replies":[{"embeddable":true,"href":"https:\/\/www.24baires.com\/index.php?rest_route=%2Fwp%2Fv2%2Fcomments&post=120118"}],"version-history":[{"count":1,"href":"https:\/\/www.24baires.com\/index.php?rest_route=\/wp\/v2\/posts\/120118\/revisions"}],"predecessor-version":[{"id":120121,"href":"https:\/\/www.24baires.com\/index.php?rest_route=\/wp\/v2\/posts\/120118\/revisions\/120121"}],"wp:attachment":[{"href":"https:\/\/www.24baires.com\/index.php?rest_route=%2Fwp%2Fv2%2Fmedia&parent=120118"}],"wp:term":[{"taxonomy":"category","embeddable":true,"href":"https:\/\/www.24baires.com\/index.php?rest_route=%2Fwp%2Fv2%2Fcategories&post=120118"},{"taxonomy":"post_tag","embeddable":true,"href":"https:\/\/www.24baires.com\/index.php?rest_route=%2Fwp%2Fv2%2Ftags&post=120118"}],"curies":[{"name":"wp","href":"https:\/\/api.w.org\/{rel}","templated":true}]}}