{"id":12009,"date":"2013-01-13T11:53:58","date_gmt":"2013-01-13T14:53:58","guid":{"rendered":"http:\/\/www.24baires.com\/?p=12009"},"modified":"2013-01-13T11:54:04","modified_gmt":"2013-01-13T14:54:04","slug":"se-inauguro-el-espacio-cultural-unzue","status":"publish","type":"post","link":"https:\/\/www.24baires.com\/?p=12009","title":{"rendered":"Se inaugur\u00f3 el Espacio Cultural Unzu\u00e9"},"content":{"rendered":"<p><a href=\"http:\/\/www.24baires.com\/sociedad\/12009-se-inauguro-el-espacio-cultural-unzue\/attachment\/unzue_mdp_lagos_6_ef_10324\/\" rel=\"attachment wp-att-12010\"><img data-recalc-dims=\"1\" loading=\"lazy\" decoding=\"async\" class=\"aligncenter size-full wp-image-12010\" alt=\"Unzu\u00e9_Mdp_Lagos_6_ef_10324\" src=\"https:\/\/i0.wp.com\/www.24baires.com\/wp-content\/uploads\/2013\/01\/Unzu%C3%A9_Mdp_Lagos_6_ef_10324.jpg?resize=560%2C288\" width=\"560\" height=\"288\" srcset=\"https:\/\/i0.wp.com\/www.24baires.com\/wp-content\/uploads\/2013\/01\/Unzu%C3%A9_Mdp_Lagos_6_ef_10324.jpg?w=560&amp;ssl=1 560w, https:\/\/i0.wp.com\/www.24baires.com\/wp-content\/uploads\/2013\/01\/Unzu%C3%A9_Mdp_Lagos_6_ef_10324.jpg?resize=300%2C154&amp;ssl=1 300w\" sizes=\"auto, (max-width: 560px) 100vw, 560px\" \/><\/a><\/p>\n<p><strong>MAR DEL PLATA.-<\/strong> La campa\u00f1a del gobierno nacional \u00ab\u201cArgentina, el verano de un amor. M\u00e1s la conoc\u00e9s, m\u00e1s la quer\u00e9s\u201d\u00bb se inaugurar\u00f3 ayer en el Espacio Cultural \u201cInstituto Saturnino Unzu\u00e9\u201d, ubicado en la calle R\u00edo Negro al 3500 y el Boulevard Peralta Ramos, frente a la playa.<!--more--><\/p>\n<p>\u00abEl Instituto es un lugar cl\u00e1sico y emblem\u00e1tico, recuperado y restaurado por el Estado Nacional, con las puertas abiertas a todos y todas, en el que se podr\u00e1n disfrutar diferentes actividades culturales y recreativas durante los meses de enero y febrero\u00bb, informaron los organizadores en un comunicado.<\/p>\n<p>En la inauguraci\u00f3n participaron distintas bandas de cumbia: Sinfon\u00eda Popular, Miguel Angel, Walter Encina, Piola Vago, 18 Kilates y El Original.<\/p>\n<p>El Espacio Cultural Unzu\u00e9 estar\u00e1 abierto todos los d\u00edas desde las 12 en adelante. Los d\u00edas mi\u00e9rcoles y s\u00e1bados tocar\u00e1n en vivo<br \/>\ndistintos artistas de renombre de m\u00fasica nacional.<\/p>\n<p>El espacio Paka-Paka para los ni\u00f1os, bandas en vivo, clases de tango abiertas, feria de econom\u00eda social, paseo gastron\u00f3mico,<br \/>\ncharlas con personalidades de la cultura, ciclos de cine, espacio WiFi, muestras de fotos de reconocidos fot\u00f3grafos e importantes encuentros art\u00edsticos, son s\u00f3lo algunas de las actividades en las que se podr\u00e1 participar durante todo enero y febrero, con entrada libre y gratuita.<\/p>\n<p>A su vez, en la playa, frente al \u201cInstituto Saturnino Unzu\u00e9\u201d, se podr\u00e1 disfrutar del balneario p\u00fablico, donde tambi\u00e9n se brindar\u00e1n actividades deportivas, de integraci\u00f3n y de entretenimiento durante todo el verano.<\/p>\n<p>\u00ab\u201cArgentina, el verano de un amor. M\u00e1s la conoc\u00e9s, m\u00e1s la quer\u00e9s\u00bb\u201d es una iniciativa del Estado Nacional para el esparcimiento, el entretenimiento y el fomento de la cultura para que la juventud y las familias puedan disfrutar de unas vacaciones \u00fanicas.<\/p>\n","protected":false},"excerpt":{"rendered":"<p>MAR DEL PLATA.- La campa\u00f1a del gobierno nacional \u00ab\u201cArgentina, el verano de un amor. M\u00e1s la conoc\u00e9s, m\u00e1s la quer\u00e9s\u201d\u00bb se inaugurar\u00f3 ayer en el Espacio Cultural \u201cInstituto Saturnino Unzu\u00e9\u201d, ubicado en la calle R\u00edo Negro al 3500 y el Boulevard Peralta Ramos, frente a la playa.<\/p>\n","protected":false},"author":11,"featured_media":0,"comment_status":"open","ping_status":"open","sticky":false,"template":"","format":"standard","meta":{"_jetpack_newsletter_access":"","_jetpack_dont_email_post_to_subs":false,"_jetpack_newsletter_tier_id":0,"_jetpack_memberships_contains_paywalled_content":false,"_jetpack_memberships_contains_paid_content":false,"footnotes":""},"categories":[1],"tags":[],"class_list":["post-12009","post","type-post","status-publish","format-standard","hentry","category-sociedad"],"jetpack_featured_media_url":"","jetpack_shortlink":"https:\/\/wp.me\/p2JWE0-37H","jetpack-related-posts":[{"id":40939,"url":"https:\/\/www.24baires.com\/?p=40939","url_meta":{"origin":12009,"position":0},"title":"El &#8216;Espacio Unzu\u00e9&#8217; recibi\u00f3 m\u00e1s de 100 mil visitas esta temporada","author":"Grupo Sierra","date":"22\/02\/2014","format":false,"excerpt":"MAR DEL PLATA.- M\u00e1s de cien mil personas participaron durante este verano de las actividades recreativas, deportivas y culturales que se desarrollaron en el \"Espacio Unzu\u00e9\" de la ciudad balnearia de Mar del Plata, que tuvo hoy su cierre de temporada. \u00a0 \u00a0 El Espacio Unzu\u00e9, ubicado en R\u00edo Negro\u2026","rel":"","context":"En \u00abSociedad\u00bb","block_context":{"text":"Sociedad","link":"https:\/\/www.24baires.com\/?cat=1"},"img":{"alt_text":"unzue","src":"https:\/\/i0.wp.com\/www.24baires.com\/wp-content\/uploads\/2014\/02\/unzue-300x168.jpg?resize=350%2C200","width":350,"height":200},"classes":[]},{"id":13069,"url":"https:\/\/www.24baires.com\/?p=13069","url_meta":{"origin":12009,"position":1},"title":"El AFSCA inaugur\u00f3 su parador en Mar del Plata","author":"Grupo Sierra","date":"21\/01\/2013","format":false,"excerpt":"La Autoridad Federal de Servicios de Comunicaci\u00f3n Audiovisual (AFSCA) inaugur\u00f3 su stand en el Espacio Cultural \u201cInstituto Saturnino Unzu\u00e9\u201d de la ciudad de Mar del Plata, en el marco de la campa\u00f1a \u201cArgentina, el verano de un amor. M\u00e1s la conoc\u00e9s, m\u00e1s la quer\u00e9s\u201d del Gobierno Nacional.\u00a0 El espacio del\u2026","rel":"","context":"En \u00abSociedad\u00bb","block_context":{"text":"Sociedad","link":"https:\/\/www.24baires.com\/?cat=1"},"img":{"alt_text":"afsca parador","src":"https:\/\/i0.wp.com\/www.24baires.com\/wp-content\/uploads\/2013\/01\/afsca-parador.jpg?resize=350%2C200","width":350,"height":200,"srcset":"https:\/\/i0.wp.com\/www.24baires.com\/wp-content\/uploads\/2013\/01\/afsca-parador.jpg?resize=350%2C200 1x, https:\/\/i0.wp.com\/www.24baires.com\/wp-content\/uploads\/2013\/01\/afsca-parador.jpg?resize=525%2C300 1.5x"},"classes":[]},{"id":59651,"url":"https:\/\/www.24baires.com\/?p=59651","url_meta":{"origin":12009,"position":2},"title":"Desarrollo Social inicia un ciclo de promoci\u00f3n de derechos en el Unzu\u00e9 de Mar del Plata","author":"GB","date":"06\/01\/2015","format":false,"excerpt":"De \u201cjudicializar la pobreza\u201d a \"espacio promotor de derechos\u201d es el largo trayecto que recorri\u00f3 el edificio Unzu\u00e9 en Mar del Plata, antes un orfanato y en la actualidad el palacio cultural donde el Ministerio de Desarrollo Social de la Naci\u00f3n organiza desde ma\u00f1ana un nuevo verano lleno de propuestas\u2026","rel":"","context":"En \u00abSociedad\u00bb","block_context":{"text":"Sociedad","link":"https:\/\/www.24baires.com\/?cat=1"},"img":{"alt_text":"","src":"","width":0,"height":0},"classes":[]},{"id":13208,"url":"https:\/\/www.24baires.com\/?p=13208","url_meta":{"origin":12009,"position":3},"title":"Abal Medina destac\u00f3 \u00abel esfuerzo de la Presidenta en hacer m\u00e1s unidos a los pueblos del sur\u00bb","author":"AF","date":"22\/01\/2013","format":false,"excerpt":"MAR DEL PLATA - Al comenzar su visita a la ciudad de la costa, el jefe de Gabinete remarc\u00f3 que el viaje a Emiratos \u00c1rabes de la Presidenta fue importante por la \"cuesti\u00f3n energ\u00e9tica\", la de Indonesia por la \"cuesti\u00f3n econ\u00f3mica\" y la de Vietnam, por la \"cuesti\u00f3n econ\u00f3mica e\u2026","rel":"","context":"En \u00abPol\u00edtica\u00bb","block_context":{"text":"Pol\u00edtica","link":"https:\/\/www.24baires.com\/?cat=51"},"img":{"alt_text":"abal medina unzu\u00e9","src":"https:\/\/i0.wp.com\/www.24baires.com\/wp-content\/uploads\/2013\/01\/abal-medina-unzu%C3%A9.jpg?resize=350%2C200","width":350,"height":200,"srcset":"https:\/\/i0.wp.com\/www.24baires.com\/wp-content\/uploads\/2013\/01\/abal-medina-unzu%C3%A9.jpg?resize=350%2C200 1x, https:\/\/i0.wp.com\/www.24baires.com\/wp-content\/uploads\/2013\/01\/abal-medina-unzu%C3%A9.jpg?resize=525%2C300 1.5x"},"classes":[]},{"id":58083,"url":"https:\/\/www.24baires.com\/?p=58083","url_meta":{"origin":12009,"position":4},"title":"Cultura lanz\u00f3 la propuesta para el verano en la Base Naval de Mar del Plata","author":"GB","date":"03\/12\/2014","format":false,"excerpt":"La iniciativa consiste en llevar adelante una serie de actividades recreativas y de promoci\u00f3n y difusi\u00f3n cultural, cient\u00edfica y educativa, que se llevar\u00e1n a cabo durante este verano en la Base Naval de Mar del Plata, con una activa participaci\u00f3n de diferentes organismos p\u00fablicos, seg\u00fan se inform\u00f3 oficialmente. Desde el\u2026","rel":"","context":"En \u00abLocales\u00bb","block_context":{"text":"Locales","link":"https:\/\/www.24baires.com\/?cat=38"},"img":{"alt_text":"","src":"","width":0,"height":0},"classes":[]},{"id":22757,"url":"https:\/\/www.24baires.com\/?p=22757","url_meta":{"origin":12009,"position":5},"title":"\u201cEn Mar del Plata va a haber lista del Frente para la Victoria\u201d dijo Cheppi y le peg\u00f3 a Pulti","author":"Grupo Sierra","date":"05\/05\/2013","format":false,"excerpt":"Con la presencia de m\u00e1s de 400 personas, el embajador argentino en Venezuela y referente del Frente para la Victoria de General Pueyrred\u00f3n, Carlos Cheppi, encabez\u00f3 un encuentro de militantes en el Instituto Unzu\u00e9, donde se confirm\u00f3 que ese espacio trabajar\u00e1 para presentar una lista propia en las elecciones legislativas\u2026","rel":"","context":"En \u00abPol\u00edtica\u00bb","block_context":{"text":"Pol\u00edtica","link":"https:\/\/www.24baires.com\/?cat=51"},"img":{"alt_text":"Encuentro Unzu\u00e9 Mayo4","src":"https:\/\/i0.wp.com\/www.24baires.com\/wp-content\/uploads\/2013\/05\/Encuentro-Unzu%C3%A9-Mayo4.jpg?resize=350%2C200","width":350,"height":200,"srcset":"https:\/\/i0.wp.com\/www.24baires.com\/wp-content\/uploads\/2013\/05\/Encuentro-Unzu%C3%A9-Mayo4.jpg?resize=350%2C200 1x, https:\/\/i0.wp.com\/www.24baires.com\/wp-content\/uploads\/2013\/05\/Encuentro-Unzu%C3%A9-Mayo4.jpg?resize=525%2C300 1.5x"},"classes":[]}],"jetpack_sharing_enabled":true,"jetpack_likes_enabled":true,"_links":{"self":[{"href":"https:\/\/www.24baires.com\/index.php?rest_route=\/wp\/v2\/posts\/12009","targetHints":{"allow":["GET"]}}],"collection":[{"href":"https:\/\/www.24baires.com\/index.php?rest_route=\/wp\/v2\/posts"}],"about":[{"href":"https:\/\/www.24baires.com\/index.php?rest_route=\/wp\/v2\/types\/post"}],"author":[{"embeddable":true,"href":"https:\/\/www.24baires.com\/index.php?rest_route=\/wp\/v2\/users\/11"}],"replies":[{"embeddable":true,"href":"https:\/\/www.24baires.com\/index.php?rest_route=%2Fwp%2Fv2%2Fcomments&post=12009"}],"version-history":[{"count":3,"href":"https:\/\/www.24baires.com\/index.php?rest_route=\/wp\/v2\/posts\/12009\/revisions"}],"predecessor-version":[{"id":12013,"href":"https:\/\/www.24baires.com\/index.php?rest_route=\/wp\/v2\/posts\/12009\/revisions\/12013"}],"wp:attachment":[{"href":"https:\/\/www.24baires.com\/index.php?rest_route=%2Fwp%2Fv2%2Fmedia&parent=12009"}],"wp:term":[{"taxonomy":"category","embeddable":true,"href":"https:\/\/www.24baires.com\/index.php?rest_route=%2Fwp%2Fv2%2Fcategories&post=12009"},{"taxonomy":"post_tag","embeddable":true,"href":"https:\/\/www.24baires.com\/index.php?rest_route=%2Fwp%2Fv2%2Ftags&post=12009"}],"curies":[{"name":"wp","href":"https:\/\/api.w.org\/{rel}","templated":true}]}}