{"id":120085,"date":"2023-05-10T20:09:18","date_gmt":"2023-05-10T23:09:18","guid":{"rendered":"http:\/\/www.24baires.com\/?p=120085"},"modified":"2023-05-10T20:09:18","modified_gmt":"2023-05-10T23:09:18","slug":"las-jubilaciones-aumentaran-2092-en-junio-y-habra-tres-refuerzos-mensuales","status":"publish","type":"post","link":"https:\/\/www.24baires.com\/?p=120085","title":{"rendered":"Las jubilaciones aumentar\u00e1n 20,92% en junio y habr\u00e1 tres refuerzos mensuales"},"content":{"rendered":"<p><img data-recalc-dims=\"1\" loading=\"lazy\" decoding=\"async\" class=\"aligncenter wp-image-120086\" src=\"https:\/\/i0.wp.com\/www.24baires.com\/wp-content\/uploads\/2023\/05\/massa-raverta.jpg?resize=720%2C479\" alt=\"\" width=\"720\" height=\"479\" srcset=\"https:\/\/i0.wp.com\/www.24baires.com\/wp-content\/uploads\/2023\/05\/massa-raverta.jpg?w=760&amp;ssl=1 760w, https:\/\/i0.wp.com\/www.24baires.com\/wp-content\/uploads\/2023\/05\/massa-raverta.jpg?resize=300%2C200&amp;ssl=1 300w\" sizes=\"auto, (max-width: 720px) 100vw, 720px\" \/>Lo anunciaron el ministro de Econom\u00eda, Sergio Massa, y la titular de ANSES, Fernanda Raverta. La m\u00ednima pasar\u00e1 de $58.665 a $70.938. Para los haberes m\u00e1s bajos, habr\u00e1 adicionales de $15 mil, $17 mil y $20 mil entre junio y agosto.<!--more--><\/p>\n<p>Las jubilaciones y pensiones subir\u00e1n 20,92% a partir de junio, anunciaron la directora ejecutiva de la ANSES, Fernanda Raverta, y el ministro de Econom\u00eda, Sergio Massa.<\/p>\n<p>El ajuste corresponde a lo marcado por la Ley de Movilidad, mientras que habr\u00e1 un refuerzo para las jubilaciones y pensiones m\u00ednimas de 15 mil pesos en junio, 17 mil pesos en julio y 20 mil pesos en agosto.<\/p>\n<p>Asimismo, en junio se pagar\u00e1 el medio aguinaldo, por lo que un jubilado de la m\u00ednima percibir\u00e1 121.407 pesos.<\/p>\n<p>Adem\u00e1s, quienes perciban una jubilaci\u00f3n o pensi\u00f3n de hasta dos haberes m\u00ednimos tambi\u00e9n cobrar\u00e1n un proporcional del refuerzo de hasta 5.000 pesos.<\/p>\n<p>As\u00ed, una persona con ingresos de hasta dos jubilaciones m\u00ednimas, a partir de junio pasar\u00e1 a percibir 146.876 pesos m\u00e1s el aguinaldo.<\/p>\n<p>De esta forma, la jubilaci\u00f3n m\u00ednima habr\u00e1 tenido un 130 por ciento de incremento anual (junio 2022-junio 2023), representando un aumento del 7 por ciento en t\u00e9rminos reales.<\/p>\n<p>A su vez, con este nuevo aumento por movilidad, la Asignaci\u00f3n Universal por Hijo (AUH) y la Asignaci\u00f3n por Embarazo Para Protecci\u00f3n Social (AxE) pasar\u00e1n a ser de 13.864 pesos.<\/p>\n<p>La movilidad que regir\u00e1 a partir del pr\u00f3ximo mes, impacta en todas las jubilaciones, pensiones y asignaciones de la ANSES, alcanzando a m\u00e1s de 17 millones de beneficiarias y beneficiarios (7.4 millones de jubilados y pensionados).<\/p>\n<p>En este marco, Raverta expres\u00f3: \u00abCon esta medida seguimos acompa\u00f1ando a hombres y mujeres de la Argentina que necesitan, adem\u00e1s del aumento por movilidad, tener un acompa\u00f1amiento extraordinario por parte del Estado y afianzamos nuestro compromiso de que los jubilados y pensionados todos los meses est\u00e9n mejor\u00bb.<\/p>\n<p>Por su parte, Massa se\u00f1al\u00f3: \u00abEsto que el Estado est\u00e1 poniendo por encima de la f\u00f3rmula de movilidad no es gasto, es inversi\u00f3n, porque va al mercado interno y porque ayuda al consumo de nuestros jubilados y nuestras jubiladas\u00bb.<\/p>\n<p>Fuente: Cadena 3<\/p>\n","protected":false},"excerpt":{"rendered":"<p>Lo anunciaron el ministro de Econom\u00eda, Sergio Massa, y la titular de ANSES, Fernanda Raverta. La m\u00ednima pasar\u00e1 de $58.665 a $70.938. Para los haberes m\u00e1s bajos, habr\u00e1 adicionales de $15 mil, $17 mil y $20 mil entre junio y agosto.<\/p>\n","protected":false},"author":4,"featured_media":0,"comment_status":"closed","ping_status":"closed","sticky":false,"template":"","format":"standard","meta":{"_jetpack_newsletter_access":"","_jetpack_dont_email_post_to_subs":false,"_jetpack_newsletter_tier_id":0,"_jetpack_memberships_contains_paywalled_content":false,"_jetpack_memberships_contains_paid_content":false,"footnotes":""},"categories":[1],"tags":[],"class_list":["post-120085","post","type-post","status-publish","format-standard","hentry","category-sociedad"],"jetpack_featured_media_url":"","jetpack_shortlink":"https:\/\/wp.me\/p2JWE0-veR","jetpack-related-posts":[{"id":119533,"url":"https:\/\/www.24baires.com\/?p=119533","url_meta":{"origin":120085,"position":0},"title":"Las jubilaciones aumentar\u00e1n 15,6% a partir de diciembre","author":"AF","date":"10\/11\/2022","format":false,"excerpt":"Adem\u00e1s, se sumar\u00e1 un bono de $ 10.000 en diciembre, enero y febrero para jubilados que cobren el haber m\u00ednimo y de $ 7.000 para los que perciben un monto equivalente a dos haberes m\u00ednimos, lo que incluye al 84% del total de los jubilados, anunciaron Massa y Raverta. Las\u2026","rel":"","context":"En \u00abSociedad\u00bb","block_context":{"text":"Sociedad","link":"https:\/\/www.24baires.com\/?cat=1"},"img":{"alt_text":"","src":"https:\/\/i0.wp.com\/www.24baires.com\/wp-content\/uploads\/2018\/12\/anses.jpg?resize=350%2C200","width":350,"height":200,"srcset":"https:\/\/i0.wp.com\/www.24baires.com\/wp-content\/uploads\/2018\/12\/anses.jpg?resize=350%2C200 1x, https:\/\/i0.wp.com\/www.24baires.com\/wp-content\/uploads\/2018\/12\/anses.jpg?resize=525%2C300 1.5x, https:\/\/i0.wp.com\/www.24baires.com\/wp-content\/uploads\/2018\/12\/anses.jpg?resize=700%2C400 2x"},"classes":[]},{"id":115059,"url":"https:\/\/www.24baires.com\/?p=115059","url_meta":{"origin":120085,"position":1},"title":"La jubilaci\u00f3n m\u00ednima ser\u00e1 de $16.864 desde junio","author":"AF","date":"18\/05\/2020","format":false,"excerpt":"El aumento ser\u00e1 del 6,12 por ciento para los jubilados y pensionados. Ese incremento tambi\u00e9n se aplicar\u00e1 a pensiones no contributivas, a las asignaciones familiares y a la asignaci\u00f3n universal por hijo y por embarazo, por lo que alcanzar\u00e1 a 16 millones de personas. El Gobierno anunci\u00f3 c\u00f3mo ser\u00e1 el\u2026","rel":"","context":"En \u00abSociedad\u00bb","block_context":{"text":"Sociedad","link":"https:\/\/www.24baires.com\/?cat=1"},"img":{"alt_text":"","src":"https:\/\/i0.wp.com\/www.24baires.com\/wp-content\/uploads\/2020\/05\/Raverta.jpg?resize=350%2C200","width":350,"height":200,"srcset":"https:\/\/i0.wp.com\/www.24baires.com\/wp-content\/uploads\/2020\/05\/Raverta.jpg?resize=350%2C200 1x, https:\/\/i0.wp.com\/www.24baires.com\/wp-content\/uploads\/2020\/05\/Raverta.jpg?resize=525%2C300 1.5x"},"classes":[]},{"id":120274,"url":"https:\/\/www.24baires.com\/?p=120274","url_meta":{"origin":120085,"position":2},"title":"Massa y Raverta anunciaron nuevos cr\u00e9ditos de hasta $400 mil para jubilados y pensionados","author":"AF","date":"11\/07\/2023","format":false,"excerpt":"El ministro de Econom\u00eda y la directora ejecutiva de Anses anunciaron nuevos cr\u00e9ditos de ese organismo de hasta $ 400.000 para jubilados y pensionados, con una Tasa Nominal Actual del 29%, la m\u00e1s baja del mercado. En todas las prestaciones se mantiene la posibilidad de seleccionar la devoluci\u00f3n en 24,\u2026","rel":"","context":"En \u00abSociedad\u00bb","block_context":{"text":"Sociedad","link":"https:\/\/www.24baires.com\/?cat=1"},"img":{"alt_text":"","src":"https:\/\/i0.wp.com\/www.24baires.com\/wp-content\/uploads\/2023\/07\/WhatsApp-Image-2023-07-11-at-19.38.56.jpeg?resize=350%2C200","width":350,"height":200,"srcset":"https:\/\/i0.wp.com\/www.24baires.com\/wp-content\/uploads\/2023\/07\/WhatsApp-Image-2023-07-11-at-19.38.56.jpeg?resize=350%2C200 1x, https:\/\/i0.wp.com\/www.24baires.com\/wp-content\/uploads\/2023\/07\/WhatsApp-Image-2023-07-11-at-19.38.56.jpeg?resize=525%2C300 1.5x, https:\/\/i0.wp.com\/www.24baires.com\/wp-content\/uploads\/2023\/07\/WhatsApp-Image-2023-07-11-at-19.38.56.jpeg?resize=700%2C400 2x"},"classes":[]},{"id":120614,"url":"https:\/\/www.24baires.com\/?p=120614","url_meta":{"origin":120085,"position":3},"title":"Massa buscar\u00e1 darles \u00abuna jubilaci\u00f3n digna\u00bb a las \u00abv\u00edctimas del sistema AFJP\u00bb","author":"AF","date":"02\/11\/2023","format":false,"excerpt":"El ministro de Econom\u00eda y candidato presidencial de Uni\u00f3n por la Patria llam\u00f3 a \"defender el sistema de jubilaci\u00f3n solidario y la posibilidad de tener entre generaciones un pacto\". Particip\u00f3 junto con la titular de Anses de un seminario con jubilados en Mar del Plata. l ministro de Econom\u00eda y\u2026","rel":"","context":"En \u00abPol\u00edtica\u00bb","block_context":{"text":"Pol\u00edtica","link":"https:\/\/www.24baires.com\/?cat=51"},"img":{"alt_text":"","src":"https:\/\/i0.wp.com\/www.24baires.com\/wp-content\/uploads\/2023\/11\/WhatsApp-Image-2023-11-03-at-00.24.50.jpeg?resize=350%2C200","width":350,"height":200,"srcset":"https:\/\/i0.wp.com\/www.24baires.com\/wp-content\/uploads\/2023\/11\/WhatsApp-Image-2023-11-03-at-00.24.50.jpeg?resize=350%2C200 1x, https:\/\/i0.wp.com\/www.24baires.com\/wp-content\/uploads\/2023\/11\/WhatsApp-Image-2023-11-03-at-00.24.50.jpeg?resize=525%2C300 1.5x, https:\/\/i0.wp.com\/www.24baires.com\/wp-content\/uploads\/2023\/11\/WhatsApp-Image-2023-11-03-at-00.24.50.jpeg?resize=700%2C400 2x"},"classes":[]},{"id":118713,"url":"https:\/\/www.24baires.com\/?p=118713","url_meta":{"origin":120085,"position":4},"title":"Jubilados y pensionados cobrar\u00e1n un bono de 6 mil pesos","author":"AF","date":"04\/04\/2022","format":false,"excerpt":"As\u00ed lo difundi\u00f3 Alberto Fern\u00e1ndez mediante un video publicado en su perfil de la red social Twitter, en el que se lo ve junto a la titular de la Anses, Fernanda Raverta, quien detalla que el pago se har\u00e1 a partir del 18 de abril. El Gobierno nacional pagar\u00e1 un\u2026","rel":"","context":"En \u00abSociedad\u00bb","block_context":{"text":"Sociedad","link":"https:\/\/www.24baires.com\/?cat=1"},"img":{"alt_text":"","src":"https:\/\/i0.wp.com\/www.24baires.com\/wp-content\/uploads\/2020\/04\/jubilados.jpg?resize=350%2C200","width":350,"height":200,"srcset":"https:\/\/i0.wp.com\/www.24baires.com\/wp-content\/uploads\/2020\/04\/jubilados.jpg?resize=350%2C200 1x, https:\/\/i0.wp.com\/www.24baires.com\/wp-content\/uploads\/2020\/04\/jubilados.jpg?resize=525%2C300 1.5x"},"classes":[]},{"id":116730,"url":"https:\/\/www.24baires.com\/?p=116730","url_meta":{"origin":120085,"position":5},"title":"Las jubilaciones aumentar\u00e1n 5% en diciembre y completar\u00e1n 35,5% anual","author":"AF","date":"18\/11\/2020","format":false,"excerpt":"As\u00ed lo anunciaron el jefe de Gabinete, Santiago Cafiero, y la titular de la Anses, Fernanda Raverta. El jefe de Gabinete, Santiago Cafiero, y la titular de la Anses, Fernanda Raverta, anunciaron un aumento jubilatorio para diciembre del 5% para todas las categor\u00edas de jubilados y pensionados, con lo cual\u2026","rel":"","context":"En \u00abSociedad\u00bb","block_context":{"text":"Sociedad","link":"https:\/\/www.24baires.com\/?cat=1"},"img":{"alt_text":"","src":"https:\/\/i0.wp.com\/www.24baires.com\/wp-content\/uploads\/2020\/04\/jubilados.jpg?resize=350%2C200","width":350,"height":200,"srcset":"https:\/\/i0.wp.com\/www.24baires.com\/wp-content\/uploads\/2020\/04\/jubilados.jpg?resize=350%2C200 1x, https:\/\/i0.wp.com\/www.24baires.com\/wp-content\/uploads\/2020\/04\/jubilados.jpg?resize=525%2C300 1.5x"},"classes":[]}],"jetpack_sharing_enabled":true,"jetpack_likes_enabled":true,"_links":{"self":[{"href":"https:\/\/www.24baires.com\/index.php?rest_route=\/wp\/v2\/posts\/120085","targetHints":{"allow":["GET"]}}],"collection":[{"href":"https:\/\/www.24baires.com\/index.php?rest_route=\/wp\/v2\/posts"}],"about":[{"href":"https:\/\/www.24baires.com\/index.php?rest_route=\/wp\/v2\/types\/post"}],"author":[{"embeddable":true,"href":"https:\/\/www.24baires.com\/index.php?rest_route=\/wp\/v2\/users\/4"}],"replies":[{"embeddable":true,"href":"https:\/\/www.24baires.com\/index.php?rest_route=%2Fwp%2Fv2%2Fcomments&post=120085"}],"version-history":[{"count":1,"href":"https:\/\/www.24baires.com\/index.php?rest_route=\/wp\/v2\/posts\/120085\/revisions"}],"predecessor-version":[{"id":120087,"href":"https:\/\/www.24baires.com\/index.php?rest_route=\/wp\/v2\/posts\/120085\/revisions\/120087"}],"wp:attachment":[{"href":"https:\/\/www.24baires.com\/index.php?rest_route=%2Fwp%2Fv2%2Fmedia&parent=120085"}],"wp:term":[{"taxonomy":"category","embeddable":true,"href":"https:\/\/www.24baires.com\/index.php?rest_route=%2Fwp%2Fv2%2Fcategories&post=120085"},{"taxonomy":"post_tag","embeddable":true,"href":"https:\/\/www.24baires.com\/index.php?rest_route=%2Fwp%2Fv2%2Ftags&post=120085"}],"curies":[{"name":"wp","href":"https:\/\/api.w.org\/{rel}","templated":true}]}}