{"id":120083,"date":"2023-05-09T08:55:38","date_gmt":"2023-05-09T11:55:38","guid":{"rendered":"http:\/\/www.24baires.com\/?p=120083"},"modified":"2023-05-09T08:55:38","modified_gmt":"2023-05-09T11:55:38","slug":"empresas-de-telecomunicaciones-podran-aumentar-hasta-un-45","status":"publish","type":"post","link":"https:\/\/www.24baires.com\/?p=120083","title":{"rendered":"Empresas de telecomunicaciones podr\u00e1n aumentar hasta un 4,5%"},"content":{"rendered":"<p><img data-recalc-dims=\"1\" loading=\"lazy\" decoding=\"async\" class=\"aligncenter wp-image-119624\" src=\"https:\/\/i0.wp.com\/www.24baires.com\/wp-content\/uploads\/2022\/12\/celular.jpg?resize=720%2C405\" alt=\"\" width=\"720\" height=\"405\" srcset=\"https:\/\/i0.wp.com\/www.24baires.com\/wp-content\/uploads\/2022\/12\/celular.jpg?w=1200&amp;ssl=1 1200w, https:\/\/i0.wp.com\/www.24baires.com\/wp-content\/uploads\/2022\/12\/celular.jpg?resize=300%2C169&amp;ssl=1 300w, https:\/\/i0.wp.com\/www.24baires.com\/wp-content\/uploads\/2022\/12\/celular.jpg?resize=1024%2C576&amp;ssl=1 1024w, https:\/\/i0.wp.com\/www.24baires.com\/wp-content\/uploads\/2022\/12\/celular.jpg?resize=768%2C432&amp;ssl=1 768w\" sizes=\"auto, (max-width: 720px) 100vw, 720px\" \/>El ENACOM autoriz\u00f3 a las empresas de telecomunicaciones un esquema de aumentos que va desde mayo hasta diciembre.<!--more--><\/p>\n<p>A trav\u00e9s de una Resoluci\u00f3n publicada hoy en el Bolet\u00edn Oficial, el Ente Nacional de Comunicaciones (ENACOM) autoriz\u00f3 un esquema de aumentos tarifarios para las empresas de telecomunicaciones. Los servicios de internet, tel\u00e9fono y televisi\u00f3n por cable podr\u00e1n subir hasta un 4,5% por mes desde mayo y hasta diciembre de 2023.<\/p>\n<p>\u00abSin desatender el di\u00e1logo con el sector, advirtiendo que el \u00faltimo incremento autorizado por este ENACOM fue de aplicaci\u00f3n sucesiva y mensual en el per\u00edodo comprendido entre enero y abril de 2023; corresponde autorizar nuevos incrementos con similar aplicaci\u00f3n a partir de mayo y hasta diciembre de 2023, evaluados en el contexto econ\u00f3mico y dificultades que se atraviesan para todos los actores involucrados, prestadoras y p\u00fablico usuario\u00bb, reza el texto firmado por el titular del organismo, Claudio Ambrosini.<\/p>\n<p>\u00abSiguiendo ese temperamento, los requerimientos de nuevos aumentos se fundamentan a partir de los mayores costos y el impacto de las oscilaciones de las principales variables econ\u00f3micas en la operatoria de las Licenciatarias durante los meses transcurridos desde el inicio de la reglamentaci\u00f3n de precios minoristas\u00bb, a\u00f1adi\u00f3.<\/p>\n<p>En tanto, indic\u00f3: \u00abA partir del primer d\u00eda de cada mes posterior a mayo de 2023, sucesivamente y hasta diciembre de 2023 inclusive, las licenciatarias aludidas podr\u00e1n aplicar un nuevo incremento mensual en un porcentaje de hasta el 4,5% sobre los mismos precios, tomando como referencia los valores actualizados al \u00faltimo d\u00eda del mes anterior\u00bb.<\/p>\n<p>\u00abCualquier incremento sobre los precios minoristas que hubiese sido aplicado por las Licenciatarias de Servicios de TIC o DTH (TV Satelital) y que supere los valores expresamente autorizados (&#8230;) deber\u00e1 ser reintegrado a sus usuarios y usuarias en la pr\u00f3xima factura a emitir, con actualizaci\u00f3n e intereses sujetos a la misma tasa de inter\u00e9s que aplican a sus clientes por mora en el pago de facturas\u00bb, expres\u00f3 el texto.<\/p>\n<p>\u00abEn aquellos casos en los que alg\u00fan usuario o usuaria no abonare su factura con incrementos superiores a los autorizados, las prestadoras deber\u00e1n abstenerse de computar los plazos legales vigentes para proceder a la suspensi\u00f3n del servicio ni aplicar, con causa en dichas facturas, las dem\u00e1s disposiciones vigentes\u00bb, finaliz\u00f3.<\/p>\n<p>Previo a esta normativa, el \u00faltimo aumento autorizado hab\u00eda sido el de la Resoluci\u00f3n 2494\/2022, en la que le daba permiso a las licenciatarias a aplicar una suba en precios minoristas de hasta 4% desde el 1\u00ba de enero de 2023, sobre el valor vigente al 31 de diciembre de 2022.<\/p>\n","protected":false},"excerpt":{"rendered":"<p>El ENACOM autoriz\u00f3 a las empresas de telecomunicaciones un esquema de aumentos que va desde mayo hasta diciembre.<\/p>\n","protected":false},"author":8,"featured_media":0,"comment_status":"closed","ping_status":"closed","sticky":false,"template":"","format":"standard","meta":{"_jetpack_newsletter_access":"","_jetpack_dont_email_post_to_subs":false,"_jetpack_newsletter_tier_id":0,"_jetpack_memberships_contains_paywalled_content":false,"_jetpack_memberships_contains_paid_content":false,"footnotes":""},"categories":[45],"tags":[],"class_list":["post-120083","post","type-post","status-publish","format-standard","hentry","category-economia"],"jetpack_featured_media_url":"","jetpack_shortlink":"https:\/\/wp.me\/p2JWE0-veP","jetpack-related-posts":[{"id":117494,"url":"https:\/\/www.24baires.com\/?p=117494","url_meta":{"origin":120083,"position":0},"title":"Vuelven a aumentar los celulares","author":"GB","date":"28\/04\/2021","format":false,"excerpt":"Lejos de las pretensiones del Gobierno, las empresas desoyen a Enacom y subir\u00e1n muy por encima de la meta inflacionaria cuando a\u00fan restar\u00e1 un semestre para que finalice el a\u00f1o. Otra vez vuelven a subir los planes de celulares y tambi\u00e9n lo har\u00e1n los servicios de televisi\u00f3n paga e internet.\u2026","rel":"","context":"En \u00abConsumidores\u00bb","block_context":{"text":"Consumidores","link":"https:\/\/www.24baires.com\/?cat=78"},"img":{"alt_text":"","src":"https:\/\/i0.wp.com\/www.24baires.com\/wp-content\/uploads\/2014\/06\/celular.jpg?resize=350%2C200","width":350,"height":200,"srcset":"https:\/\/i0.wp.com\/www.24baires.com\/wp-content\/uploads\/2014\/06\/celular.jpg?resize=350%2C200 1x, https:\/\/i0.wp.com\/www.24baires.com\/wp-content\/uploads\/2014\/06\/celular.jpg?resize=525%2C300 1.5x"},"classes":[]},{"id":117221,"url":"https:\/\/www.24baires.com\/?p=117221","url_meta":{"origin":120083,"position":1},"title":"El Gobierno autoriz\u00f3 aumentos en internet, telefon\u00eda y TV","author":"GB","date":"23\/02\/2021","format":false,"excerpt":"El Ente Nacional de Comunicaciones (Enacom) habilit\u00f3 nuevos aumentos para el servicio de internet, telefon\u00eda fija y TV paga. El Gobierno nacional dio a conocer este martes que autoriz\u00f3 aumentos de entre 5% y 7,5% a partir de marzo en las tarifas los servicios de telefon\u00eda fija, internet y TV\u2026","rel":"","context":"En \u00abPol\u00edtica\u00bb","block_context":{"text":"Pol\u00edtica","link":"https:\/\/www.24baires.com\/?cat=51"},"img":{"alt_text":"","src":"https:\/\/i0.wp.com\/www.24baires.com\/wp-content\/uploads\/2014\/09\/compu-hacker-pc-internet-300x225.jpg?resize=350%2C200","width":350,"height":200},"classes":[]},{"id":81931,"url":"https:\/\/www.24baires.com\/?p=81931","url_meta":{"origin":120083,"position":2},"title":"Cablevisi\u00f3n ya puede dar telefon\u00eda fija","author":"GB","date":"26\/04\/2016","format":false,"excerpt":"Fibertel puede transferir a la empresa de tv paga la licencia de telecomunicaciones obtenida en 2002. Lo permiti\u00f3 el Enacom. A trav\u00e9s de la resoluci\u00f3n 1359 del ENACOM (Ente Nacional de Comunicaciones) se habilit\u00f3 a Cablevisi\u00f3n para para ofrecer servicios de telecomunicaciones incluyendo transmisi\u00f3n de datos, aviso a personas, videoconferencia,\u2026","rel":"","context":"En \u00abMedios\u00bb","block_context":{"text":"Medios","link":"https:\/\/www.24baires.com\/?cat=54"},"img":{"alt_text":"cablevisi\u00f3n","src":"https:\/\/i0.wp.com\/www.24baires.com\/wp-content\/uploads\/2012\/12\/cablevisi%C3%B3n1.jpg?resize=350%2C200","width":350,"height":200,"srcset":"https:\/\/i0.wp.com\/www.24baires.com\/wp-content\/uploads\/2012\/12\/cablevisi%C3%B3n1.jpg?resize=350%2C200 1x, https:\/\/i0.wp.com\/www.24baires.com\/wp-content\/uploads\/2012\/12\/cablevisi%C3%B3n1.jpg?resize=525%2C300 1.5x"},"classes":[]},{"id":91298,"url":"https:\/\/www.24baires.com\/?p=91298","url_meta":{"origin":120083,"position":3},"title":"Buscar\u00e1n asignar nuevas frecuencias de comunicaciones m\u00f3viles","author":"AF","date":"03\/01\/2017","format":false,"excerpt":"En un plazo no mayor a seis meses el Enacom convocar\u00e1 a empresas para la asignaci\u00f3n de nuevas bandas para los servicios de comunicaciones m\u00f3viles. Hoy se public\u00f3 el decreto que establece los plazos. En el Bolet\u00edn Oficial de hoy se public\u00f3 el Decreto 1340\/2016 -dado a conocer el viernes\u2026","rel":"","context":"En \u00abSociedad\u00bb","block_context":{"text":"Sociedad","link":"https:\/\/www.24baires.com\/?cat=1"},"img":{"alt_text":"","src":"https:\/\/i0.wp.com\/www.24baires.com\/wp-content\/uploads\/2012\/09\/celulares-cooperativos.jpg?resize=350%2C200","width":350,"height":200,"srcset":"https:\/\/i0.wp.com\/www.24baires.com\/wp-content\/uploads\/2012\/09\/celulares-cooperativos.jpg?resize=350%2C200 1x, https:\/\/i0.wp.com\/www.24baires.com\/wp-content\/uploads\/2012\/09\/celulares-cooperativos.jpg?resize=525%2C300 1.5x"},"classes":[]},{"id":116810,"url":"https:\/\/www.24baires.com\/?p=116810","url_meta":{"origin":120083,"position":4},"title":"Enero traer\u00e1 subas de hasta el 20% en la tarifa de cable, internet y telefon\u00eda","author":"GB","date":"02\/12\/2020","format":false,"excerpt":"Las compa\u00f1\u00edas que proveen los servicios argumentaron que la decisi\u00f3n responde a \u201clos incrementos que no pudieron realizar\u201d durante la mayor parte de este a\u00f1o. Las empresas proveedoras de los servicios de Internet, televisi\u00f3n por cable y telefon\u00eda fija y m\u00f3vil advirti\u00f3 a sus usuarios que enero llegar\u00e1 con aumentos\u2026","rel":"","context":"En \u00abConsumidores\u00bb","block_context":{"text":"Consumidores","link":"https:\/\/www.24baires.com\/?cat=78"},"img":{"alt_text":"","src":"https:\/\/i0.wp.com\/www.24baires.com\/wp-content\/uploads\/2014\/06\/celular.jpg?resize=350%2C200","width":350,"height":200,"srcset":"https:\/\/i0.wp.com\/www.24baires.com\/wp-content\/uploads\/2014\/06\/celular.jpg?resize=350%2C200 1x, https:\/\/i0.wp.com\/www.24baires.com\/wp-content\/uploads\/2014\/06\/celular.jpg?resize=525%2C300 1.5x"},"classes":[]},{"id":121286,"url":"https:\/\/www.24baires.com\/?p=121286","url_meta":{"origin":120083,"position":5},"title":"El Gobierno nacional autoriz\u00f3 aumentos del 93% en abril y 114% en mayo en Prepagas","author":"GB","date":"03\/05\/2024","format":false,"excerpt":"Mientras las cl\u00ednicas empiezan a dejar de atender a los afiliados de las prepagas, el gobierno de Javier Milei difundi\u00f3 c\u00f3mo se deber\u00e1n ajustar las cuotas y convalid\u00f3 aumentos del 93,3% en abril y 114% en mayo. El Gobierno nacional anunci\u00f3 c\u00f3mo se deber\u00e1n ajustar las cuotas de las prepagas:\u2026","rel":"","context":"En \u00abPol\u00edtica\u00bb","block_context":{"text":"Pol\u00edtica","link":"https:\/\/www.24baires.com\/?cat=51"},"img":{"alt_text":"","src":"https:\/\/i0.wp.com\/www.24baires.com\/wp-content\/uploads\/2017\/10\/prepaga.jpg?resize=350%2C200","width":350,"height":200,"srcset":"https:\/\/i0.wp.com\/www.24baires.com\/wp-content\/uploads\/2017\/10\/prepaga.jpg?resize=350%2C200 1x, https:\/\/i0.wp.com\/www.24baires.com\/wp-content\/uploads\/2017\/10\/prepaga.jpg?resize=525%2C300 1.5x, https:\/\/i0.wp.com\/www.24baires.com\/wp-content\/uploads\/2017\/10\/prepaga.jpg?resize=700%2C400 2x"},"classes":[]}],"jetpack_sharing_enabled":true,"jetpack_likes_enabled":true,"_links":{"self":[{"href":"https:\/\/www.24baires.com\/index.php?rest_route=\/wp\/v2\/posts\/120083","targetHints":{"allow":["GET"]}}],"collection":[{"href":"https:\/\/www.24baires.com\/index.php?rest_route=\/wp\/v2\/posts"}],"about":[{"href":"https:\/\/www.24baires.com\/index.php?rest_route=\/wp\/v2\/types\/post"}],"author":[{"embeddable":true,"href":"https:\/\/www.24baires.com\/index.php?rest_route=\/wp\/v2\/users\/8"}],"replies":[{"embeddable":true,"href":"https:\/\/www.24baires.com\/index.php?rest_route=%2Fwp%2Fv2%2Fcomments&post=120083"}],"version-history":[{"count":1,"href":"https:\/\/www.24baires.com\/index.php?rest_route=\/wp\/v2\/posts\/120083\/revisions"}],"predecessor-version":[{"id":120084,"href":"https:\/\/www.24baires.com\/index.php?rest_route=\/wp\/v2\/posts\/120083\/revisions\/120084"}],"wp:attachment":[{"href":"https:\/\/www.24baires.com\/index.php?rest_route=%2Fwp%2Fv2%2Fmedia&parent=120083"}],"wp:term":[{"taxonomy":"category","embeddable":true,"href":"https:\/\/www.24baires.com\/index.php?rest_route=%2Fwp%2Fv2%2Fcategories&post=120083"},{"taxonomy":"post_tag","embeddable":true,"href":"https:\/\/www.24baires.com\/index.php?rest_route=%2Fwp%2Fv2%2Ftags&post=120083"}],"curies":[{"name":"wp","href":"https:\/\/api.w.org\/{rel}","templated":true}]}}