{"id":120074,"date":"2023-05-05T20:49:20","date_gmt":"2023-05-05T23:49:20","guid":{"rendered":"http:\/\/www.24baires.com\/?p=120074"},"modified":"2023-05-05T22:52:57","modified_gmt":"2023-05-06T01:52:57","slug":"ya-esta-disponible-el-padron-electoral-para-verificar-datos","status":"publish","type":"post","link":"https:\/\/www.24baires.com\/?p=120074","title":{"rendered":"Ya est\u00e1 disponible el padr\u00f3n electoral para verificar datos"},"content":{"rendered":"<p><img data-recalc-dims=\"1\" loading=\"lazy\" decoding=\"async\" class=\"aligncenter wp-image-112981\" src=\"https:\/\/i0.wp.com\/www.24baires.com\/wp-content\/uploads\/2019\/11\/padrones.png?resize=720%2C462\" alt=\"\" width=\"720\" height=\"462\" srcset=\"https:\/\/i0.wp.com\/www.24baires.com\/wp-content\/uploads\/2019\/11\/padrones.png?w=560&amp;ssl=1 560w, https:\/\/i0.wp.com\/www.24baires.com\/wp-content\/uploads\/2019\/11\/padrones.png?resize=300%2C192&amp;ssl=1 300w\" sizes=\"auto, (max-width: 720px) 100vw, 720px\" \/>Los ciudadanos y ciudadanas inscriptos para votar en las PASO del 13 de agosto y las elecciones generales del 22 de octubre ya pueden ingresar al sitio habilitado por la Justicia Nacional Electoral para revisar sus datos y buscar d\u00f3nde votan.<!--more--><\/p>\n<p>El calendario electoral 2023 ya est\u00e1 en marcha. Desde este viernes est\u00e1 disponible el <a href=\"https:\/\/www.padron.gob.ar\/\">padr\u00f3n provisorio<\/a> elaborado por la C\u00e1mara Nacional Electoral (CNE) donde las y los ciudadanos pueden consultar si est\u00e1n habilitados para votar y ver el circuito electoral y la secci\u00f3n electoral en la que le tocar\u00e1 votar. El padr\u00f3n provisorio incluye los cambios registrales notificados hasta el 25 de abril de 2023. El dato de la mesa de votaci\u00f3n aparecer\u00e1 en el padr\u00f3n definitivo.<\/p>\n<p>La siguiente fecha l\u00edmite es el 14 de junio, cuando vence el plazo para la presentaci\u00f3n de las alianzas electorales, mientras que el 24 de junio es el fin del plazo para la presentaci\u00f3n de listas de precandidatos y el inicio de la campa\u00f1a electoral de cara a las PASO.<\/p>\n<p>En tanto, el 19 de julio comienza la prohibici\u00f3n de actos p\u00fablicos susceptibles de promover la captaci\u00f3n del sufragio, el 11 de agosto la veda electoral, el 13 de ese mes tendr\u00e1n lugar las primarias y en las siguientes 48 horas se realizar\u00e1 el escrutinio definitivo.<\/p>\n<p>Elecciones 2023: \u00bfQu\u00e9 se vota en Argentina?<br \/>\nAdem\u00e1s de votar al pr\u00f3ximo presidente y vicepresidente, este a\u00f1o se dirimir\u00e1n los cargos de jefe de Gobierno de la Ciudad de Buenos Aires y los gobernadores de 21 provincias, dado que los mandatarios de Santiago del Estero y Corrientes fueron electos en 2021.<\/p>\n<p>Tambi\u00e9n la renovaci\u00f3n en el Congreso: se elegir\u00e1n 130 diputados nacionales, la mitad de la C\u00e1mara baja, y 24 senadores nacionales, un tercio de la C\u00e1mara alta. Adem\u00e1s, nuevos cargos de legisladores provinciales, intendentes y concejales municipales.<\/p>\n<p>Fuente: P\u00e1gina 12<\/p>\n","protected":false},"excerpt":{"rendered":"<p>Los ciudadanos y ciudadanas inscriptos para votar en las PASO del 13 de agosto y las elecciones generales del 22 de octubre ya pueden ingresar al sitio habilitado por la Justicia Nacional Electoral para revisar sus datos y buscar d\u00f3nde votan.<\/p>\n","protected":false},"author":4,"featured_media":0,"comment_status":"closed","ping_status":"closed","sticky":false,"template":"","format":"standard","meta":{"_jetpack_newsletter_access":"","_jetpack_dont_email_post_to_subs":false,"_jetpack_newsletter_tier_id":0,"_jetpack_memberships_contains_paywalled_content":false,"_jetpack_memberships_contains_paid_content":false,"footnotes":""},"categories":[1],"tags":[],"class_list":["post-120074","post","type-post","status-publish","format-standard","hentry","category-sociedad"],"jetpack_featured_media_url":"","jetpack_shortlink":"https:\/\/wp.me\/p2JWE0-veG","jetpack-related-posts":[{"id":108570,"url":"https:\/\/www.24baires.com\/?p=108570","url_meta":{"origin":120074,"position":0},"title":"Incorporan al padr\u00f3n a un mill\u00f3n y medio de electores","author":"AF","date":"04\/06\/2019","format":false,"excerpt":"El plazo para reclamar por la no inclusi\u00f3n en el padr\u00f3n debi\u00f3 ampliarse ante la gran cantidad de j\u00f3venes que no figuraban en el listado publicado el 10 de mayo. El Registro Nacional de las Personas (Renaper) inform\u00f3 este martes que incorpor\u00f3 al padr\u00f3n electoral a un mill\u00f3n y medio\u2026","rel":"","context":"En \u00abSociedad\u00bb","block_context":{"text":"Sociedad","link":"https:\/\/www.24baires.com\/?cat=1"},"img":{"alt_text":"","src":"https:\/\/i0.wp.com\/www.24baires.com\/wp-content\/uploads\/2013\/05\/padr%C3%B3n-electoral.jpg?resize=350%2C200","width":350,"height":200,"srcset":"https:\/\/i0.wp.com\/www.24baires.com\/wp-content\/uploads\/2013\/05\/padr%C3%B3n-electoral.jpg?resize=350%2C200 1x, https:\/\/i0.wp.com\/www.24baires.com\/wp-content\/uploads\/2013\/05\/padr%C3%B3n-electoral.jpg?resize=525%2C300 1.5x"},"classes":[]},{"id":111149,"url":"https:\/\/www.24baires.com\/?p=111149","url_meta":{"origin":120074,"position":1},"title":"Habilitan el padr\u00f3n electoral para las PASO","author":"GB","date":"12\/07\/2019","format":false,"excerpt":"A menos de un mes de las PASO, la C\u00e1mara Nacional Electoral dio a conocer el padr\u00f3n electoral definitivo. La C\u00e1mara Nacional Electoral (CNE) habilit\u00f3 el padr\u00f3n electoral definitivo que se utilizar\u00e1 por primera vez en las PASO del domingo 11 de agosto. Ingres\u00e1 aqu\u00ed para saber d\u00f3nde vot\u00e1s. El\u2026","rel":"","context":"En \u00abPol\u00edtica\u00bb","block_context":{"text":"Pol\u00edtica","link":"https:\/\/www.24baires.com\/?cat=51"},"img":{"alt_text":"","src":"https:\/\/i0.wp.com\/www.24baires.com\/wp-content\/uploads\/2015\/08\/urnas.jpg?resize=350%2C200","width":350,"height":200,"srcset":"https:\/\/i0.wp.com\/www.24baires.com\/wp-content\/uploads\/2015\/08\/urnas.jpg?resize=350%2C200 1x, https:\/\/i0.wp.com\/www.24baires.com\/wp-content\/uploads\/2015\/08\/urnas.jpg?resize=525%2C300 1.5x"},"classes":[]},{"id":108372,"url":"https:\/\/www.24baires.com\/?p=108372","url_meta":{"origin":120074,"position":2},"title":"M\u00e1s de 400 mil j\u00f3venes afuera del padr\u00f3n por un \u00aberror\u00bb","author":"AF","date":"24\/05\/2019","format":false,"excerpt":"Se estima que involucra a unos 430 mil j\u00f3venes. En la Capital el tr\u00e1mite de inscripci\u00f3n se puede hacer online. La C\u00e1mara Electoral dijo que trabaja en el problema. El esc\u00e1ndalo de los miles de j\u00f3venes de 16 y 17 a\u00f1os que no figuran en los padrones electorales por \u201cun\u2026","rel":"","context":"En \u00abSociedad\u00bb","block_context":{"text":"Sociedad","link":"https:\/\/www.24baires.com\/?cat=1"},"img":{"alt_text":"","src":"https:\/\/i0.wp.com\/www.24baires.com\/wp-content\/uploads\/2013\/05\/padr%C3%B3n-electoral.jpg?resize=350%2C200","width":350,"height":200,"srcset":"https:\/\/i0.wp.com\/www.24baires.com\/wp-content\/uploads\/2013\/05\/padr%C3%B3n-electoral.jpg?resize=350%2C200 1x, https:\/\/i0.wp.com\/www.24baires.com\/wp-content\/uploads\/2013\/05\/padr%C3%B3n-electoral.jpg?resize=525%2C300 1.5x"},"classes":[]},{"id":108390,"url":"https:\/\/www.24baires.com\/?p=108390","url_meta":{"origin":120074,"position":3},"title":"Para el massismo no se incluy\u00f3 a los j\u00f3venes en el padr\u00f3n porque \u201ca Macri y Vidal no les conviene que voten\u201d","author":"GB","date":"25\/05\/2019","format":false,"excerpt":"Que haya m\u00e1s de un mill\u00f3n de j\u00f3venes de entre 15 y 20 a\u00f1os no incluidos en el padr\u00f3n electoral desat\u00f3 un esc\u00e1ndalo en medio de la campa\u00f1a electoral. Ahora desde el espacio liderado por Sergio Massa apuntaron contra el oficialismo. M\u00e1s de un mill\u00f3n de j\u00f3venes de entre 15\u2026","rel":"","context":"En \u00abPol\u00edtica\u00bb","block_context":{"text":"Pol\u00edtica","link":"https:\/\/www.24baires.com\/?cat=51"},"img":{"alt_text":"","src":"https:\/\/i0.wp.com\/www.24baires.com\/wp-content\/uploads\/2013\/06\/URNAS-VOTOS-300x200.jpg?resize=350%2C200","width":350,"height":200},"classes":[]},{"id":110856,"url":"https:\/\/www.24baires.com\/?p=110856","url_meta":{"origin":120074,"position":4},"title":"Republican los padrones provisorios","author":"GB","date":"19\/06\/2019","format":false,"excerpt":"Se podr\u00e1n consultar a partir de este jueves para verificar el ingreso de los j\u00f3venes con opci\u00f3n a sufragar. Los definitivos se conocer\u00e1n el 12 de julio. Los padrones provisorios que se utilizar\u00e1n en las elecciones de este a\u00f1o volver\u00e1n a ser publicados a partir de este jueves y durante\u2026","rel":"","context":"En \u00abElecciones\u00bb","block_context":{"text":"Elecciones","link":"https:\/\/www.24baires.com\/?cat=316"},"img":{"alt_text":"","src":"https:\/\/i0.wp.com\/www.24baires.com\/wp-content\/uploads\/2013\/08\/urna3.jpg?resize=350%2C200","width":350,"height":200,"srcset":"https:\/\/i0.wp.com\/www.24baires.com\/wp-content\/uploads\/2013\/08\/urna3.jpg?resize=350%2C200 1x, https:\/\/i0.wp.com\/www.24baires.com\/wp-content\/uploads\/2013\/08\/urna3.jpg?resize=525%2C300 1.5x"},"classes":[]},{"id":112705,"url":"https:\/\/www.24baires.com\/?p=112705","url_meta":{"origin":120074,"position":5},"title":"La C\u00e1mara Electoral desmiente irregularidades","author":"AF","date":"27\/10\/2019","format":false,"excerpt":"\"Los fiscales est\u00e1n siendo muy r\u00edgidos en el desempe\u00f1o de su lavor, pero no genera mayores contratiempos\", afirm\u00f3 Sebasti\u00e1n Schimmel, secretario C\u00e1mara Nacional Electoral. Asegur\u00f3 que las denuncias sobre el uso de documentos anteriores a los que figuran en el padr\u00f3n \"no pasan de ser una an\u00e9cdota en un conjunto\u2026","rel":"","context":"En \u00abELECCIONES 2019\u00bb","block_context":{"text":"ELECCIONES 2019","link":"https:\/\/www.24baires.com\/?cat=329"},"img":{"alt_text":"","src":"https:\/\/i0.wp.com\/www.24baires.com\/wp-content\/uploads\/2013\/08\/urna3.jpg?resize=350%2C200","width":350,"height":200,"srcset":"https:\/\/i0.wp.com\/www.24baires.com\/wp-content\/uploads\/2013\/08\/urna3.jpg?resize=350%2C200 1x, https:\/\/i0.wp.com\/www.24baires.com\/wp-content\/uploads\/2013\/08\/urna3.jpg?resize=525%2C300 1.5x"},"classes":[]}],"jetpack_sharing_enabled":true,"jetpack_likes_enabled":true,"_links":{"self":[{"href":"https:\/\/www.24baires.com\/index.php?rest_route=\/wp\/v2\/posts\/120074","targetHints":{"allow":["GET"]}}],"collection":[{"href":"https:\/\/www.24baires.com\/index.php?rest_route=\/wp\/v2\/posts"}],"about":[{"href":"https:\/\/www.24baires.com\/index.php?rest_route=\/wp\/v2\/types\/post"}],"author":[{"embeddable":true,"href":"https:\/\/www.24baires.com\/index.php?rest_route=\/wp\/v2\/users\/4"}],"replies":[{"embeddable":true,"href":"https:\/\/www.24baires.com\/index.php?rest_route=%2Fwp%2Fv2%2Fcomments&post=120074"}],"version-history":[{"count":1,"href":"https:\/\/www.24baires.com\/index.php?rest_route=\/wp\/v2\/posts\/120074\/revisions"}],"predecessor-version":[{"id":120075,"href":"https:\/\/www.24baires.com\/index.php?rest_route=\/wp\/v2\/posts\/120074\/revisions\/120075"}],"wp:attachment":[{"href":"https:\/\/www.24baires.com\/index.php?rest_route=%2Fwp%2Fv2%2Fmedia&parent=120074"}],"wp:term":[{"taxonomy":"category","embeddable":true,"href":"https:\/\/www.24baires.com\/index.php?rest_route=%2Fwp%2Fv2%2Fcategories&post=120074"},{"taxonomy":"post_tag","embeddable":true,"href":"https:\/\/www.24baires.com\/index.php?rest_route=%2Fwp%2Fv2%2Ftags&post=120074"}],"curies":[{"name":"wp","href":"https:\/\/api.w.org\/{rel}","templated":true}]}}