{"id":120047,"date":"2023-04-27T08:17:05","date_gmt":"2023-04-27T11:17:05","guid":{"rendered":"http:\/\/www.24baires.com\/?p=120047"},"modified":"2023-04-27T08:17:05","modified_gmt":"2023-04-27T11:17:05","slug":"sergio-massa-convocara-a-un-acuerdo-de-precios-y-salarios-por-90-dias","status":"publish","type":"post","link":"https:\/\/www.24baires.com\/?p=120047","title":{"rendered":"Sergio Massa convocar\u00e1 a un acuerdo de precios y salarios por 90 d\u00edas"},"content":{"rendered":"<p><img data-recalc-dims=\"1\" loading=\"lazy\" decoding=\"async\" class=\"aligncenter wp-image-120045\" src=\"https:\/\/i0.wp.com\/www.24baires.com\/wp-content\/uploads\/2023\/04\/argenchina.jpeg?resize=720%2C480\" alt=\"\" width=\"720\" height=\"480\" srcset=\"https:\/\/i0.wp.com\/www.24baires.com\/wp-content\/uploads\/2023\/04\/argenchina.jpeg?w=680&amp;ssl=1 680w, https:\/\/i0.wp.com\/www.24baires.com\/wp-content\/uploads\/2023\/04\/argenchina.jpeg?resize=300%2C200&amp;ssl=1 300w\" sizes=\"auto, (max-width: 720px) 100vw, 720px\" \/>Tras ponerle un freno a la corrida cambiaria, Sergio Massa se reuni\u00f3 junto a la c\u00fapula de la CGT y cont\u00f3 que realizar\u00e1 un acuerdo de precios y salarios.<!--more--><\/p>\n<p>Luego de una semana caliente en el mercado cambiario, el ministro de Econom\u00eda de la Naci\u00f3n, Sergio Massa, anunci\u00f3 este mi\u00e9rcoles que convocar\u00e1 a un acuerdo de precios y salarios por el periodo de tres meses con el fin de \u00abdar certidumbre\u00bb y estabilizar la econom\u00eda.<\/p>\n<p>El anuncio fue realizado en el marco de una reuni\u00f3n con la c\u00fapula de la Confederaci\u00f3n General del Trabajo (CGT), entre quienes se encontraban los dirigentes H\u00e9ctor Daer, Andres Rodr\u00edguez, Carlos Acu\u00f1a, Gerardo Mart\u00ednez, Jorge Sola, Jos\u00e9 Luis Lingeri y Armando Cavalieri.<\/p>\n<p>En el d\u00eda de ayer, el co titular de la CGT H\u00e9ctor Daer hab\u00eda llamado a ponerle fin \u00aba los especuladores\u00bb, en respaldo al Gobierno nacional en medio de la disparada del d\u00f3lar blue; mientras que el titular de UPCN nacional fue m\u00e1s expl\u00edcito y apoy\u00f3 la candidatura presidencial del titular del Palacio de Hacienda.<\/p>\n<p>Al respecto de la corrida cambiaria, Sergio Massa sostuvo ante los sindicalistas que \u201ces inexplicable que hoy haya intentos de remarcaci\u00f3n de precios sobre la base de lo que fue el aumento del d\u00f3lar blue, porque todos los que importan, importan a d\u00f3lar oficial en el mercado \u00fanico libre de cambio\u00bb.<\/p>\n<p>En esa l\u00ednea, el ministro se\u00f1al\u00f3 que el pr\u00f3ximo s\u00e1bado realizar\u00e1 una convocatoria a todos los sectores a una mesa de di\u00e1logo para diagramar un acuerdo que permita estabilizar la econom\u00eda, entre a quienes incluy\u00f3 al sector empresario.<\/p>\n<p>\u00abDe ac\u00e1 al viernes seguiremos trabajando en estabilizar los mercados y el funcionamiento macroecon\u00f3mico, para convocar el fin de semana a los empresarios para trabajar juntos para dar un sendero de 90 d\u00edas de estabilidad, para que la gente viva sin miedo y que sepa que el Estado cumple con su rol\u00bb, describi\u00f3.<\/p>\n<p>Y a\u00f1adi\u00f3: \u00abUna vez terminado el proceso de estabilizaci\u00f3n cuento con ustedes para sentarlos a la mesa junto con los empresarios para establecer el sendero de los pr\u00f3ximos 90 d\u00edas, para que no haya las trampas que algunos vivos trataron de realizar sobre versiones, rumores y que lo que termin\u00f3 haciendo es generar incertidumbre en la gente\u00bb.<\/p>\n<p>Adem\u00e1s, Sergio Massa le pidi\u00f3 el compromiso a los sindicalistas para hacer cumplir los acuerdos, y expres\u00f3: \u201cVamos a ser garantes, controladores, y les pedimos a ustedes que nos ayuden a ser garantes y controladores de que haya abastecimiento y cumplimiento de los acuerdos de precios\u201d.<\/p>\n","protected":false},"excerpt":{"rendered":"<p>Tras ponerle un freno a la corrida cambiaria, Sergio Massa se reuni\u00f3 junto a la c\u00fapula de la CGT y cont\u00f3 que realizar\u00e1 un acuerdo de precios y salarios.<\/p>\n","protected":false},"author":8,"featured_media":0,"comment_status":"closed","ping_status":"closed","sticky":false,"template":"","format":"standard","meta":{"_jetpack_newsletter_access":"","_jetpack_dont_email_post_to_subs":false,"_jetpack_newsletter_tier_id":0,"_jetpack_memberships_contains_paywalled_content":false,"_jetpack_memberships_contains_paid_content":false,"footnotes":""},"categories":[45],"tags":[],"class_list":["post-120047","post","type-post","status-publish","format-standard","hentry","category-economia"],"jetpack_featured_media_url":"","jetpack_shortlink":"https:\/\/wp.me\/p2JWE0-vef","jetpack-related-posts":[{"id":118909,"url":"https:\/\/www.24baires.com\/?p=118909","url_meta":{"origin":120047,"position":0},"title":"El nuevo piso de Ganancias ser\u00e1 de $280.792","author":"AF","date":"27\/05\/2022","format":false,"excerpt":"El anuncio lo hicieron Mart\u00edn Guzm\u00e1n, Sergio Massa y referentes de la CGT, tras una reuni\u00f3n con el Presidente. La medida entrar\u00e1 en vigencia en junio y, con la actualizaci\u00f3n, pagar\u00e1n el tributo \"1,2 millones menos trabajadores que en 2019\". El gobierno nacional anunci\u00f3 que el nuevo piso del Impuesto\u2026","rel":"","context":"En \u00abSociedad\u00bb","block_context":{"text":"Sociedad","link":"https:\/\/www.24baires.com\/?cat=1"},"img":{"alt_text":"","src":"https:\/\/i0.wp.com\/www.24baires.com\/wp-content\/uploads\/2022\/05\/6290ffc5d4d18_900.jpg?resize=350%2C200","width":350,"height":200,"srcset":"https:\/\/i0.wp.com\/www.24baires.com\/wp-content\/uploads\/2022\/05\/6290ffc5d4d18_900.jpg?resize=350%2C200 1x, https:\/\/i0.wp.com\/www.24baires.com\/wp-content\/uploads\/2022\/05\/6290ffc5d4d18_900.jpg?resize=525%2C300 1.5x, https:\/\/i0.wp.com\/www.24baires.com\/wp-content\/uploads\/2022\/05\/6290ffc5d4d18_900.jpg?resize=700%2C400 2x"},"classes":[]},{"id":112051,"url":"https:\/\/www.24baires.com\/?p=112051","url_meta":{"origin":120047,"position":1},"title":"Alberto Fern\u00e1ndez se reuni\u00f3 con la UIA y la CGT","author":"GB","date":"12\/09\/2019","format":false,"excerpt":"El candidato presidencial del Frente de Todos se junt\u00f3 con Miguel Acevedo, de la Uni\u00f3n Industrial Argentina; H\u00e9ctor Daer y el candidato a diputado nacional Sergio Massa. El m\u00e1s votado en las PASO apuesta a un acuerdo para recomponer el salario en lo que ser\u00eda el primer semestre de su\u2026","rel":"","context":"En \u00abPol\u00edtica\u00bb","block_context":{"text":"Pol\u00edtica","link":"https:\/\/www.24baires.com\/?cat=51"},"img":{"alt_text":"","src":"https:\/\/i0.wp.com\/www.24baires.com\/wp-content\/uploads\/2019\/09\/alberto-cgt.jpg?resize=350%2C200","width":350,"height":200,"srcset":"https:\/\/i0.wp.com\/www.24baires.com\/wp-content\/uploads\/2019\/09\/alberto-cgt.jpg?resize=350%2C200 1x, https:\/\/i0.wp.com\/www.24baires.com\/wp-content\/uploads\/2019\/09\/alberto-cgt.jpg?resize=525%2C300 1.5x"},"classes":[]},{"id":120296,"url":"https:\/\/www.24baires.com\/?p=120296","url_meta":{"origin":120047,"position":2},"title":"Massa: \u00abNuestro primer desaf\u00edo es mejorar el salario de los trabajadores\u00bb","author":"AF","date":"19\/07\/2023","format":false,"excerpt":"El precandidato a presidente y ministro de Econom\u00eda agradeci\u00f3 la invitaci\u00f3n de la CGT por su \"respaldo y acompa\u00f1amiento\" para las elecciones. Rossi, por su parte, afirm\u00f3 que la central obrera representa al sector que tienen que \"defender por excelencia\". El ministro de Econom\u00eda y precandidato presidencial por Uni\u00f3n por\u2026","rel":"","context":"En \u00abPol\u00edtica\u00bb","block_context":{"text":"Pol\u00edtica","link":"https:\/\/www.24baires.com\/?cat=51"},"img":{"alt_text":"","src":"https:\/\/i0.wp.com\/www.24baires.com\/wp-content\/uploads\/2023\/07\/WhatsApp-Image-2023-07-19-at-22.32.04.jpeg?resize=350%2C200","width":350,"height":200,"srcset":"https:\/\/i0.wp.com\/www.24baires.com\/wp-content\/uploads\/2023\/07\/WhatsApp-Image-2023-07-19-at-22.32.04.jpeg?resize=350%2C200 1x, https:\/\/i0.wp.com\/www.24baires.com\/wp-content\/uploads\/2023\/07\/WhatsApp-Image-2023-07-19-at-22.32.04.jpeg?resize=525%2C300 1.5x, https:\/\/i0.wp.com\/www.24baires.com\/wp-content\/uploads\/2023\/07\/WhatsApp-Image-2023-07-19-at-22.32.04.jpeg?resize=700%2C400 2x"},"classes":[]},{"id":94540,"url":"https:\/\/www.24baires.com\/?p=94540","url_meta":{"origin":120047,"position":3},"title":"\u00abNo vamos a permitir que para competir tengamos que trabajar por un plato de arroz\u00bb","author":"AF","date":"16\/05\/2017","format":false,"excerpt":"El integrante del triunvirato que conduce la CGT, H\u00e9ctor Daer, cr\u00edtic\u00f3 que la gira del presidente Mauricio Macri sea en b\u00fasqueda de \"comercio\" con pa\u00edses \"que no tienen normativa laboral\". El diputado nacional e integrante del triunvirato que conduce la CGT, H\u00e9ctor Daer, dijo hoy que \"no vamos a permitir\u2026","rel":"","context":"En \u00abSociedad\u00bb","block_context":{"text":"Sociedad","link":"https:\/\/www.24baires.com\/?cat=1"},"img":{"alt_text":"","src":"https:\/\/i0.wp.com\/www.24baires.com\/wp-content\/uploads\/2016\/09\/cgt.jpg?resize=350%2C200","width":350,"height":200,"srcset":"https:\/\/i0.wp.com\/www.24baires.com\/wp-content\/uploads\/2016\/09\/cgt.jpg?resize=350%2C200 1x, https:\/\/i0.wp.com\/www.24baires.com\/wp-content\/uploads\/2016\/09\/cgt.jpg?resize=525%2C300 1.5x"},"classes":[]},{"id":122144,"url":"https:\/\/www.24baires.com\/?p=122144","url_meta":{"origin":120047,"position":4},"title":"La CGT anunci\u00f3 un paro general de 24 horas tras la represi\u00f3n a los jubilados","author":"GB","date":"14\/03\/2025","format":false,"excerpt":"H\u00e9ctor Daer confirm\u00f3 un paro general de para \"antes del 10 de abril\" en respuesta a la represi\u00f3n de ayer y las pol\u00edticas econ\u00f3micas del Gobierno de Milei. Tras la brutal represi\u00f3n sufrida ayer fuera del Congreso de la Naci\u00f3n durante la marcha de jubilados, la CGT ha confirmado la\u2026","rel":"","context":"En \u00abPol\u00edtica\u00bb","block_context":{"text":"Pol\u00edtica","link":"https:\/\/www.24baires.com\/?cat=51"},"img":{"alt_text":"","src":"https:\/\/i0.wp.com\/www.24baires.com\/wp-content\/uploads\/2025\/03\/cgt.jpg?resize=350%2C200","width":350,"height":200,"srcset":"https:\/\/i0.wp.com\/www.24baires.com\/wp-content\/uploads\/2025\/03\/cgt.jpg?resize=350%2C200 1x, https:\/\/i0.wp.com\/www.24baires.com\/wp-content\/uploads\/2025\/03\/cgt.jpg?resize=525%2C300 1.5x, https:\/\/i0.wp.com\/www.24baires.com\/wp-content\/uploads\/2025\/03\/cgt.jpg?resize=700%2C400 2x"},"classes":[]},{"id":90313,"url":"https:\/\/www.24baires.com\/?p=90313","url_meta":{"origin":120047,"position":5},"title":"La CGT calific\u00f3 de \u00abmezquino\u00bb el proyecto de Ganancias de Macri","author":"GB","date":"28\/11\/2016","format":false,"excerpt":"El referente de la CGT elogi\u00f3 la iniciativa de Massa por sobre la de Cambiemos, al que le recrimin\u00f3 \"falta de voluntad pol\u00edtica\" para resolver el tema. El gremialista y l\u00edder de la CGT, H\u00e9ctor Daer, asegur\u00f3 que \"el proyecto de Macri sobre Ganancias es muy mezquino\". Y se anim\u00f3\u2026","rel":"","context":"En \u00abPol\u00edtica\u00bb","block_context":{"text":"Pol\u00edtica","link":"https:\/\/www.24baires.com\/?cat=51"},"img":{"alt_text":"cgt","src":"https:\/\/i0.wp.com\/www.24baires.com\/wp-content\/uploads\/2016\/09\/cgt.jpg?resize=350%2C200","width":350,"height":200,"srcset":"https:\/\/i0.wp.com\/www.24baires.com\/wp-content\/uploads\/2016\/09\/cgt.jpg?resize=350%2C200 1x, https:\/\/i0.wp.com\/www.24baires.com\/wp-content\/uploads\/2016\/09\/cgt.jpg?resize=525%2C300 1.5x"},"classes":[]}],"jetpack_sharing_enabled":true,"jetpack_likes_enabled":true,"_links":{"self":[{"href":"https:\/\/www.24baires.com\/index.php?rest_route=\/wp\/v2\/posts\/120047","targetHints":{"allow":["GET"]}}],"collection":[{"href":"https:\/\/www.24baires.com\/index.php?rest_route=\/wp\/v2\/posts"}],"about":[{"href":"https:\/\/www.24baires.com\/index.php?rest_route=\/wp\/v2\/types\/post"}],"author":[{"embeddable":true,"href":"https:\/\/www.24baires.com\/index.php?rest_route=\/wp\/v2\/users\/8"}],"replies":[{"embeddable":true,"href":"https:\/\/www.24baires.com\/index.php?rest_route=%2Fwp%2Fv2%2Fcomments&post=120047"}],"version-history":[{"count":1,"href":"https:\/\/www.24baires.com\/index.php?rest_route=\/wp\/v2\/posts\/120047\/revisions"}],"predecessor-version":[{"id":120048,"href":"https:\/\/www.24baires.com\/index.php?rest_route=\/wp\/v2\/posts\/120047\/revisions\/120048"}],"wp:attachment":[{"href":"https:\/\/www.24baires.com\/index.php?rest_route=%2Fwp%2Fv2%2Fmedia&parent=120047"}],"wp:term":[{"taxonomy":"category","embeddable":true,"href":"https:\/\/www.24baires.com\/index.php?rest_route=%2Fwp%2Fv2%2Fcategories&post=120047"},{"taxonomy":"post_tag","embeddable":true,"href":"https:\/\/www.24baires.com\/index.php?rest_route=%2Fwp%2Fv2%2Ftags&post=120047"}],"curies":[{"name":"wp","href":"https:\/\/api.w.org\/{rel}","templated":true}]}}