{"id":120044,"date":"2023-04-26T18:23:43","date_gmt":"2023-04-26T21:23:43","guid":{"rendered":"http:\/\/www.24baires.com\/?p=120044"},"modified":"2023-04-26T18:23:43","modified_gmt":"2023-04-26T21:23:43","slug":"argentina-deja-de-pagar-importaciones-chinas-en-dolares-y-lo-hara-en-yuanes","status":"publish","type":"post","link":"https:\/\/www.24baires.com\/?p=120044","title":{"rendered":"Argentina deja de pagar importaciones chinas en d\u00f3lares y lo har\u00e1 en yuanes"},"content":{"rendered":"<p><img data-recalc-dims=\"1\" loading=\"lazy\" decoding=\"async\" class=\"aligncenter wp-image-120045\" src=\"https:\/\/i0.wp.com\/www.24baires.com\/wp-content\/uploads\/2023\/04\/argenchina.jpeg?resize=720%2C480\" alt=\"\" width=\"720\" height=\"480\" srcset=\"https:\/\/i0.wp.com\/www.24baires.com\/wp-content\/uploads\/2023\/04\/argenchina.jpeg?w=680&amp;ssl=1 680w, https:\/\/i0.wp.com\/www.24baires.com\/wp-content\/uploads\/2023\/04\/argenchina.jpeg?resize=300%2C200&amp;ssl=1 300w\" sizes=\"auto, (max-width: 720px) 100vw, 720px\" \/>\u201cEsto mejora la perspectiva de reservas de la Argentina en t\u00e9rminos de reservas netas\u201d, dijo Sergio Massa al efectuar el anuncio junto al embajador de China, Zou Xiaoli.<!--more--><\/p>\n<p>El ministro de Econom\u00eda, Sergio Massa, anunci\u00f3 que la Argentina deja de pagar importaciones de China en d\u00f3lares y pasa a yuanes, aprovechando la activaci\u00f3n del swap con ese pa\u00eds.<\/p>\n<p>\u201cTras un acuerdo con diferentes empresas reprogramamos el instrumento de pago por m\u00e1s de 1.040 millones para este mes por importaciones\u201d, afirm\u00f3 Massa, junto a su gabinete econ\u00f3mico, al recibir al embajador de China, Zou Xiaoli, y empresas de diversos rubros.<\/p>\n<p>Massa dijo que esto \u201cadem\u00e1s nos permite para los pr\u00f3ximos meses trabajar en la posibilidad de adelantar el ritmo de importaciones, la gran mayor\u00eda de estas autorizaciones se trabajaban a 180 d\u00edas y con los yuanes se trabajan a 90 d\u00edas, y de programar un volumen de importaciones en yuanes por m\u00e1s de US$ 1.000 millones a partir del mes que viene, que reemplazan el uso de d\u00f3lares de la Argentina\u201d.<\/p>\n<p>Sostuvo tambi\u00e9n el funcionario que \u201cesto mejora la perspectiva de reservas de la Argentina en t\u00e9rminos de reservas netas\u201d y \u201cnos da mayor libertad\u201d.<\/p>\n<p>\u201cNos agrega capacidad de funcionamiento desde el Banco Central, en estos d\u00edas donde tuvimos que tomar la decisi\u00f3n de intervenir frente a aquellos que pensando que no ten\u00edamos capacidad econ\u00f3mica como Estado, especularon y sobreespecularon\u201d, a\u00f1adi\u00f3.<\/p>\n<p>\u201cDe alguna manera tambi\u00e9n -continu\u00f3- nos permite mantener el nivel de actividad, el volumen de importaciones, el ritmo de comercio entre Argentina y China, y los niveles de funcionamiento econ\u00f3mico que la Argentina necesita\u201d.<\/p>\n","protected":false},"excerpt":{"rendered":"<p>\u201cEsto mejora la perspectiva de reservas de la Argentina en t\u00e9rminos de reservas netas\u201d, dijo Sergio Massa al efectuar el anuncio junto al embajador de China, Zou Xiaoli.<\/p>\n","protected":false},"author":4,"featured_media":0,"comment_status":"closed","ping_status":"closed","sticky":false,"template":"","format":"standard","meta":{"_jetpack_newsletter_access":"","_jetpack_dont_email_post_to_subs":false,"_jetpack_newsletter_tier_id":0,"_jetpack_memberships_contains_paywalled_content":false,"_jetpack_memberships_contains_paid_content":false,"footnotes":""},"categories":[45],"tags":[],"class_list":["post-120044","post","type-post","status-publish","format-standard","hentry","category-economia"],"jetpack_featured_media_url":"","jetpack_shortlink":"https:\/\/wp.me\/p2JWE0-vec","jetpack-related-posts":[{"id":120233,"url":"https:\/\/www.24baires.com\/?p=120233","url_meta":{"origin":120044,"position":0},"title":"El Gobierno argentino pagar\u00e1 vencimientos al FMI con DEG y yuanes","author":"AF","date":"29\/06\/2023","format":false,"excerpt":"De esta manera \u201cse cumple con lo que se acord\u00f3 con el Fondo y al mismo tiempo no se pondr\u00e1n en riesgo las Reservas del Banco Central\u201d, inform\u00f3 la vocera presidencial, Gabriela Cerrutti. El Ministerio de Econom\u00eda anunci\u00f3 que este viernes pagar\u00e1 al Fondo Monetario Internacional (FMI) US$ 2.700 millones,\u2026","rel":"","context":"En \u00abEconom\u00eda\u00bb","block_context":{"text":"Econom\u00eda","link":"https:\/\/www.24baires.com\/?cat=45"},"img":{"alt_text":"","src":"https:\/\/i0.wp.com\/www.24baires.com\/wp-content\/uploads\/2019\/08\/fmi.jpg?resize=350%2C200","width":350,"height":200,"srcset":"https:\/\/i0.wp.com\/www.24baires.com\/wp-content\/uploads\/2019\/08\/fmi.jpg?resize=350%2C200 1x, https:\/\/i0.wp.com\/www.24baires.com\/wp-content\/uploads\/2019\/08\/fmi.jpg?resize=525%2C300 1.5x, https:\/\/i0.wp.com\/www.24baires.com\/wp-content\/uploads\/2019\/08\/fmi.jpg?resize=700%2C400 2x"},"classes":[]},{"id":120238,"url":"https:\/\/www.24baires.com\/?p=120238","url_meta":{"origin":120044,"position":1},"title":"Argentina le pag\u00f3 al FMI u$s 2.700 millones sin usar d\u00f3lares de las reservas","author":"AF","date":"30\/06\/2023","format":false,"excerpt":"La cartera que conduce Sergio Massa confirm\u00f3 que se hizo el pago de los vencimientos de junio al organismo internacional utilizando DEGs y yuanes. Un equipo econ\u00f3mico encabezado por Leonardo Madcur y Gabriel Rubinstein ir\u00e1 a Washington la semana que viene. Argentina le pag\u00f3 este viernes al Fondo Monetario Internacional\u2026","rel":"","context":"En \u00abEconom\u00eda\u00bb","block_context":{"text":"Econom\u00eda","link":"https:\/\/www.24baires.com\/?cat=45"},"img":{"alt_text":"","src":"https:\/\/i0.wp.com\/www.24baires.com\/wp-content\/uploads\/2023\/06\/fmi.jpeg?resize=350%2C200","width":350,"height":200,"srcset":"https:\/\/i0.wp.com\/www.24baires.com\/wp-content\/uploads\/2023\/06\/fmi.jpeg?resize=350%2C200 1x, https:\/\/i0.wp.com\/www.24baires.com\/wp-content\/uploads\/2023\/06\/fmi.jpeg?resize=525%2C300 1.5x, https:\/\/i0.wp.com\/www.24baires.com\/wp-content\/uploads\/2023\/06\/fmi.jpeg?resize=700%2C400 2x"},"classes":[]},{"id":120179,"url":"https:\/\/www.24baires.com\/?p=120179","url_meta":{"origin":120044,"position":2},"title":"Massa contin\u00faa la negociaci\u00f3n con el FMI con el eje en el \u00abda\u00f1o\u00bb por la sequ\u00eda","author":"AF","date":"13\/06\/2023","format":false,"excerpt":"En un acto en la f\u00e1brica automotriz Ford en Pacheco el ministro cont\u00f3 que lac conversaciones con el organismo de cr\u00e9dito se desarrollan de modo virtual y luego ir\u00e1 una misi\u00f3n a Washington para cerrar el acuerdo. El ministro de Econom\u00eda, Sergio Massa, confirm\u00f3 este martes que contin\u00faan las negociaciones\u2026","rel":"","context":"En \u00abEconom\u00eda\u00bb","block_context":{"text":"Econom\u00eda","link":"https:\/\/www.24baires.com\/?cat=45"},"img":{"alt_text":"","src":"https:\/\/i0.wp.com\/www.24baires.com\/wp-content\/uploads\/2023\/05\/massa-scaled.jpg?resize=350%2C200","width":350,"height":200,"srcset":"https:\/\/i0.wp.com\/www.24baires.com\/wp-content\/uploads\/2023\/05\/massa-scaled.jpg?resize=350%2C200 1x, https:\/\/i0.wp.com\/www.24baires.com\/wp-content\/uploads\/2023\/05\/massa-scaled.jpg?resize=525%2C300 1.5x, https:\/\/i0.wp.com\/www.24baires.com\/wp-content\/uploads\/2023\/05\/massa-scaled.jpg?resize=700%2C400 2x"},"classes":[]},{"id":119959,"url":"https:\/\/www.24baires.com\/?p=119959","url_meta":{"origin":120044,"position":3},"title":"El FMI calcula que el impacto de la sequ\u00eda es de 9000 millones de d\u00f3lares","author":"AF","date":"29\/03\/2023","format":false,"excerpt":"En Econom\u00eda dejaron trascender que, para el Fondo Monetario Internacional, las consecuencias de la hist\u00f3rica seca es menor a lo que calcul\u00f3 la Bolsa de Rosario. Los planes para nuevo d\u00f3lar a las econom\u00edas regionales, las reservas en el Banco Central y la renegociaci\u00f3n del programa con el Fondo. El\u2026","rel":"","context":"En \u00abEconom\u00eda\u00bb","block_context":{"text":"Econom\u00eda","link":"https:\/\/www.24baires.com\/?cat=45"},"img":{"alt_text":"","src":"https:\/\/i0.wp.com\/www.24baires.com\/wp-content\/uploads\/2023\/03\/massa-fmi.jpeg?resize=350%2C200","width":350,"height":200,"srcset":"https:\/\/i0.wp.com\/www.24baires.com\/wp-content\/uploads\/2023\/03\/massa-fmi.jpeg?resize=350%2C200 1x, https:\/\/i0.wp.com\/www.24baires.com\/wp-content\/uploads\/2023\/03\/massa-fmi.jpeg?resize=525%2C300 1.5x, https:\/\/i0.wp.com\/www.24baires.com\/wp-content\/uploads\/2023\/03\/massa-fmi.jpeg?resize=700%2C400 2x"},"classes":[]},{"id":120118,"url":"https:\/\/www.24baires.com\/?p=120118","url_meta":{"origin":120044,"position":4},"title":"El Gobierno anunci\u00f3 medidas para incentivar el consumo","author":"AF","date":"22\/05\/2023","format":false,"excerpt":"El ministro de Econom\u00eda, Sergio Massa, acord\u00f3 con las entidades bancarias p\u00fablicas y privadas de capital nacional el nuevo esquema de \"Fortalecimiento del cr\u00e9dito al sector privado y mejoras del marco normativo\". El objetivo es hacer frente a los efectos negativos de la sequ\u00eda en el mercado interno. El ministro\u2026","rel":"","context":"En \u00abEconom\u00eda\u00bb","block_context":{"text":"Econom\u00eda","link":"https:\/\/www.24baires.com\/?cat=45"},"img":{"alt_text":"","src":"https:\/\/i0.wp.com\/www.24baires.com\/wp-content\/uploads\/2023\/05\/massa-1.webp?resize=350%2C200","width":350,"height":200,"srcset":"https:\/\/i0.wp.com\/www.24baires.com\/wp-content\/uploads\/2023\/05\/massa-1.webp?resize=350%2C200 1x, https:\/\/i0.wp.com\/www.24baires.com\/wp-content\/uploads\/2023\/05\/massa-1.webp?resize=525%2C300 1.5x, https:\/\/i0.wp.com\/www.24baires.com\/wp-content\/uploads\/2023\/05\/massa-1.webp?resize=700%2C400 2x"},"classes":[]},{"id":119265,"url":"https:\/\/www.24baires.com\/?p=119265","url_meta":{"origin":120044,"position":5},"title":"Massa viaja a Washington con agenda amplia","author":"AF","date":"25\/08\/2022","format":false,"excerpt":"Tendr\u00e1 reuniones con Georgieva, del FMI y con Claver Carone, del BID, por la deuda y los d\u00f3lares. Con qu\u00e9 gigantes de la energ\u00eda se ver\u00e1 y c\u00f3mo es la amplia comitiva. En lo que ser\u00e1 su primera excursi\u00f3n fuera del pa\u00eds desde que es el ministro de Econom\u00eda, Sergio\u2026","rel":"","context":"En \u00abPol\u00edtica\u00bb","block_context":{"text":"Pol\u00edtica","link":"https:\/\/www.24baires.com\/?cat=51"},"img":{"alt_text":"","src":"https:\/\/i0.wp.com\/www.24baires.com\/wp-content\/uploads\/2022\/08\/massa-washington.jpg?resize=350%2C200","width":350,"height":200,"srcset":"https:\/\/i0.wp.com\/www.24baires.com\/wp-content\/uploads\/2022\/08\/massa-washington.jpg?resize=350%2C200 1x, https:\/\/i0.wp.com\/www.24baires.com\/wp-content\/uploads\/2022\/08\/massa-washington.jpg?resize=525%2C300 1.5x, https:\/\/i0.wp.com\/www.24baires.com\/wp-content\/uploads\/2022\/08\/massa-washington.jpg?resize=700%2C400 2x"},"classes":[]}],"jetpack_sharing_enabled":true,"jetpack_likes_enabled":true,"_links":{"self":[{"href":"https:\/\/www.24baires.com\/index.php?rest_route=\/wp\/v2\/posts\/120044","targetHints":{"allow":["GET"]}}],"collection":[{"href":"https:\/\/www.24baires.com\/index.php?rest_route=\/wp\/v2\/posts"}],"about":[{"href":"https:\/\/www.24baires.com\/index.php?rest_route=\/wp\/v2\/types\/post"}],"author":[{"embeddable":true,"href":"https:\/\/www.24baires.com\/index.php?rest_route=\/wp\/v2\/users\/4"}],"replies":[{"embeddable":true,"href":"https:\/\/www.24baires.com\/index.php?rest_route=%2Fwp%2Fv2%2Fcomments&post=120044"}],"version-history":[{"count":1,"href":"https:\/\/www.24baires.com\/index.php?rest_route=\/wp\/v2\/posts\/120044\/revisions"}],"predecessor-version":[{"id":120046,"href":"https:\/\/www.24baires.com\/index.php?rest_route=\/wp\/v2\/posts\/120044\/revisions\/120046"}],"wp:attachment":[{"href":"https:\/\/www.24baires.com\/index.php?rest_route=%2Fwp%2Fv2%2Fmedia&parent=120044"}],"wp:term":[{"taxonomy":"category","embeddable":true,"href":"https:\/\/www.24baires.com\/index.php?rest_route=%2Fwp%2Fv2%2Fcategories&post=120044"},{"taxonomy":"post_tag","embeddable":true,"href":"https:\/\/www.24baires.com\/index.php?rest_route=%2Fwp%2Fv2%2Ftags&post=120044"}],"curies":[{"name":"wp","href":"https:\/\/api.w.org\/{rel}","templated":true}]}}