{"id":120034,"date":"2023-04-24T10:09:26","date_gmt":"2023-04-24T13:09:26","guid":{"rendered":"http:\/\/www.24baires.com\/?p=120034"},"modified":"2023-04-24T10:09:26","modified_gmt":"2023-04-24T13:09:26","slug":"con-una-agenda-industrial-axel-kicillof-llega-a-brasil","status":"publish","type":"post","link":"https:\/\/www.24baires.com\/?p=120034","title":{"rendered":"Con una agenda industrial, Axel Kicillof llega a Brasil"},"content":{"rendered":"<p><img data-recalc-dims=\"1\" loading=\"lazy\" decoding=\"async\" class=\"aligncenter wp-image-120035\" src=\"https:\/\/i0.wp.com\/www.24baires.com\/wp-content\/uploads\/2023\/04\/kicillof-brasil.webp?resize=720%2C480\" alt=\"\" width=\"720\" height=\"480\" srcset=\"https:\/\/i0.wp.com\/www.24baires.com\/wp-content\/uploads\/2023\/04\/kicillof-brasil.webp?w=887&amp;ssl=1 887w, https:\/\/i0.wp.com\/www.24baires.com\/wp-content\/uploads\/2023\/04\/kicillof-brasil.webp?resize=300%2C200&amp;ssl=1 300w, https:\/\/i0.wp.com\/www.24baires.com\/wp-content\/uploads\/2023\/04\/kicillof-brasil.webp?resize=768%2C512&amp;ssl=1 768w\" sizes=\"auto, (max-width: 720px) 100vw, 720px\" \/>El gobernador de la provincia de Buenos Aires, Axel Kicillof, estar\u00e1 hoy y ma\u00f1ana en la ciudad de S\u00e3o Paulo.<!--more--><\/p>\n<p>Como hab\u00eda anticipado INFOCIELO, el gobernador de la provincia de Buenos Aires, Axel Kicillof, comienza su semana en Brasil. El mandatario estar\u00e1 en S\u00e3o Paulo, la ciudad m\u00e1s poblada del pa\u00eds vecino y epicentro de una regi\u00f3n metropolitana de 39 municipios y m\u00e1s de 22 millones de habitantes, por dos d\u00edas. Desde hoy y hasta ma\u00f1ana a las 23 tom\u00f3 su lugar la vicegobernadora de la provincia de Buenos Aires, Ver\u00f3nica Magario.<\/p>\n<p>Seg\u00fan se inform\u00f3 oficialmente, Kicillof viaj\u00f3 a Brasil con dos actividades confirmadas: reunirse con autoridades de la Federaci\u00f3n de Industrias del Estado de S\u00e3o Paulo (FIESP) y visitar la Feria Automec 2023. La primera de las citas ser\u00e1 hoy e incluir\u00e1 al presidente de la organizaci\u00f3n industrial brasilera, Josu\u00e9 Gomes da Silva, quien lleg\u00f3 al cargo el a\u00f1o pasado.<\/p>\n<p>No es la primera vez que el gobernador se ver\u00e1 cara a cara con dirigentes de la poderosa Federaci\u00f3n de Industrias del Estado Paulista. En noviembre de 2021, Kicillof se present\u00f3 ante unos 75 empresarios a quienes les present\u00f3 a la provincia de Buenos Aires como tierra f\u00e9rtil de inversiones. En aquella oportunidad, tambi\u00e9n estuvo presente el embajador argentino, Daniel Scioli, quien ya conoce personalmente a Gomes da Silva.<\/p>\n<p>Al d\u00eda siguiente, el martes 25 de abril, se inaugura la edici\u00f3n 2023 de la Feria Automec, tambi\u00e9n en la ciudad de San Pablo. Se trata del evento de autopartes, equipamientos y servicios vinculados a la industria automotriz m\u00e1s importante de Latinoam\u00e9rica. Este a\u00f1o participar\u00e1n mas de 1500 marcas en un predio de 100 mil metros cuadrados.<\/p>\n<p>Argentina participar\u00e1 de la mega feria con un pabell\u00f3n de 368 metros cuadrados en el que montar\u00e1n sus stands empresas nacionales, entes gubernamentales federales y provinciales y c\u00e1maras empresarias. Se espera que Kicillof asista a la inauguraci\u00f3n de la Automec y se re\u00fana con los empresarios bonaerenses que est\u00e9n participando.<\/p>\n","protected":false},"excerpt":{"rendered":"<p>El gobernador de la provincia de Buenos Aires, Axel Kicillof, estar\u00e1 hoy y ma\u00f1ana en la ciudad de S\u00e3o Paulo.<\/p>\n","protected":false},"author":8,"featured_media":0,"comment_status":"closed","ping_status":"closed","sticky":false,"template":"","format":"standard","meta":{"_jetpack_newsletter_access":"","_jetpack_dont_email_post_to_subs":false,"_jetpack_newsletter_tier_id":0,"_jetpack_memberships_contains_paywalled_content":false,"_jetpack_memberships_contains_paid_content":false,"footnotes":""},"categories":[45,40],"tags":[],"class_list":["post-120034","post","type-post","status-publish","format-standard","hentry","category-economia","category-provincia"],"jetpack_featured_media_url":"","jetpack_shortlink":"https:\/\/wp.me\/p2JWE0-ve2","jetpack-related-posts":[{"id":121535,"url":"https:\/\/www.24baires.com\/?p=121535","url_meta":{"origin":120034,"position":0},"title":"Axel Kicillof viaja a Brasil","author":"GB","date":"13\/08\/2024","format":false,"excerpt":"El gobernador bonaerense, Axel Kicillof, estar\u00e1 hoy en Brasil para mantener tres reuniones de alto vuelo pol\u00edtico y diplom\u00e1tico. Poco m\u00e1s de un a\u00f1o despu\u00e9s de su \u00faltima visita, el gobernador de la provincia de Buenos Aires, Axel Kicillof, vuelve a Brasil. Esta vez ir\u00e1 a Brasilia, ciudad capital del\u2026","rel":"","context":"En \u00abProvincia\u00bb","block_context":{"text":"Provincia","link":"https:\/\/www.24baires.com\/?cat=40"},"img":{"alt_text":"","src":"https:\/\/i0.wp.com\/www.24baires.com\/wp-content\/uploads\/2024\/08\/axel-brasil.webp?resize=350%2C200","width":350,"height":200,"srcset":"https:\/\/i0.wp.com\/www.24baires.com\/wp-content\/uploads\/2024\/08\/axel-brasil.webp?resize=350%2C200 1x, https:\/\/i0.wp.com\/www.24baires.com\/wp-content\/uploads\/2024\/08\/axel-brasil.webp?resize=525%2C300 1.5x, https:\/\/i0.wp.com\/www.24baires.com\/wp-content\/uploads\/2024\/08\/axel-brasil.webp?resize=700%2C400 2x"},"classes":[]},{"id":120574,"url":"https:\/\/www.24baires.com\/?p=120574","url_meta":{"origin":120034,"position":1},"title":"Axel llam\u00f3 a la gente a que vaya a votar \u00abpensando en el otro\u00bb","author":"GB","date":"22\/10\/2023","format":false,"excerpt":"El gobernador de la provincia de Buenos Aires, Axel Kicillof, emiti\u00f3 su voto hace instantes en la escuela Superior de Salud de la ciudad de La Plata. El gobernador de la provincia de Buenos Aires y candidato a la reelecci\u00f3n por Uni\u00f3n por la Patria (UxP), Axel Kicillof, vot\u00f3 hace\u2026","rel":"","context":"En \u00abElecciones\u00bb","block_context":{"text":"Elecciones","link":"https:\/\/www.24baires.com\/?cat=316"},"img":{"alt_text":"","src":"https:\/\/i0.wp.com\/www.24baires.com\/wp-content\/uploads\/2023\/10\/voto-axel.webp?resize=350%2C200","width":350,"height":200,"srcset":"https:\/\/i0.wp.com\/www.24baires.com\/wp-content\/uploads\/2023\/10\/voto-axel.webp?resize=350%2C200 1x, https:\/\/i0.wp.com\/www.24baires.com\/wp-content\/uploads\/2023\/10\/voto-axel.webp?resize=525%2C300 1.5x, https:\/\/i0.wp.com\/www.24baires.com\/wp-content\/uploads\/2023\/10\/voto-axel.webp?resize=700%2C400 2x"},"classes":[]},{"id":117847,"url":"https:\/\/www.24baires.com\/?p=117847","url_meta":{"origin":120034,"position":2},"title":"Provincia libera la vacunaci\u00f3n para mayores de 35 a\u00f1os","author":"GB","date":"13\/07\/2021","format":false,"excerpt":"El gobernador de la provincia de Buenos Aires, Axel Kicillof anunci\u00f3 que desde ma\u00f1ana habr\u00e1 vacunaci\u00f3n libre para mayores de 35 a\u00f1os. El gobernador de Buenos Aires, Axel Kicillof, anunci\u00f3 que a partir de ma\u00f1ana mi\u00e9rcoles se extiende la vacunaci\u00f3n libre contra el coronavirus a todos los mayores de 35\u2026","rel":"","context":"En \u00abProvincia\u00bb","block_context":{"text":"Provincia","link":"https:\/\/www.24baires.com\/?cat=40"},"img":{"alt_text":"","src":"https:\/\/i0.wp.com\/www.24baires.com\/wp-content\/uploads\/2021\/06\/vacuna-cansino-300x225.jpg?resize=350%2C200","width":350,"height":200},"classes":[]},{"id":118356,"url":"https:\/\/www.24baires.com\/?p=118356","url_meta":{"origin":120034,"position":3},"title":"Axel Kicillof lanza el Operativo Sol 2022 en Mar del Plata","author":"GB","date":"20\/12\/2021","format":false,"excerpt":"El gobernador de la Provincia de Buenos Aires, Axel Kicillof, presenta el Operativo Sol 2022 en la Ciudad de Mar del Plata tras lanzar la temporada de verano. Luego de lanzar la temporada de verano al inaugurar la finalizaci\u00f3n de las obras en las autov\u00edas y rutas N\u00ba 11 y\u2026","rel":"","context":"En \u00abProvincia\u00bb","block_context":{"text":"Provincia","link":"https:\/\/www.24baires.com\/?cat=40"},"img":{"alt_text":"","src":"https:\/\/i0.wp.com\/www.24baires.com\/wp-content\/uploads\/2021\/12\/axel-kicillof-mar-del-platajpg-300x200.jpg?resize=350%2C200","width":350,"height":200},"classes":[]},{"id":120367,"url":"https:\/\/www.24baires.com\/?p=120367","url_meta":{"origin":120034,"position":4},"title":"\u00abLa votaci\u00f3n empez\u00f3 sin inconvenientes en la provincia\u00bb, dijo Axel al emitir su voto","author":"GB","date":"13\/08\/2023","format":false,"excerpt":"ELECCIONES 2023-El gobernador de la provincia de Buenos Aires, Axel Kicillof, emiti\u00f3 su voto hace instantes en la escuela Superior de Salud de la ciudad de La Plata. El gobernador de la provincia de Buenos Aires, Axel Kicillof, vot\u00f3 hace instantes en la escuela Superior de Salud de la ciudad\u2026","rel":"","context":"En \u00abElecciones\u00bb","block_context":{"text":"Elecciones","link":"https:\/\/www.24baires.com\/?cat=316"},"img":{"alt_text":"","src":"https:\/\/i0.wp.com\/www.24baires.com\/wp-content\/uploads\/2023\/08\/voto-kici.webp?resize=350%2C200","width":350,"height":200,"srcset":"https:\/\/i0.wp.com\/www.24baires.com\/wp-content\/uploads\/2023\/08\/voto-kici.webp?resize=350%2C200 1x, https:\/\/i0.wp.com\/www.24baires.com\/wp-content\/uploads\/2023\/08\/voto-kici.webp?resize=525%2C300 1.5x, https:\/\/i0.wp.com\/www.24baires.com\/wp-content\/uploads\/2023\/08\/voto-kici.webp?resize=700%2C400 2x"},"classes":[]},{"id":119538,"url":"https:\/\/www.24baires.com\/?p=119538","url_meta":{"origin":120034,"position":5},"title":"Axel Kicillof sorte\u00f3 cr\u00e9ditos del BA Crea","author":"GB","date":"14\/11\/2022","format":false,"excerpt":"El gobernador bonaerense, Axel Kicillof, destac\u00f3 el abordaje integral del d\u00e9ficit habitacional. Recuerdos del Procrear y cr\u00edticas para bancos y Macri. El gobernador bonaerense, Axel Kicillof, encabez\u00f3 este lunes el segundo sorteo de cr\u00e9ditos del programa Buenos Aires CREA. Se trata de una pol\u00edtica lanzada en julio de este a\u00f1o\u2026","rel":"","context":"En \u00abProvincia\u00bb","block_context":{"text":"Provincia","link":"https:\/\/www.24baires.com\/?cat=40"},"img":{"alt_text":"","src":"https:\/\/i0.wp.com\/www.24baires.com\/wp-content\/uploads\/2022\/11\/2022_11_14_-ak-sorteo-ba-crea_sge_5086jpg.jpg?resize=350%2C200","width":350,"height":200,"srcset":"https:\/\/i0.wp.com\/www.24baires.com\/wp-content\/uploads\/2022\/11\/2022_11_14_-ak-sorteo-ba-crea_sge_5086jpg.jpg?resize=350%2C200 1x, https:\/\/i0.wp.com\/www.24baires.com\/wp-content\/uploads\/2022\/11\/2022_11_14_-ak-sorteo-ba-crea_sge_5086jpg.jpg?resize=525%2C300 1.5x, https:\/\/i0.wp.com\/www.24baires.com\/wp-content\/uploads\/2022\/11\/2022_11_14_-ak-sorteo-ba-crea_sge_5086jpg.jpg?resize=700%2C400 2x"},"classes":[]}],"jetpack_sharing_enabled":true,"jetpack_likes_enabled":true,"_links":{"self":[{"href":"https:\/\/www.24baires.com\/index.php?rest_route=\/wp\/v2\/posts\/120034","targetHints":{"allow":["GET"]}}],"collection":[{"href":"https:\/\/www.24baires.com\/index.php?rest_route=\/wp\/v2\/posts"}],"about":[{"href":"https:\/\/www.24baires.com\/index.php?rest_route=\/wp\/v2\/types\/post"}],"author":[{"embeddable":true,"href":"https:\/\/www.24baires.com\/index.php?rest_route=\/wp\/v2\/users\/8"}],"replies":[{"embeddable":true,"href":"https:\/\/www.24baires.com\/index.php?rest_route=%2Fwp%2Fv2%2Fcomments&post=120034"}],"version-history":[{"count":1,"href":"https:\/\/www.24baires.com\/index.php?rest_route=\/wp\/v2\/posts\/120034\/revisions"}],"predecessor-version":[{"id":120036,"href":"https:\/\/www.24baires.com\/index.php?rest_route=\/wp\/v2\/posts\/120034\/revisions\/120036"}],"wp:attachment":[{"href":"https:\/\/www.24baires.com\/index.php?rest_route=%2Fwp%2Fv2%2Fmedia&parent=120034"}],"wp:term":[{"taxonomy":"category","embeddable":true,"href":"https:\/\/www.24baires.com\/index.php?rest_route=%2Fwp%2Fv2%2Fcategories&post=120034"},{"taxonomy":"post_tag","embeddable":true,"href":"https:\/\/www.24baires.com\/index.php?rest_route=%2Fwp%2Fv2%2Ftags&post=120034"}],"curies":[{"name":"wp","href":"https:\/\/api.w.org\/{rel}","templated":true}]}}