{"id":119995,"date":"2023-04-12T10:40:06","date_gmt":"2023-04-12T13:40:06","guid":{"rendered":"http:\/\/www.24baires.com\/?p=119995"},"modified":"2023-04-12T10:40:06","modified_gmt":"2023-04-12T13:40:06","slug":"extendieron-por-todo-abril-los-precios-justos-en-la-carne","status":"publish","type":"post","link":"https:\/\/www.24baires.com\/?p=119995","title":{"rendered":"Extendieron por todo abril los Precios Justos en la carne"},"content":{"rendered":"<p><img data-recalc-dims=\"1\" loading=\"lazy\" decoding=\"async\" class=\"aligncenter wp-image-78704\" src=\"https:\/\/i0.wp.com\/www.24baires.com\/wp-content\/uploads\/2016\/02\/carnicer%C3%ADa.jpg?resize=720%2C404\" alt=\"\" width=\"720\" height=\"404\" srcset=\"https:\/\/i0.wp.com\/www.24baires.com\/wp-content\/uploads\/2016\/02\/carnicer%C3%ADa.jpg?w=560&amp;ssl=1 560w, https:\/\/i0.wp.com\/www.24baires.com\/wp-content\/uploads\/2016\/02\/carnicer%C3%ADa.jpg?resize=300%2C168&amp;ssl=1 300w\" sizes=\"auto, (max-width: 720px) 100vw, 720px\" \/>Tras un ajuste del 3,2% los 7 cortes de carne incluidos en el programa Precios Justos seguir\u00e1n, al menos, hasta fin de mes.<!--more--><\/p>\n<p>La inflaci\u00f3n mensual de febrero (6,6%) estuvo impulsada principalmente por el aumento del precio de la carne. Con esto en mente, el gobierno nacional decidi\u00f3 extender aquellas medidas que, seg\u00fan entiende, sirven para contener el valor del producto como Precios Justos. Al menos hasta el 30 de abril estar\u00e1 congelado el costo de 7 cortes de carne muy populares.<\/p>\n<p>Tras un ajuste del 3,2% respecto del mes pasado, el kilo de asado deber\u00e1 ofrecerse a $1.068, el de nalga a $1.419, el de matambre a $1.352, el de vac\u00edo a $1.394, el de falda a $697, el de paleta a $1.149 y el de tapa de asado a $1.068. Tambi\u00e9n continuar\u00e1n vigentes las promociones en carnicer\u00edas de reintegro del 10% abonando con tarjetas de d\u00e9bito o cr\u00e9dito y del 35% para clientes de Banco Naci\u00f3n abonando con la aplicaci\u00f3n Modo para las compras de los viernes y s\u00e1bados.<\/p>\n<p>Los productos que m\u00e1s aumentaron no est\u00e1n en Precios Justos<br \/>\nSeg\u00fan el anuncio inicial, la intenci\u00f3n del gobierno es que el aumento de la carne no supere el 3,2% mensual. Sin embargo, y a pesar del alza de febrero, el precio qued\u00f3 retrasado en comparaci\u00f3n con las subas registradas durante el 2022 de otros productos alimenticios. En este escenario, hay quienes proyectan fuertes incrementos para el segundo semestre de 2023. La consultora LCG precis\u00f3 que a\u00fan le queda un recorrido de 9,3% de aumento a la carne para alcanzar al promedio del resto de los alimentos.<\/p>\n<p>Desde la Secretar\u00eda de Comercio advirtieron que har\u00e1n controles para garantizar que se cumpla el acuerdo, tanto en abastecimiento como en calidad. De hecho, el fin de semana pasado la cartera de Mat\u00edas Tombolini realiz\u00f3 427 operativos en el \u00c1rea Metropolitana de Buenos Aires. La jornada de fiscalizaci\u00f3n termin\u00f3 con 36 actas labradas a supermercados y 29 a otros comercios.<\/p>\n","protected":false},"excerpt":{"rendered":"<p>Tras un ajuste del 3,2% los 7 cortes de carne incluidos en el programa Precios Justos seguir\u00e1n, al menos, hasta fin de mes.<\/p>\n","protected":false},"author":8,"featured_media":0,"comment_status":"closed","ping_status":"closed","sticky":false,"template":"","format":"standard","meta":{"_jetpack_newsletter_access":"","_jetpack_dont_email_post_to_subs":false,"_jetpack_newsletter_tier_id":0,"_jetpack_memberships_contains_paywalled_content":false,"_jetpack_memberships_contains_paid_content":false,"footnotes":""},"categories":[78],"tags":[],"class_list":["post-119995","post","type-post","status-publish","format-standard","hentry","category-consumidores"],"jetpack_featured_media_url":"","jetpack_shortlink":"https:\/\/wp.me\/p2JWE0-vdp","jetpack-related-posts":[{"id":120421,"url":"https:\/\/www.24baires.com\/?p=120421","url_meta":{"origin":119995,"position":0},"title":"Con aumentos del 30%, renovaron el Precios Justos Carne","author":"GB","date":"30\/08\/2023","format":false,"excerpt":"La Secretar\u00eda de Comercio lleg\u00f3 a un acuerdo con supermercados, carnicer\u00edas y empresas exportadoras para renovar el programa Precios Justos Carne. Secretar\u00eda de Comercio de la Naci\u00f3n cerr\u00f3 un acuerdo sectorial para actualizar el programa Precios Justos de la carne. Los siete cortes incluidos en el esquema lanzado por primera\u2026","rel":"","context":"En \u00abConsumidores\u00bb","block_context":{"text":"Consumidores","link":"https:\/\/www.24baires.com\/?cat=78"},"img":{"alt_text":"","src":"https:\/\/i0.wp.com\/www.24baires.com\/wp-content\/uploads\/2016\/02\/carnicer%C3%ADa.jpg?resize=350%2C200","width":350,"height":200,"srcset":"https:\/\/i0.wp.com\/www.24baires.com\/wp-content\/uploads\/2016\/02\/carnicer%C3%ADa.jpg?resize=350%2C200 1x, https:\/\/i0.wp.com\/www.24baires.com\/wp-content\/uploads\/2016\/02\/carnicer%C3%ADa.jpg?resize=525%2C300 1.5x, https:\/\/i0.wp.com\/www.24baires.com\/wp-content\/uploads\/2016\/02\/carnicer%C3%ADa.jpg?resize=700%2C400 2x"},"classes":[]},{"id":117723,"url":"https:\/\/www.24baires.com\/?p=117723","url_meta":{"origin":119995,"position":1},"title":"Escandaloso: el precio de la carne aument\u00f3 m\u00e1s del 75% en el \u00faltimo a\u00f1o","author":"GB","date":"08\/06\/2021","format":false,"excerpt":"Seg\u00fan un informe del IPCVA el valor de la carne super\u00f3 los niveles de inflaci\u00f3n mensual e interanual. El valor de la carne se dispar\u00f3 un 76,2% durante mayo, en comparaci\u00f3n al mismo mes del a\u00f1o pasado, seg\u00fan un informe del Instituto de Promoci\u00f3n de la Carne Vacuna Argentina (IPCVA).\u2026","rel":"","context":"En \u00abEconom\u00eda\u00bb","block_context":{"text":"Econom\u00eda","link":"https:\/\/www.24baires.com\/?cat=45"},"img":{"alt_text":"","src":"https:\/\/i0.wp.com\/www.24baires.com\/wp-content\/uploads\/2021\/05\/carne.jpg?resize=350%2C200","width":350,"height":200,"srcset":"https:\/\/i0.wp.com\/www.24baires.com\/wp-content\/uploads\/2021\/05\/carne.jpg?resize=350%2C200 1x, https:\/\/i0.wp.com\/www.24baires.com\/wp-content\/uploads\/2021\/05\/carne.jpg?resize=525%2C300 1.5x"},"classes":[]},{"id":117541,"url":"https:\/\/www.24baires.com\/?p=117541","url_meta":{"origin":119995,"position":2},"title":"El Gobierno anuncia un acuerdo para vender el kilo de asado a $359","author":"AF","date":"07\/05\/2021","format":false,"excerpt":"Va a estar disponible todos los d\u00edas, de lunes a viernes, en supermercacos. Mantiene los precios fijados en enero para la carne y el asado baja de $399 a $359. El ministro de Desarrollo Productivo, Mat\u00edas Kulfas, anunci\u00f3 este viernes que el pr\u00f3ximo martes entrar\u00e1 en vigencia el nuevo acuerdo\u2026","rel":"","context":"En \u00abSociedad\u00bb","block_context":{"text":"Sociedad","link":"https:\/\/www.24baires.com\/?cat=1"},"img":{"alt_text":"","src":"https:\/\/i0.wp.com\/www.24baires.com\/wp-content\/uploads\/2016\/07\/carne.jpg?resize=350%2C200","width":350,"height":200,"srcset":"https:\/\/i0.wp.com\/www.24baires.com\/wp-content\/uploads\/2016\/07\/carne.jpg?resize=350%2C200 1x, https:\/\/i0.wp.com\/www.24baires.com\/wp-content\/uploads\/2016\/07\/carne.jpg?resize=525%2C300 1.5x"},"classes":[]},{"id":116845,"url":"https:\/\/www.24baires.com\/?p=116845","url_meta":{"origin":119995,"position":3},"title":"El gobierno cerr\u00f3 acuerdos con los frigor\u00edficos para bajar el precio de algunos cortes de carne","author":"GB","date":"09\/12\/2020","format":false,"excerpt":"La medida ser\u00e1 anunciada este mi\u00e9rcoles, y busca mitigar el fuerte aumento que sufri\u00f3 la carne en el \u00faltimo a\u00f1o. Todav\u00eda no hubo precisiones sobre los precios a los que se ofrecer\u00e1n el asado, el vac\u00edo y el matambre. Este mi\u00e9rcoles el gobierno nacional anunciar\u00e1 un acuerdo con el Consorcio\u2026","rel":"","context":"En \u00abConsumidores\u00bb","block_context":{"text":"Consumidores","link":"https:\/\/www.24baires.com\/?cat=78"},"img":{"alt_text":"","src":"https:\/\/i0.wp.com\/www.24baires.com\/wp-content\/uploads\/2016\/07\/carne.jpg?resize=350%2C200","width":350,"height":200,"srcset":"https:\/\/i0.wp.com\/www.24baires.com\/wp-content\/uploads\/2016\/07\/carne.jpg?resize=350%2C200 1x, https:\/\/i0.wp.com\/www.24baires.com\/wp-content\/uploads\/2016\/07\/carne.jpg?resize=525%2C300 1.5x"},"classes":[]},{"id":117121,"url":"https:\/\/www.24baires.com\/?p=117121","url_meta":{"origin":119995,"position":4},"title":"Comienzan a vender los cortes de carnes con precios cuidados","author":"GB","date":"03\/02\/2021","format":false,"excerpt":"Con un volumen de oferta de 6 mil toneladas por mes, los cortes estar\u00e1n disponibles en las grandes cadenas de supermercados en todo el pa\u00eds. Rigen los cortes de carne a precios populares que acord\u00f3 el Gobierno nacional con los frigor\u00edficos exportadores. Se trata de ocho cortes con bajas de\u2026","rel":"","context":"En \u00abConsumidores\u00bb","block_context":{"text":"Consumidores","link":"https:\/\/www.24baires.com\/?cat=78"},"img":{"alt_text":"","src":"https:\/\/i0.wp.com\/www.24baires.com\/wp-content\/uploads\/2016\/07\/carne.jpg?resize=350%2C200","width":350,"height":200,"srcset":"https:\/\/i0.wp.com\/www.24baires.com\/wp-content\/uploads\/2016\/07\/carne.jpg?resize=350%2C200 1x, https:\/\/i0.wp.com\/www.24baires.com\/wp-content\/uploads\/2016\/07\/carne.jpg?resize=525%2C300 1.5x"},"classes":[]},{"id":121984,"url":"https:\/\/www.24baires.com\/?p=121984","url_meta":{"origin":119995,"position":5},"title":"Diciembre cierra con una inflaci\u00f3n del 2,7%","author":"GB","date":"15\/01\/2025","format":false,"excerpt":"El Indec inform\u00f3 que la inflaci\u00f3n de diciembre fue del 2,7%, acumulando un 117,8% en 2024. Los precios se mantuvieron estables por tercer mes consecutivo. El Instituto Nacional de Estad\u00edstica y Censos (Indec) inform\u00f3 que el \u00cdndice de Precios al Consumidor (IPC) correspondiente a diciembre de 2024 se ubic\u00f3 en\u2026","rel":"","context":"En \u00abEconom\u00eda\u00bb","block_context":{"text":"Econom\u00eda","link":"https:\/\/www.24baires.com\/?cat=45"},"img":{"alt_text":"","src":"https:\/\/i0.wp.com\/www.24baires.com\/wp-content\/uploads\/2018\/08\/supermercado.jpg?resize=350%2C200","width":350,"height":200,"srcset":"https:\/\/i0.wp.com\/www.24baires.com\/wp-content\/uploads\/2018\/08\/supermercado.jpg?resize=350%2C200 1x, https:\/\/i0.wp.com\/www.24baires.com\/wp-content\/uploads\/2018\/08\/supermercado.jpg?resize=525%2C300 1.5x, https:\/\/i0.wp.com\/www.24baires.com\/wp-content\/uploads\/2018\/08\/supermercado.jpg?resize=700%2C400 2x"},"classes":[]}],"jetpack_sharing_enabled":true,"jetpack_likes_enabled":true,"_links":{"self":[{"href":"https:\/\/www.24baires.com\/index.php?rest_route=\/wp\/v2\/posts\/119995","targetHints":{"allow":["GET"]}}],"collection":[{"href":"https:\/\/www.24baires.com\/index.php?rest_route=\/wp\/v2\/posts"}],"about":[{"href":"https:\/\/www.24baires.com\/index.php?rest_route=\/wp\/v2\/types\/post"}],"author":[{"embeddable":true,"href":"https:\/\/www.24baires.com\/index.php?rest_route=\/wp\/v2\/users\/8"}],"replies":[{"embeddable":true,"href":"https:\/\/www.24baires.com\/index.php?rest_route=%2Fwp%2Fv2%2Fcomments&post=119995"}],"version-history":[{"count":1,"href":"https:\/\/www.24baires.com\/index.php?rest_route=\/wp\/v2\/posts\/119995\/revisions"}],"predecessor-version":[{"id":119996,"href":"https:\/\/www.24baires.com\/index.php?rest_route=\/wp\/v2\/posts\/119995\/revisions\/119996"}],"wp:attachment":[{"href":"https:\/\/www.24baires.com\/index.php?rest_route=%2Fwp%2Fv2%2Fmedia&parent=119995"}],"wp:term":[{"taxonomy":"category","embeddable":true,"href":"https:\/\/www.24baires.com\/index.php?rest_route=%2Fwp%2Fv2%2Fcategories&post=119995"},{"taxonomy":"post_tag","embeddable":true,"href":"https:\/\/www.24baires.com\/index.php?rest_route=%2Fwp%2Fv2%2Ftags&post=119995"}],"curies":[{"name":"wp","href":"https:\/\/api.w.org\/{rel}","templated":true}]}}