{"id":119992,"date":"2023-04-11T20:21:55","date_gmt":"2023-04-11T23:21:55","guid":{"rendered":"http:\/\/www.24baires.com\/?p=119992"},"modified":"2023-04-11T23:25:01","modified_gmt":"2023-04-12T02:25:01","slug":"aumenta-un-35-el-monto-de-la-tarjeta-alimentar","status":"publish","type":"post","link":"https:\/\/www.24baires.com\/?p=119992","title":{"rendered":"Aumenta un 35% el monto de la tarjeta Alimentar"},"content":{"rendered":"<p><img data-recalc-dims=\"1\" loading=\"lazy\" decoding=\"async\" class=\"aligncenter wp-image-119993\" src=\"https:\/\/i0.wp.com\/www.24baires.com\/wp-content\/uploads\/2023\/04\/44ea9484-eea3-40ad-83ee-131fe1a43002_16-9-aspect-ratio_default_0.jpg?resize=720%2C405\" alt=\"\" width=\"720\" height=\"405\" srcset=\"https:\/\/i0.wp.com\/www.24baires.com\/wp-content\/uploads\/2023\/04\/44ea9484-eea3-40ad-83ee-131fe1a43002_16-9-aspect-ratio_default_0.jpg?w=880&amp;ssl=1 880w, https:\/\/i0.wp.com\/www.24baires.com\/wp-content\/uploads\/2023\/04\/44ea9484-eea3-40ad-83ee-131fe1a43002_16-9-aspect-ratio_default_0.jpg?resize=300%2C169&amp;ssl=1 300w, https:\/\/i0.wp.com\/www.24baires.com\/wp-content\/uploads\/2023\/04\/44ea9484-eea3-40ad-83ee-131fe1a43002_16-9-aspect-ratio_default_0.jpg?resize=768%2C432&amp;ssl=1 768w\" sizes=\"auto, (max-width: 720px) 100vw, 720px\" \/>As\u00ed lo anunci\u00f3 el presidente Alberto Fern\u00e1ndez despu\u00e9s de haberse reunido en la Residencia de Olivos con el ministro de Econom\u00eda, Sergio Massa; y la ministra de Desarrollo Social, Victoria Tolosa Paz. Los montos pasar\u00e1n de $12.500 a $17.000 para familias con un hijo\/a de 0 a 14 a\u00f1os, de $19.000 a $26.000 para familias con dos hijos\/as y de $25.000 a $34.000 para familias con tres hijos o m\u00e1s.<!--more--><\/p>\n<p>El Gobierno nacional dispuso hoy un aumento del 35% en la prestaci\u00f3n del programa Tarjeta Alimentar para \u201cgarantizar la canasta b\u00e1sica y mejorar los ingresos de las familias\u201d, adem\u00e1s de dos nuevos incrementos trimestrales durante 2023.<\/p>\n<p>As\u00ed lo anunci\u00f3 el presidente Alberto Fern\u00e1ndez despu\u00e9s de haberse reunido en la Residencia de Olivos con el ministro de Econom\u00eda, Sergio Massa; y la ministra de Desarrollo Social, Victoria Tolosa Paz.<\/p>\n<p>Desde sus redes sociales, el mandatario afirm\u00f3 que su gesti\u00f3n \u201cno va a permitir que se especule con la comida de las familias argentinas\u201d y destac\u00f3 que esa medida \u201csuma $121.000 millones a la inversi\u00f3n ya existente del Estado nacional para la seguridad alimentaria de ni\u00f1as, ni\u00f1os y adolescentes\u201d.<\/p>\n<p>\u201cAlcanzamos a 2.458.238 familias que podr\u00e1n acceder a alimentos sanos, mejorar su poder adquisitivo y fomentar el consumo interno. Con hambre no hay libertad ni desarrollo posibles. Gobernar es generar igualdad\u201d, manifest\u00f3 el Presidente.<\/p>\n<p>La resoluci\u00f3n apunta a \u201cgarantizar la canasta b\u00e1sica y mejorar los ingresos de las familias\u201d, subray\u00f3 el mandatario.<\/p>\n<p>Por su parte, Tolosa Paz afirm\u00f3 que el Gobierno \u201centiende la enorme necesidad de seguir trabajando para seguir cuidando el acceso a la canasta b\u00e1sica de alimentos\u201d.<\/p>\n<p>A partir del aumento del 35% que se percibir\u00e1 en el mes de mayo, los montos pasar\u00e1n de $12.500 a $17.000 para \u201cfamilias con un hijo\/a de 0 a 14 a\u00f1os que perciban Asignaci\u00f3n Universal por Hijo (AUH), Asignaci\u00f3n Universal por Hijo con Discapacidad, Asignaci\u00f3n por Embarazo o Pensi\u00f3n para madre de 7 o m\u00e1s hijos\/as\u201d.<\/p>\n<p>El aumento ir\u00e1 de $19.000 a $26.000 para \u201cfamilias con dos hijos\/as de 0 a 14 a\u00f1os que perciban AUH, Asignaci\u00f3n Universal por Hijo con Discapacidad o Pensi\u00f3n para madre de 7 o m\u00e1s hijos\/as\u201d.<\/p>\n<p>Y el incremento pasar\u00e1 de $25.000 a $34.000 para \u201cfamilias con tres hijos o m\u00e1s de 0 a 14 a\u00f1os de edad que perciban AUH, Asignaci\u00f3n Universal por Hijo con Discapacidad o Pensi\u00f3n para madre de 7 o m\u00e1s hijos\/as\u201d.<\/p>\n<p>La Tarjeta Alimentar es un instrumento que entrega el Estado nacional para la \u201cseguridad alimentaria de ni\u00f1as, ni\u00f1os y adolescentes de 0 a 14 a\u00f1os; alcanza a 2.458.238 titulares, llegando as\u00ed a 4 millones de ni\u00f1as, ni\u00f1os y adolescentes, y permite comprar todo tipo de alimentos, a excepci\u00f3n de bebidas alcoh\u00f3licas\u201d.<\/p>\n","protected":false},"excerpt":{"rendered":"<p>As\u00ed lo anunci\u00f3 el presidente Alberto Fern\u00e1ndez despu\u00e9s de haberse reunido en la Residencia de Olivos con el ministro de Econom\u00eda, Sergio Massa; y la ministra de Desarrollo Social, Victoria Tolosa Paz. Los montos pasar\u00e1n de $12.500 a $17.000 para familias con un hijo\/a de 0 a 14 a\u00f1os, de $19.000 a $26.000 para familias con dos hijos\/as y de [&#8230;]<\/p>\n","protected":false},"author":4,"featured_media":0,"comment_status":"closed","ping_status":"closed","sticky":false,"template":"","format":"standard","meta":{"_jetpack_newsletter_access":"","_jetpack_dont_email_post_to_subs":false,"_jetpack_newsletter_tier_id":0,"_jetpack_memberships_contains_paywalled_content":false,"_jetpack_memberships_contains_paid_content":false,"footnotes":""},"categories":[45],"tags":[],"class_list":["post-119992","post","type-post","status-publish","format-standard","hentry","category-economia"],"jetpack_featured_media_url":"","jetpack_shortlink":"https:\/\/wp.me\/p2JWE0-vdm","jetpack-related-posts":[{"id":113335,"url":"https:\/\/www.24baires.com\/?p=113335","url_meta":{"origin":119992,"position":0},"title":"La primera reuni\u00f3n del Gobierno ser\u00e1 del Plan contra el Hambre","author":"AF","date":"10\/12\/2019","format":false,"excerpt":"\u201cEl cooperativismo y la agricultura familiar ser\u00e1n actores centrales\", dijo Alberto Fern\u00e1ndez, en su discurso de asunci\u00f3n. Las medidas a implementar por el flamante mandatario con el objetivo de fortalecer la econom\u00eda popular incluyen la creaci\u00f3n de los Mercados Alimentar, una nueva tarjeta alimentaria y un plan de becas para\u2026","rel":"","context":"En \u00abPol\u00edtica\u00bb","block_context":{"text":"Pol\u00edtica","link":"https:\/\/www.24baires.com\/?cat=51"},"img":{"alt_text":"","src":"https:\/\/i0.wp.com\/www.24baires.com\/wp-content\/uploads\/2016\/09\/ollas-populares.jpg?resize=350%2C200","width":350,"height":200,"srcset":"https:\/\/i0.wp.com\/www.24baires.com\/wp-content\/uploads\/2016\/09\/ollas-populares.jpg?resize=350%2C200 1x, https:\/\/i0.wp.com\/www.24baires.com\/wp-content\/uploads\/2016\/09\/ollas-populares.jpg?resize=525%2C300 1.5x"},"classes":[]},{"id":119631,"url":"https:\/\/www.24baires.com\/?p=119631","url_meta":{"origin":119992,"position":1},"title":"Los trabajadores formales cobrar\u00e1n un bono de fin de a\u00f1o de 24 mil pesos","author":"AF","date":"14\/12\/2022","format":false,"excerpt":"La suma ser\u00e1 abonada en diciembre por \u00fanica vez. Tambien los titulares del programa Potenciar Trabajo cobrar\u00e1n un bono de 13.500 pesos en dos cuotas. El Gobierno anunci\u00f3 el pago de un bono de 13.500 pesos en dos cuotas para los beneficiarios del plan Potenciar Trabajo y otro de 24.000\u2026","rel":"","context":"En \u00abSociedad\u00bb","block_context":{"text":"Sociedad","link":"https:\/\/www.24baires.com\/?cat=1"},"img":{"alt_text":"","src":"https:\/\/i0.wp.com\/www.24baires.com\/wp-content\/uploads\/2019\/02\/trabajador.jpg?resize=350%2C200","width":350,"height":200,"srcset":"https:\/\/i0.wp.com\/www.24baires.com\/wp-content\/uploads\/2019\/02\/trabajador.jpg?resize=350%2C200 1x, https:\/\/i0.wp.com\/www.24baires.com\/wp-content\/uploads\/2019\/02\/trabajador.jpg?resize=525%2C300 1.5x, https:\/\/i0.wp.com\/www.24baires.com\/wp-content\/uploads\/2019\/02\/trabajador.jpg?resize=700%2C400 2x"},"classes":[]},{"id":120416,"url":"https:\/\/www.24baires.com\/?p=120416","url_meta":{"origin":119992,"position":2},"title":"Multar\u00e1n a empresas que no paguen el bono anunciado por Massa","author":"AF","date":"29\/08\/2023","format":false,"excerpt":"La ministra de Trabajo convoc\u00f3 a los gremios a \"acompa\u00f1ar\" e \"identificar a las empresas\" que no cumplan con las medidas anunciadas por el ministro de Econom\u00eda. Su par de Desarrollo Social, as\u00ed como la titular de la ANSES y de la AFIP, ampliaron el detalle de las medidas dadas\u2026","rel":"","context":"En \u00abSociedad\u00bb","block_context":{"text":"Sociedad","link":"https:\/\/www.24baires.com\/?cat=1"},"img":{"alt_text":"","src":"https:\/\/i0.wp.com\/www.24baires.com\/wp-content\/uploads\/2023\/08\/WhatsApp-Image-2023-08-29-at-21.38.07.jpeg?resize=350%2C200","width":350,"height":200,"srcset":"https:\/\/i0.wp.com\/www.24baires.com\/wp-content\/uploads\/2023\/08\/WhatsApp-Image-2023-08-29-at-21.38.07.jpeg?resize=350%2C200 1x, https:\/\/i0.wp.com\/www.24baires.com\/wp-content\/uploads\/2023\/08\/WhatsApp-Image-2023-08-29-at-21.38.07.jpeg?resize=525%2C300 1.5x, https:\/\/i0.wp.com\/www.24baires.com\/wp-content\/uploads\/2023\/08\/WhatsApp-Image-2023-08-29-at-21.38.07.jpeg?resize=700%2C400 2x"},"classes":[]},{"id":116025,"url":"https:\/\/www.24baires.com\/?p=116025","url_meta":{"origin":119992,"position":3},"title":"Fern\u00e1ndez asegura que el Gobierno nacional est\u00e1 dando \u00abotro paso\u00bb despu\u00e9s \u00abde dos pandemias\u00bb","author":"AF","date":"21\/08\/2020","format":false,"excerpt":"El Presidente anunci\u00f3 obras de infraestructura para los partidos bonaerenses de San Fernando, Escobar y Malvinas Argentinas, por una inversi\u00f3n de casi 2.600 millones de pesos. El presidente Alberto Fern\u00e1ndez present\u00f3 como \"otro paso\" para \"poner de pie a la Argentina\" las mejoras en el servicio de Ferrocarriles que hoy\u2026","rel":"","context":"En \u00abPol\u00edtica\u00bb","block_context":{"text":"Pol\u00edtica","link":"https:\/\/www.24baires.com\/?cat=51"},"img":{"alt_text":"","src":"https:\/\/i0.wp.com\/www.24baires.com\/wp-content\/uploads\/2020\/08\/alberto-fern%C3%A1ndez.jpg?resize=350%2C200","width":350,"height":200,"srcset":"https:\/\/i0.wp.com\/www.24baires.com\/wp-content\/uploads\/2020\/08\/alberto-fern%C3%A1ndez.jpg?resize=350%2C200 1x, https:\/\/i0.wp.com\/www.24baires.com\/wp-content\/uploads\/2020\/08\/alberto-fern%C3%A1ndez.jpg?resize=525%2C300 1.5x"},"classes":[]},{"id":120118,"url":"https:\/\/www.24baires.com\/?p=120118","url_meta":{"origin":119992,"position":4},"title":"El Gobierno anunci\u00f3 medidas para incentivar el consumo","author":"AF","date":"22\/05\/2023","format":false,"excerpt":"El ministro de Econom\u00eda, Sergio Massa, acord\u00f3 con las entidades bancarias p\u00fablicas y privadas de capital nacional el nuevo esquema de \"Fortalecimiento del cr\u00e9dito al sector privado y mejoras del marco normativo\". El objetivo es hacer frente a los efectos negativos de la sequ\u00eda en el mercado interno. El ministro\u2026","rel":"","context":"En \u00abEconom\u00eda\u00bb","block_context":{"text":"Econom\u00eda","link":"https:\/\/www.24baires.com\/?cat=45"},"img":{"alt_text":"","src":"https:\/\/i0.wp.com\/www.24baires.com\/wp-content\/uploads\/2023\/05\/massa-1.webp?resize=350%2C200","width":350,"height":200,"srcset":"https:\/\/i0.wp.com\/www.24baires.com\/wp-content\/uploads\/2023\/05\/massa-1.webp?resize=350%2C200 1x, https:\/\/i0.wp.com\/www.24baires.com\/wp-content\/uploads\/2023\/05\/massa-1.webp?resize=525%2C300 1.5x, https:\/\/i0.wp.com\/www.24baires.com\/wp-content\/uploads\/2023\/05\/massa-1.webp?resize=700%2C400 2x"},"classes":[]},{"id":120469,"url":"https:\/\/www.24baires.com\/?p=120469","url_meta":{"origin":119992,"position":5},"title":"Massa anunci\u00f3 la devoluci\u00f3n del IVA para monotributistas, jubilados y trabajadores","author":"GB","date":"14\/09\/2023","format":false,"excerpt":"El ministro de Econom\u00eda, Sergio Massa, anunci\u00f3 nuevas medidas econ\u00f3micas que beneficiar\u00e1n a monotributistas, jubilados y trabajadores que no pagan Ganancias. Luego de conocerse la inflaci\u00f3n de agosto, el ministro de Econom\u00eda de la Naci\u00f3n y candidato a la presidencia por Uni\u00f3n por la Patria, Sergio Massa, anunci\u00f3 una serie\u2026","rel":"","context":"En \u00abEconom\u00eda\u00bb","block_context":{"text":"Econom\u00eda","link":"https:\/\/www.24baires.com\/?cat=45"},"img":{"alt_text":"","src":"https:\/\/i0.wp.com\/www.24baires.com\/wp-content\/uploads\/2023\/08\/massa.webp?resize=350%2C200","width":350,"height":200,"srcset":"https:\/\/i0.wp.com\/www.24baires.com\/wp-content\/uploads\/2023\/08\/massa.webp?resize=350%2C200 1x, https:\/\/i0.wp.com\/www.24baires.com\/wp-content\/uploads\/2023\/08\/massa.webp?resize=525%2C300 1.5x, https:\/\/i0.wp.com\/www.24baires.com\/wp-content\/uploads\/2023\/08\/massa.webp?resize=700%2C400 2x"},"classes":[]}],"jetpack_sharing_enabled":true,"jetpack_likes_enabled":true,"_links":{"self":[{"href":"https:\/\/www.24baires.com\/index.php?rest_route=\/wp\/v2\/posts\/119992","targetHints":{"allow":["GET"]}}],"collection":[{"href":"https:\/\/www.24baires.com\/index.php?rest_route=\/wp\/v2\/posts"}],"about":[{"href":"https:\/\/www.24baires.com\/index.php?rest_route=\/wp\/v2\/types\/post"}],"author":[{"embeddable":true,"href":"https:\/\/www.24baires.com\/index.php?rest_route=\/wp\/v2\/users\/4"}],"replies":[{"embeddable":true,"href":"https:\/\/www.24baires.com\/index.php?rest_route=%2Fwp%2Fv2%2Fcomments&post=119992"}],"version-history":[{"count":1,"href":"https:\/\/www.24baires.com\/index.php?rest_route=\/wp\/v2\/posts\/119992\/revisions"}],"predecessor-version":[{"id":119994,"href":"https:\/\/www.24baires.com\/index.php?rest_route=\/wp\/v2\/posts\/119992\/revisions\/119994"}],"wp:attachment":[{"href":"https:\/\/www.24baires.com\/index.php?rest_route=%2Fwp%2Fv2%2Fmedia&parent=119992"}],"wp:term":[{"taxonomy":"category","embeddable":true,"href":"https:\/\/www.24baires.com\/index.php?rest_route=%2Fwp%2Fv2%2Fcategories&post=119992"},{"taxonomy":"post_tag","embeddable":true,"href":"https:\/\/www.24baires.com\/index.php?rest_route=%2Fwp%2Fv2%2Ftags&post=119992"}],"curies":[{"name":"wp","href":"https:\/\/api.w.org\/{rel}","templated":true}]}}