{"id":119985,"date":"2023-04-05T20:04:53","date_gmt":"2023-04-05T23:04:53","guid":{"rendered":"http:\/\/www.24baires.com\/?p=119985"},"modified":"2023-04-05T22:07:40","modified_gmt":"2023-04-06T01:07:40","slug":"massa-anuncio-el-dolar-agro-a-300","status":"publish","type":"post","link":"https:\/\/www.24baires.com\/?p=119985","title":{"rendered":"Massa anunci\u00f3 el d\u00f3lar agro a $300"},"content":{"rendered":"<p><img data-recalc-dims=\"1\" loading=\"lazy\" decoding=\"async\" class=\"aligncenter wp-image-119986\" src=\"https:\/\/i0.wp.com\/www.24baires.com\/wp-content\/uploads\/2023\/04\/massa.jpeg?resize=720%2C480\" alt=\"\" width=\"720\" height=\"480\" srcset=\"https:\/\/i0.wp.com\/www.24baires.com\/wp-content\/uploads\/2023\/04\/massa.jpeg?w=960&amp;ssl=1 960w, https:\/\/i0.wp.com\/www.24baires.com\/wp-content\/uploads\/2023\/04\/massa.jpeg?resize=300%2C200&amp;ssl=1 300w, https:\/\/i0.wp.com\/www.24baires.com\/wp-content\/uploads\/2023\/04\/massa.jpeg?resize=768%2C512&amp;ssl=1 768w\" sizes=\"auto, (max-width: 720px) 100vw, 720px\" \/>El ministro de Econom\u00eda present\u00f3 el Programa de Incremento Exportador a trav\u00e9s de tres decretos que establecen, entre otras cosas, un tipo de cambio diferencial. El plan se extender\u00e1 desde el 8 de abril hasta el 31 de mayo para la cadena sojera, y entre el 8 de abril y el 30 de agosto para las exportaciones de econom\u00edas regionales, las cuales deber\u00e1n cumplir requisitos especiales.<!--more--><\/p>\n<p>El ministro de Econom\u00eda, Sergio Massa, present\u00f3 este mi\u00e9rcoles el programa de aumento exportador a trav\u00e9s de tres decretos que establecen, entre otras cosas, un tipo de cambio diferencial y temporal para una serie de complejos agroindustriales.<\/p>\n<p>El primer decreto, detall\u00f3 Massa, ordena la automaticidad de los beneficios de la emergencia para todos los productores de la Argentina. \u00abPretendemos que se suspendan ejecuciones fiscales, que se suspendan ejecuciones bancarias, y que se suspendan mientras dure la emergencia las percepciones de adelanto o anticipo de impuestos que cobra el Estado\u00bb.<\/p>\n<p>Con esa medida, se busca \u00abque de alguna manera los 69.000 productores sientan que el Estado argentino no solamente los asiste con alg\u00fan aporte no reintegrable sino que adem\u00e1s les facilita el mantenerse con acceso al mercado de cr\u00e9dito para encarar lo que aspiramos sea una mejor etapa a partir de mayo con la llegada de las lluvias\u00bb.<\/p>\n<p>El nuevo d\u00f3lar agro<br \/>\nEl segundo decreto \u00abest\u00e1 orientado al Programa del Incremento Exportador\u00bb, continu\u00f3 Massa. \u00abHemos decidido avanzar no solo con soja sino tambi\u00e9n con econom\u00edas regionales\u00bb, destac\u00f3 como novedad. El plan, denominado Programa de Incremento Exportador, se extender\u00e1 desde el 8 de abril hasta el 31 de mayo para la cadena sojera, y entre el 8 de abril y el 30 de agosto para las exportaciones de econom\u00edas regionales.<\/p>\n<p>En el caso de la soja, se \u00abprev\u00e9 un tipo de cambio fijo de $300 que de alguna manera lo que hace es mejorar el precio para el productor pero adem\u00e1s incentivar las exportaciones argentinas y fortalecer las reservas\u00bb.<\/p>\n<p>Las econom\u00edas regionales<br \/>\nEn el caso de las econom\u00edas regionales, podr\u00e1n acceder al Programa del Incremento Exportador si cumplen ciertas condiciones: \u00abPrimero, participar del programa de precios. Segundo, mantener empleo. Y tercero, garantizar volumen y abastecimiento de los productos que se comprometen en el programa de precios\u00bb, detall\u00f3 el funcionario.<\/p>\n<p>Esto, agreg\u00f3 el ministro, garantiza que \u00abargentinos y argentinas consuman a un precio justo sus alimentos que son producidos en Argentina\u00bb.<\/p>\n<p>Sanciones para quienes no liquiden divisas<br \/>\nEl tercer decreto, por \u00faltimo, est\u00e1 enfocado \u00aben aquellos que no juegan limpio como pretendemos que jueguen\u00bb los sectores exportadores. \u00abDesgraciadamente\u00bb, advirti\u00f3 Massa, \u00aben el sistema de liquidaci\u00f3n de las exportaciones argentinas cada uno de ustedes tiene un plazo de 180 d\u00edas y hay muchos que hacen el esfuerzo (&#8230;) mientras que otros especulan y que le hacen trampa al Estado\u00bb.<\/p>\n<p>Actualmente, asegur\u00f3, \u00abhay m\u00e1s de 3.700 millones de d\u00f3lares de empresas argentinas exportadoras que no han cumplido con la liquidaci\u00f3n de los d\u00f3lares que exportan\u00bb. En ese caso, anunci\u00f3, \u00abvamos a hacer muy duros, vamos a activar un mecanismo de suspensi\u00f3n del CUIT vencidos los plazos establecidos en el decreto\u00bb.<\/p>\n<p>\u00abAspiramos a que aquellos que evadieron su obligaci\u00f3n con el Banco Central de alguna manera se transformen en personas no h\u00e1biles comercialmente porque le hacen da\u00f1o no solamente a las empresas argentinas y a las econom\u00edas que trabajan, producen y exportan sino tambi\u00e9n a la credibilidad y fortaleza de la moneda argentina\u00bb, remarc\u00f3.<\/p>\n<p>&nbsp;<\/p>\n<p>&nbsp;<\/p>\n<p>FUENTE: P\u00e1gina 12<\/p>\n","protected":false},"excerpt":{"rendered":"<p>El ministro de Econom\u00eda present\u00f3 el Programa de Incremento Exportador a trav\u00e9s de tres decretos que establecen, entre otras cosas, un tipo de cambio diferencial. El plan se extender\u00e1 desde el 8 de abril hasta el 31 de mayo para la cadena sojera, y entre el 8 de abril y el 30 de agosto para las exportaciones de econom\u00edas regionales, [&#8230;]<\/p>\n","protected":false},"author":4,"featured_media":0,"comment_status":"closed","ping_status":"closed","sticky":false,"template":"","format":"standard","meta":{"_jetpack_newsletter_access":"","_jetpack_dont_email_post_to_subs":false,"_jetpack_newsletter_tier_id":0,"_jetpack_memberships_contains_paywalled_content":false,"_jetpack_memberships_contains_paid_content":false,"footnotes":""},"categories":[45],"tags":[],"class_list":["post-119985","post","type-post","status-publish","format-standard","hentry","category-economia"],"jetpack_featured_media_url":"","jetpack_shortlink":"https:\/\/wp.me\/p2JWE0-vdf","jetpack-related-posts":[{"id":119406,"url":"https:\/\/www.24baires.com\/?p=119406","url_meta":{"origin":119985,"position":0},"title":"Habr\u00e1 medidas para sectores vulnerables a partir de los resultados del d\u00f3lar soja","author":"AF","date":"30\/09\/2022","format":false,"excerpt":"El ministro de Econom\u00eda encabez\u00f3 en el Palacio de Hacienda la presentaci\u00f3n de los resultados del r\u00e9gimen de fomento a las exportaciones agroindustriales y el programa de fortalecimiento de peque\u00f1os y medianos productores. El ministro de Econom\u00eda, Sergio Massa, destac\u00f3 que el Programa de Incremento Exportador (PIE), conocido como \"d\u00f3lar\u2026","rel":"","context":"En \u00abEconom\u00eda\u00bb","block_context":{"text":"Econom\u00eda","link":"https:\/\/www.24baires.com\/?cat=45"},"img":{"alt_text":"","src":"https:\/\/i0.wp.com\/www.24baires.com\/wp-content\/uploads\/2022\/09\/massa..jpg?resize=350%2C200","width":350,"height":200,"srcset":"https:\/\/i0.wp.com\/www.24baires.com\/wp-content\/uploads\/2022\/09\/massa..jpg?resize=350%2C200 1x, https:\/\/i0.wp.com\/www.24baires.com\/wp-content\/uploads\/2022\/09\/massa..jpg?resize=525%2C300 1.5x, https:\/\/i0.wp.com\/www.24baires.com\/wp-content\/uploads\/2022\/09\/massa..jpg?resize=700%2C400 2x"},"classes":[]},{"id":120305,"url":"https:\/\/www.24baires.com\/?p=120305","url_meta":{"origin":119985,"position":1},"title":"Massa anunci\u00f3 el fin de las retenciones para econom\u00edas regionales","author":"AF","date":"24\/07\/2023","format":false,"excerpt":"El ministro de Econom\u00eda y candidato presidencial de UxP critic\u00f3 a los dirigentes de la oposici\u00f3n que hab\u00edan asegurado que se aplicar\u00edan retenciones a \"200 econom\u00edas regionales\". \"Las consignas f\u00e1ciles y lindas para repetir en la tele, son pan para hoy y hambre para ma\u00f1ana\", afirm\u00f3. El ministro de Econom\u00eda\u2026","rel":"","context":"En \u00abPol\u00edtica\u00bb","block_context":{"text":"Pol\u00edtica","link":"https:\/\/www.24baires.com\/?cat=51"},"img":{"alt_text":"","src":"https:\/\/i0.wp.com\/www.24baires.com\/wp-content\/uploads\/2023\/07\/WhatsApp-Image-2023-07-24-at-19.44.07.jpeg?resize=350%2C200","width":350,"height":200,"srcset":"https:\/\/i0.wp.com\/www.24baires.com\/wp-content\/uploads\/2023\/07\/WhatsApp-Image-2023-07-24-at-19.44.07.jpeg?resize=350%2C200 1x, https:\/\/i0.wp.com\/www.24baires.com\/wp-content\/uploads\/2023\/07\/WhatsApp-Image-2023-07-24-at-19.44.07.jpeg?resize=525%2C300 1.5x, https:\/\/i0.wp.com\/www.24baires.com\/wp-content\/uploads\/2023\/07\/WhatsApp-Image-2023-07-24-at-19.44.07.jpeg?resize=700%2C400 2x"},"classes":[]},{"id":120346,"url":"https:\/\/www.24baires.com\/?p=120346","url_meta":{"origin":119985,"position":2},"title":"El Gobierno analiza el pago de una suma fija a trabajadores","author":"AF","date":"07\/08\/2023","format":false,"excerpt":"El ministro Sergio Massa expres\u00f3 que eval\u00faa junto con los sectores sindicales una suma fija para los trabajadores, bajo \"la convicci\u00f3n de que tenemos que buscar mecanismos de mejora del ingreso\". Tambi\u00e9n anunci\u00f3 una inversi\u00f3n de $ 19.000 millones para financiar a pymes exportadoras. \"El gran objetivo debe ser promover\u2026","rel":"","context":"En \u00abEconom\u00eda\u00bb","block_context":{"text":"Econom\u00eda","link":"https:\/\/www.24baires.com\/?cat=45"},"img":{"alt_text":"","src":"https:\/\/i0.wp.com\/www.24baires.com\/wp-content\/uploads\/2023\/08\/massa.jpeg?resize=350%2C200","width":350,"height":200,"srcset":"https:\/\/i0.wp.com\/www.24baires.com\/wp-content\/uploads\/2023\/08\/massa.jpeg?resize=350%2C200 1x, https:\/\/i0.wp.com\/www.24baires.com\/wp-content\/uploads\/2023\/08\/massa.jpeg?resize=525%2C300 1.5x, https:\/\/i0.wp.com\/www.24baires.com\/wp-content\/uploads\/2023\/08\/massa.jpeg?resize=700%2C400 2x"},"classes":[]},{"id":119715,"url":"https:\/\/www.24baires.com\/?p=119715","url_meta":{"origin":119985,"position":3},"title":"Massa dijo que la inflaci\u00f3n se soluciona con \u201corden fiscal y disciplina\u201d","author":"GB","date":"13\/01\/2023","format":false,"excerpt":"El ministro de Econom\u00eda nacional, Sergio Massa, habl\u00f3 sobre la inflaci\u00f3n sosteniendo que se trata de \u201cla fiebre de una econom\u00eda enferma\u201d y brind\u00f3 los m\u00e9todos para solucionarla Sergio Massa sostuvo que la inflaci\u00f3n \u201cno es ni m\u00e1s ni menos que la fiebre de una econom\u00eda enferma\u201d aclarando que bajarla\u2026","rel":"","context":"En \u00abEconom\u00eda\u00bb","block_context":{"text":"Econom\u00eda","link":"https:\/\/www.24baires.com\/?cat=45"},"img":{"alt_text":"","src":"https:\/\/i0.wp.com\/www.24baires.com\/wp-content\/uploads\/2023\/01\/WhatsApp-Image-2023-01-13-at-09.45.23-1024x682.jpeg.webp?resize=350%2C200","width":350,"height":200,"srcset":"https:\/\/i0.wp.com\/www.24baires.com\/wp-content\/uploads\/2023\/01\/WhatsApp-Image-2023-01-13-at-09.45.23-1024x682.jpeg.webp?resize=350%2C200 1x, https:\/\/i0.wp.com\/www.24baires.com\/wp-content\/uploads\/2023\/01\/WhatsApp-Image-2023-01-13-at-09.45.23-1024x682.jpeg.webp?resize=525%2C300 1.5x, https:\/\/i0.wp.com\/www.24baires.com\/wp-content\/uploads\/2023\/01\/WhatsApp-Image-2023-01-13-at-09.45.23-1024x682.jpeg.webp?resize=700%2C400 2x"},"classes":[]},{"id":119163,"url":"https:\/\/www.24baires.com\/?p=119163","url_meta":{"origin":119985,"position":4},"title":"Massa apostar\u00e1 a los incentivos fiscales","author":"AF","date":"30\/07\/2022","format":false,"excerpt":"Desde su equipo de colaboradores adelantaron a T\u00e9lam que el designado ministro de Econom\u00eda buscar\u00e1 potenciar los sectores de la energ\u00eda, la agroindustria y la econom\u00eda del conocimiento, al tiempo que apuntar\u00e1 a profundizar \"la b\u00fasqueda de consensos\" con el FMI. El designado ministro de Econom\u00eda, Sergio Massa, priorizar\u00e1 la\u2026","rel":"","context":"En \u00abEconom\u00eda\u00bb","block_context":{"text":"Econom\u00eda","link":"https:\/\/www.24baires.com\/?cat=45"},"img":{"alt_text":"","src":"https:\/\/i0.wp.com\/www.24baires.com\/wp-content\/uploads\/2022\/07\/6273e672eab38_900.jpg?resize=350%2C200","width":350,"height":200,"srcset":"https:\/\/i0.wp.com\/www.24baires.com\/wp-content\/uploads\/2022\/07\/6273e672eab38_900.jpg?resize=350%2C200 1x, https:\/\/i0.wp.com\/www.24baires.com\/wp-content\/uploads\/2022\/07\/6273e672eab38_900.jpg?resize=525%2C300 1.5x, https:\/\/i0.wp.com\/www.24baires.com\/wp-content\/uploads\/2022\/07\/6273e672eab38_900.jpg?resize=700%2C400 2x"},"classes":[]},{"id":119291,"url":"https:\/\/www.24baires.com\/?p=119291","url_meta":{"origin":119985,"position":5},"title":"El Gobierno nacional anunci\u00f3 un nuevo \u00abd\u00f3lar soja\u00bb","author":"GB","date":"05\/09\/2022","format":false,"excerpt":"El ministro de Econom\u00eda anunci\u00f3 la implementaci\u00f3n de un d\u00f3lar a 200 pesos destinado a la liquidaci\u00f3n de la cosecha de soja. Gobierno de la naci\u00f3n anunci\u00f3 un nuevo tipo de cambio de 200 pesos por d\u00f3lar destinado a las transacciones internacionales de soja. Esta medida con la que se\u2026","rel":"","context":"En \u00abEconom\u00eda\u00bb","block_context":{"text":"Econom\u00eda","link":"https:\/\/www.24baires.com\/?cat=45"},"img":{"alt_text":"","src":"https:\/\/i0.wp.com\/www.24baires.com\/wp-content\/uploads\/2022\/09\/massa-dolar-sojapng.png?resize=350%2C200","width":350,"height":200,"srcset":"https:\/\/i0.wp.com\/www.24baires.com\/wp-content\/uploads\/2022\/09\/massa-dolar-sojapng.png?resize=350%2C200 1x, https:\/\/i0.wp.com\/www.24baires.com\/wp-content\/uploads\/2022\/09\/massa-dolar-sojapng.png?resize=525%2C300 1.5x, https:\/\/i0.wp.com\/www.24baires.com\/wp-content\/uploads\/2022\/09\/massa-dolar-sojapng.png?resize=700%2C400 2x"},"classes":[]}],"jetpack_sharing_enabled":true,"jetpack_likes_enabled":true,"_links":{"self":[{"href":"https:\/\/www.24baires.com\/index.php?rest_route=\/wp\/v2\/posts\/119985","targetHints":{"allow":["GET"]}}],"collection":[{"href":"https:\/\/www.24baires.com\/index.php?rest_route=\/wp\/v2\/posts"}],"about":[{"href":"https:\/\/www.24baires.com\/index.php?rest_route=\/wp\/v2\/types\/post"}],"author":[{"embeddable":true,"href":"https:\/\/www.24baires.com\/index.php?rest_route=\/wp\/v2\/users\/4"}],"replies":[{"embeddable":true,"href":"https:\/\/www.24baires.com\/index.php?rest_route=%2Fwp%2Fv2%2Fcomments&post=119985"}],"version-history":[{"count":1,"href":"https:\/\/www.24baires.com\/index.php?rest_route=\/wp\/v2\/posts\/119985\/revisions"}],"predecessor-version":[{"id":119987,"href":"https:\/\/www.24baires.com\/index.php?rest_route=\/wp\/v2\/posts\/119985\/revisions\/119987"}],"wp:attachment":[{"href":"https:\/\/www.24baires.com\/index.php?rest_route=%2Fwp%2Fv2%2Fmedia&parent=119985"}],"wp:term":[{"taxonomy":"category","embeddable":true,"href":"https:\/\/www.24baires.com\/index.php?rest_route=%2Fwp%2Fv2%2Fcategories&post=119985"},{"taxonomy":"post_tag","embeddable":true,"href":"https:\/\/www.24baires.com\/index.php?rest_route=%2Fwp%2Fv2%2Ftags&post=119985"}],"curies":[{"name":"wp","href":"https:\/\/api.w.org\/{rel}","templated":true}]}}