{"id":119965,"date":"2023-03-30T20:18:45","date_gmt":"2023-03-30T23:18:45","guid":{"rendered":"http:\/\/www.24baires.com\/?p=119965"},"modified":"2023-03-30T23:20:27","modified_gmt":"2023-03-31T02:20:27","slug":"las-alimenticias-rompen-el-pacto-con-el-gobierno","status":"publish","type":"post","link":"https:\/\/www.24baires.com\/?p=119965","title":{"rendered":"Las alimenticias rompen el pacto con el Gobierno"},"content":{"rendered":"<p><img data-recalc-dims=\"1\" loading=\"lazy\" decoding=\"async\" class=\"aligncenter wp-image-118728\" src=\"https:\/\/i0.wp.com\/www.24baires.com\/wp-content\/uploads\/2022\/04\/61b8c911edf0c_900.jpg?resize=720%2C405\" alt=\"\" width=\"720\" height=\"405\" srcset=\"https:\/\/i0.wp.com\/www.24baires.com\/wp-content\/uploads\/2022\/04\/61b8c911edf0c_900.jpg?w=900&amp;ssl=1 900w, https:\/\/i0.wp.com\/www.24baires.com\/wp-content\/uploads\/2022\/04\/61b8c911edf0c_900.jpg?resize=300%2C169&amp;ssl=1 300w, https:\/\/i0.wp.com\/www.24baires.com\/wp-content\/uploads\/2022\/04\/61b8c911edf0c_900.jpg?resize=768%2C432&amp;ssl=1 768w\" sizes=\"auto, (max-width: 720px) 100vw, 720px\" \/>Los grandes supermercados rechazaron listas de Ledesma, Milkaut, Arcor harineras y Mondelez, entre otras, que pretenden subas por encima de la inflaci\u00f3n. En los barrios, los comercios no tienen margen para rechazarles aumentos.<!--more--><\/p>\n<p>Las empresas productoras de alimentos y productos de la canasta b\u00e1sica le blanquearon al Gobierno, con acciones directas, que est\u00e1n entrando en una especie de guerra fr\u00eda que desaf\u00eda cualquier intento oficial por ordenar los precios. Seg\u00fan la informaci\u00f3n exclusiva a la que accedi\u00f3 P\u00e1gina I12, los grandes supermercados est\u00e1n rechazando listas de precios de productos b\u00e1sicos con subas de entre 20 y 45 por ciento, muy por encima del 3,2 por ciento que acordaron esas mismas empresas con el Gobierno Nacional en el marco de Precios Justos.<\/p>\n<p>Precisamente por ese rechazo de listas que hacen los comercios nucleados en la Asociaci\u00f3n de Supermercados Unidos (ASU), el cumplimiento de la pauta de Justos en los h\u00edper es cercana al 98 por ciento; mientras que por fuera de las grandes cadenas los comercios barriales no tienen espaldas para decirles que no a las listas de las grandes marcas, y terminan vendiendo m\u00e1s caro obligadas.<\/p>\n<p>Este comportamiento, luego de varios meses del cambio de ministro de Econom\u00eda y diferentes acuerdos mediantes, tiene un componente pol\u00edtico: las empresas observan, como pas\u00f3 ya en gestiones anteriores, que el oficialismo tiene algo m\u00e1s de 6 meses de gesti\u00f3n y le queda poco poder para resistir los embates de las firmas que nuclean la producci\u00f3n de alimentos. Sobre esa debilidad, presionan con subas de precios mayores, algo parecido al procedimiento que tuvieron esas mismas compa\u00f1\u00edas hacia finales del Gobierno de Mauricio Macri.<\/p>\n<p>La n\u00f3mina de listas rechazadas por los hipermercados son varias. La azucarera Ledesma, de los Blaquier, pas\u00f3 aumentos del 40 por ciento. El sector harinas en su conjunto, donde conviven AdeccoAgro, Molinos y Ca\u00f1uelas, listas con subas de 22 por ciento. Mientras que las arroceras pidieron aumentar un 45 por ciento. M\u00e1s all\u00e1 de que estas dos \u00faltimas subas son superiores a lo permitido por el Gobierno, se comprende un mayor impacto por el golpe que produjo la sequ\u00eda.<\/p>\n<p>Pero hay otros casos que muestran c\u00f3mo las empresas est\u00e1n enfrentando al Gobierno con aumentos. Hubo subas muy por encima de la media por parte de la alimenticia Mondelez (Ex Kraft) y de la cervecera Quilmes, que lo hicieron via ca\u00eddas de promociones a los comercios, que supone un aumento de precios. Lo mismo hizo Procter and Gamble, la empresa de higiene y limpieza. Por el lado de Quilmes, aclararon a este diario que no es real que hayan bajado promociones, sino que \u00abse sostienen\u00bb.<\/p>\n<p>Por su parte, la l\u00e1ctea Milkaut inform\u00f3 a las cadenas que \u00abel 3,2 del Gobierno no nos sirve\u00bb y pas\u00f3 listas con subas superiores al 9 por ciento. Arcor, en esa l\u00ednea, pas\u00f3 listas con subas del 5 por ciento, mientras que Bodegas Balbo (Los Haroldos), pas\u00f3 aumentos del 9 por ciento.<\/p>\n<p>Vale decir que el ministerio de Econom\u00eda, v\u00eda la Secretar\u00eda de Comercio Interior, dispuso un sendero de estabilizaci\u00f3n de precios que se acord\u00f3 con las empresas. En un principio fue del 4 por ciento de aumento m\u00e1ximo permitido y luego se bajo a 3,2 por ciento, ante la intenci\u00f3n oficial de alinear a la baja expectativas inflacionarias. Si bien el acuerdo era voluntario, todas las mismas firmas que hoy aumentan se comprometieron con Sergio Massa a no subir m\u00e1s que la pauta oficial. Hoy, el paraguas que frena la aplicaci\u00f3n de esas alzas que pasan las alimenticias son los mismos hiper nucleados en ASU (Coto, Cencosud, Carrefour, Chango M\u00e1s, entre otros), por eso hay precios m\u00e1s baratos en las grandes cadenas.<\/p>\n<p>Pero esas mismas listas que los super grandes rechazan, son presentadas por las alimenticias en comercios barriales que, por no tener espalda financiera y necesitar vol\u00famen de mercader\u00eda, se ven obligados a tomarlas y, en consecuencia, a vender m\u00e1s caros los mismos productos que los hipermercados venden a precio regulado. Fuentes de la Federaci\u00f3n de Almaceneros de la Provincia de Buenos Aires aseguraron a este diario que en los barrios el precio de la harina subi\u00f3 hasta 50 por ciento. Y lo mismo ocurri\u00f3 con los derivados como las galletitas, que desde enero aumentaron a ritmo de 10 por ciento mensual. Ese mismo porcentaje aumentaron los fideos secos.<\/p>\n<p>El gran problema del Gobierno es que, m\u00e1s all\u00e1 de la disputa que le plantean las empresas no cumpliendo los acuerdos, el hecho de no ser efectivo el Estado en el monitoreo de lo que pasa afuera de los hiper, en los barrios, no solo le pega m\u00e1s al bolsillo de los que menos tienen sino que es central para que el IPC del INDEC siga dando subas muy fuertes en alimentos.<\/p>\n<p>Fuente: Leandro Renou \/ P\u00e1gina 12<\/p>\n","protected":false},"excerpt":{"rendered":"<p>Los grandes supermercados rechazaron listas de Ledesma, Milkaut, Arcor harineras y Mondelez, entre otras, que pretenden subas por encima de la inflaci\u00f3n. En los barrios, los comercios no tienen margen para rechazarles aumentos.<\/p>\n","protected":false},"author":4,"featured_media":0,"comment_status":"closed","ping_status":"closed","sticky":false,"template":"","format":"standard","meta":{"_jetpack_newsletter_access":"","_jetpack_dont_email_post_to_subs":false,"_jetpack_newsletter_tier_id":0,"_jetpack_memberships_contains_paywalled_content":false,"_jetpack_memberships_contains_paid_content":false,"footnotes":""},"categories":[45],"tags":[],"class_list":["post-119965","post","type-post","status-publish","format-standard","hentry","category-economia"],"jetpack_featured_media_url":"","jetpack_shortlink":"https:\/\/wp.me\/p2JWE0-vcV","jetpack-related-posts":[{"id":120682,"url":"https:\/\/www.24baires.com\/?p=120682","url_meta":{"origin":119965,"position":0},"title":"El Gobierno logr\u00f3 contener los aumentos en los supermercados","author":"GB","date":"22\/11\/2023","format":false,"excerpt":"Luego de la negociaci\u00f3n entre la Secretar\u00eda de Comercio y las empresas, el Gobierno acord\u00f3 aumentos de hasta el 12% para noviembre y del 5% en diciembre. Tras el aumento de precios de este martes, la Secretar\u00eda de Comercio de la Naci\u00f3n acord\u00f3 con supermercados y empresas de consumo masivo\u2026","rel":"","context":"En \u00abConsumidores\u00bb","block_context":{"text":"Consumidores","link":"https:\/\/www.24baires.com\/?cat=78"},"img":{"alt_text":"","src":"https:\/\/i0.wp.com\/www.24baires.com\/wp-content\/uploads\/2022\/11\/sergio-massa-precios-justosjpg.jpg?resize=350%2C200","width":350,"height":200,"srcset":"https:\/\/i0.wp.com\/www.24baires.com\/wp-content\/uploads\/2022\/11\/sergio-massa-precios-justosjpg.jpg?resize=350%2C200 1x, https:\/\/i0.wp.com\/www.24baires.com\/wp-content\/uploads\/2022\/11\/sergio-massa-precios-justosjpg.jpg?resize=525%2C300 1.5x, https:\/\/i0.wp.com\/www.24baires.com\/wp-content\/uploads\/2022\/11\/sergio-massa-precios-justosjpg.jpg?resize=700%2C400 2x"},"classes":[]},{"id":107603,"url":"https:\/\/www.24baires.com\/?p=107603","url_meta":{"origin":119965,"position":1},"title":"Supermercados advierten por desabastecimiento si congelan los precios","author":"GB","date":"10\/04\/2019","format":false,"excerpt":"La reacci\u00f3n de las cadenas comerciales se da mientras el Gobierno nacional negocia un programa para estimular el consumo en los sectores populares. Desde la Secretar\u00eda de Comercio est\u00e1n trabajando contrareloj para consensuar, con las empresas de consumo masivo, una lista de entre 30 y 40 productos de la canasta\u2026","rel":"","context":"En \u00abConsumidores\u00bb","block_context":{"text":"Consumidores","link":"https:\/\/www.24baires.com\/?cat=78"},"img":{"alt_text":"","src":"https:\/\/i0.wp.com\/www.24baires.com\/wp-content\/uploads\/2016\/05\/supermercado-vac%C3%ADo.jpg?resize=350%2C200","width":350,"height":200,"srcset":"https:\/\/i0.wp.com\/www.24baires.com\/wp-content\/uploads\/2016\/05\/supermercado-vac%C3%ADo.jpg?resize=350%2C200 1x, https:\/\/i0.wp.com\/www.24baires.com\/wp-content\/uploads\/2016\/05\/supermercado-vac%C3%ADo.jpg?resize=525%2C300 1.5x"},"classes":[]},{"id":119496,"url":"https:\/\/www.24baires.com\/?p=119496","url_meta":{"origin":119965,"position":2},"title":"Sugieren \u00abno comprar aquellas marcas que remarcan por encima de la inflaci\u00f3n\u00bb","author":"AF","date":"01\/11\/2022","format":false,"excerpt":"Desde la Provincia pidieron \"frenar el abuso de las empresas formadoras de precios que aplican aumentos injustificados\". Miembros del gabinete del gobierno de la provincia de Buenos Aires que encabeza Axel Kicillof pidieron \"parar con los aumentos injustificados de precios\" y solicitaron a los consumidores \"no comprar aquellas marcas que\u2026","rel":"","context":"En \u00abEconom\u00eda\u00bb","block_context":{"text":"Econom\u00eda","link":"https:\/\/www.24baires.com\/?cat=45"},"img":{"alt_text":"larroque","src":"https:\/\/i0.wp.com\/www.24baires.com\/wp-content\/uploads\/2022\/11\/Screenshot-2022-11-01-23.21.12.png?resize=350%2C200","width":350,"height":200,"srcset":"https:\/\/i0.wp.com\/www.24baires.com\/wp-content\/uploads\/2022\/11\/Screenshot-2022-11-01-23.21.12.png?resize=350%2C200 1x, https:\/\/i0.wp.com\/www.24baires.com\/wp-content\/uploads\/2022\/11\/Screenshot-2022-11-01-23.21.12.png?resize=525%2C300 1.5x, https:\/\/i0.wp.com\/www.24baires.com\/wp-content\/uploads\/2022\/11\/Screenshot-2022-11-01-23.21.12.png?resize=700%2C400 2x"},"classes":[]},{"id":108015,"url":"https:\/\/www.24baires.com\/?p=108015","url_meta":{"origin":119965,"position":3},"title":"Precios esenciales: La Defensor\u00eda del Pueblo Bonaerense comprob\u00f3 que faltan 49% de los productos","author":"AF","date":"07\/05\/2019","format":false,"excerpt":"El organismo provincial control\u00f3 supermercados de 30 ciudades y detect\u00f3 que en las g\u00f3ndolas falta el 49 por ciento de los art\u00edculos lanzados por el gobierno en su lista de Precios Esenciales. Adem\u00e1s, encontraron problemas de stock y de visibilidad de los productos. La Defensor\u00eda del Pueblo bonaerense realiz\u00f3 un\u2026","rel":"","context":"En \u00abSociedad\u00bb","block_context":{"text":"Sociedad","link":"https:\/\/www.24baires.com\/?cat=1"},"img":{"alt_text":"","src":"https:\/\/i0.wp.com\/www.24baires.com\/wp-content\/uploads\/2018\/08\/supermercado.jpg?resize=350%2C200","width":350,"height":200,"srcset":"https:\/\/i0.wp.com\/www.24baires.com\/wp-content\/uploads\/2018\/08\/supermercado.jpg?resize=350%2C200 1x, https:\/\/i0.wp.com\/www.24baires.com\/wp-content\/uploads\/2018\/08\/supermercado.jpg?resize=525%2C300 1.5x"},"classes":[]},{"id":107938,"url":"https:\/\/www.24baires.com\/?p=107938","url_meta":{"origin":119965,"position":4},"title":"La canasta b\u00e1sica aument\u00f3 4,23% durante abril y ya acumula un total de 17,7 en 2019","author":"AF","date":"02\/05\/2019","format":false,"excerpt":"La canasta b\u00e1sica de alimentos que releva Consumidores Libres ya acumula una suba de 17,70 por ciento desde comienzos de a\u00f1o. La canasta b\u00e1sica de alimentos que releva la asociaci\u00f3n Consumidores Libres arroj\u00f3 un aumento de 4,23 por ciento en abril y acumula una suba de 17,70 por ciento desde\u2026","rel":"","context":"En \u00abSociedad\u00bb","block_context":{"text":"Sociedad","link":"https:\/\/www.24baires.com\/?cat=1"},"img":{"alt_text":"","src":"https:\/\/i0.wp.com\/www.24baires.com\/wp-content\/uploads\/2018\/08\/supermercado.jpg?resize=350%2C200","width":350,"height":200,"srcset":"https:\/\/i0.wp.com\/www.24baires.com\/wp-content\/uploads\/2018\/08\/supermercado.jpg?resize=350%2C200 1x, https:\/\/i0.wp.com\/www.24baires.com\/wp-content\/uploads\/2018\/08\/supermercado.jpg?resize=525%2C300 1.5x"},"classes":[]},{"id":117642,"url":"https:\/\/www.24baires.com\/?p=117642","url_meta":{"origin":119965,"position":5},"title":"Lanzan una canasta de 120 productos a precios congelados para parar la inflaci\u00f3n","author":"GB","date":"30\/05\/2021","format":false,"excerpt":"El gobierno buscar\u00e1 ampliar la producci\u00f3n y la oferta de Pymes y Cooperativas del interior. El precio estar\u00eda \"impreso\" en el envase para garantizar el cumplimiento del programa. El gobierno nacional, a trav\u00e9s de la Secretaria de Comercio Interior, trabaja en nuevos acuerdos con empresarios nacionales del sectores de alimento\u2026","rel":"","context":"En \u00abLocales\u00bb","block_context":{"text":"Locales","link":"https:\/\/www.24baires.com\/?cat=38"},"img":{"alt_text":"","src":"https:\/\/i0.wp.com\/www.24baires.com\/wp-content\/uploads\/2020\/04\/supermercado.jpg?resize=350%2C200","width":350,"height":200,"srcset":"https:\/\/i0.wp.com\/www.24baires.com\/wp-content\/uploads\/2020\/04\/supermercado.jpg?resize=350%2C200 1x, https:\/\/i0.wp.com\/www.24baires.com\/wp-content\/uploads\/2020\/04\/supermercado.jpg?resize=525%2C300 1.5x"},"classes":[]}],"jetpack_sharing_enabled":true,"jetpack_likes_enabled":true,"_links":{"self":[{"href":"https:\/\/www.24baires.com\/index.php?rest_route=\/wp\/v2\/posts\/119965","targetHints":{"allow":["GET"]}}],"collection":[{"href":"https:\/\/www.24baires.com\/index.php?rest_route=\/wp\/v2\/posts"}],"about":[{"href":"https:\/\/www.24baires.com\/index.php?rest_route=\/wp\/v2\/types\/post"}],"author":[{"embeddable":true,"href":"https:\/\/www.24baires.com\/index.php?rest_route=\/wp\/v2\/users\/4"}],"replies":[{"embeddable":true,"href":"https:\/\/www.24baires.com\/index.php?rest_route=%2Fwp%2Fv2%2Fcomments&post=119965"}],"version-history":[{"count":1,"href":"https:\/\/www.24baires.com\/index.php?rest_route=\/wp\/v2\/posts\/119965\/revisions"}],"predecessor-version":[{"id":119966,"href":"https:\/\/www.24baires.com\/index.php?rest_route=\/wp\/v2\/posts\/119965\/revisions\/119966"}],"wp:attachment":[{"href":"https:\/\/www.24baires.com\/index.php?rest_route=%2Fwp%2Fv2%2Fmedia&parent=119965"}],"wp:term":[{"taxonomy":"category","embeddable":true,"href":"https:\/\/www.24baires.com\/index.php?rest_route=%2Fwp%2Fv2%2Fcategories&post=119965"},{"taxonomy":"post_tag","embeddable":true,"href":"https:\/\/www.24baires.com\/index.php?rest_route=%2Fwp%2Fv2%2Ftags&post=119965"}],"curies":[{"name":"wp","href":"https:\/\/api.w.org\/{rel}","templated":true}]}}