{"id":119959,"date":"2023-03-29T19:25:39","date_gmt":"2023-03-29T22:25:39","guid":{"rendered":"http:\/\/www.24baires.com\/?p=119959"},"modified":"2023-03-29T19:25:39","modified_gmt":"2023-03-29T22:25:39","slug":"el-fmi-calcula-que-el-impacto-de-la-sequia-es-de-9000-millones-de-dolares","status":"publish","type":"post","link":"https:\/\/www.24baires.com\/?p=119959","title":{"rendered":"El FMI calcula que el impacto de la sequ\u00eda es de 9000 millones de d\u00f3lares"},"content":{"rendered":"<p><img data-recalc-dims=\"1\" loading=\"lazy\" decoding=\"async\" class=\"aligncenter wp-image-119960\" src=\"https:\/\/i0.wp.com\/www.24baires.com\/wp-content\/uploads\/2023\/03\/massa-fmi.jpeg?resize=720%2C480\" alt=\"\" width=\"720\" height=\"480\" srcset=\"https:\/\/i0.wp.com\/www.24baires.com\/wp-content\/uploads\/2023\/03\/massa-fmi.jpeg?w=960&amp;ssl=1 960w, https:\/\/i0.wp.com\/www.24baires.com\/wp-content\/uploads\/2023\/03\/massa-fmi.jpeg?resize=300%2C200&amp;ssl=1 300w, https:\/\/i0.wp.com\/www.24baires.com\/wp-content\/uploads\/2023\/03\/massa-fmi.jpeg?resize=768%2C512&amp;ssl=1 768w\" sizes=\"auto, (max-width: 720px) 100vw, 720px\" \/>En Econom\u00eda dejaron trascender que, para el Fondo Monetario Internacional, las consecuencias de la hist\u00f3rica seca es menor a lo que calcul\u00f3 la Bolsa de Rosario. Los planes para nuevo d\u00f3lar a las econom\u00edas regionales, las reservas en el Banco Central y la renegociaci\u00f3n del programa con el Fondo.<!--more--><\/p>\n<p>El n\u00famero a la baja de la meta de reservas y un cambio de paradigma con respecto a la pol\u00edtica del Fondo Monetario Internacional (FMI) en contra de los m\u00faltiples tipos de cambio ser\u00e1n los principales temas que el directorio del FMI tratar\u00e1 sobre el caso argentino este pr\u00f3ximo viernes. Fueron los ejes sobre los que convers\u00f3 el ministro de Econom\u00eda Sergio Massa en su encuentro con Gita Gopinath, la segunda de Kristalina Georgieva, en Washington DC. El FMI estima que el impacto de la sequ\u00eda es menor que el que plantea la Bolsa de Comercio de Rosario.<\/p>\n<p>\u00abEn el contexto de la cuarta revisi\u00f3n del programa del FMI, mantuvimos una buena reuni\u00f3n con la Subdirectora Gerente del organismo Gita Gopinath y su equipo, con quienes analizamos el impacto de la sequ\u00eda en el pa\u00eds y se valor\u00f3 el despeje de vencimientos de la curva en pesos\u00bb, sostuvo el titular del Palacio de Hacienda tras el encuentro.<\/p>\n<p>La reuni\u00f3n dur\u00f3 menos de una hora en el edificio de la calle 19 en el centro de Washington, a pocas cuadras de la Casa Blanca y los principales edificios de gobierno. Casualidad o no, en una de las esquinas de la manzana que ocupa el edificio del FMI se encuentra \u201cThe United Church\u201d, una iglesia antigua que podr\u00eda oficiar de refugio a d\u00f3nde ir a llorar. Por la parte Argentina asisti\u00f3 Sergio Massa con el jefe de asesores de Econom\u00eda Leonardo Madcur y el titular de Aduana Guillermo Michel que acompa\u00f1aron al ministro en su estad\u00eda en Washington. Gita Gopinath estuvo acompa\u00f1ada por seis asistentes m\u00e1s. Kristalina Georgieva no pudo asistir porque estaba en China participando de un foro sobre Asia.<\/p>\n<p>Desde Econom\u00eda no van a adelantar cu\u00e1l ser\u00e1 el n\u00famero final del rec\u00e1lculo de la meta de reservas a ra\u00edz del impacto de la sequ\u00eda. Ante la consulta de P\u00e1ginaI12, aseguran que el FMI calcula un impacto menor, de alrededor de 9700 millones de d\u00f3lares frente a los 19.400 que calcula la Bolsa de Comercio de Rosario. \u201cEn el FMI tuvieron presentaciones de CIARA, la Bolsa de Comercio de Rosario y el departamento de agricultura en Estados Unidos (USDA) y el impacto que calculan es definitivamente menor. La cuenta neta es 13.700 millones de d\u00f3lares a los que le restar\u00e1 4000 por el ahorro de las importaciones de GNL y la finalizaci\u00f3n del gasoducto N\u00e9stor Kirchner\u201d, aseguran desde Econom\u00eda. De acuerdo a la meta original el pa\u00eds deber\u00e1 acumular 9.800 millones de d\u00f3lares de reservas para el 2023. El nuevo n\u00famero se conocer\u00e1 este viernes.<\/p>\n<p>Adem\u00e1s, aplaudieron el cambio de paradigma que est\u00e1 planteando el FMI con respecto a la flexibilizaci\u00f3n de los llamados de atenci\u00f3n por los m\u00faltiples tipos de cambio que tiene Argentina, como el d\u00f3lar soja que permiti\u00f3 la acumulaci\u00f3n de reservas necesaria para cumplir con la meta de acumulaci\u00f3n en 2022. Como el FMI no acepta este tipo de pr\u00e1cticas por su estatuto, le otorg\u00f3 un perd\u00f3n (waiver) tras la primera edici\u00f3n del d\u00f3lar soja. \u00ab\u00bfEsto quiere decir que puede haber un d\u00f3lar soja 3?\u00bb, pregunt\u00f3 P\u00e1ginaI12. No espec\u00edficamente d\u00f3lar soja, responden, sino que eval\u00faan d\u00f3lares m\u00e1s altos para las exportaciones de las econom\u00edas regionales. Entre ellas figuran los c\u00edtricos, las manzanas, las peras, las uvas, las aceitunas, el az\u00facar, el tabaco, la yerba, la miel y el algod\u00f3n.<\/p>\n<p>Con respecto al cambio de la meta fiscal, que tambi\u00e9n se ve afectada por los efectos de la sequ\u00eda en tanto significa menos recaudaci\u00f3n, una alta fuente del Palacio de Hacienda asegur\u00f3 no haber planteado espec\u00edficamente este tema, aunque s\u00ed est\u00e1n discutiendo los costos econ\u00f3micos de la sequ\u00eda aspirando a que el FMI pueda aprobar en un futuro una reducci\u00f3n de los objetivos fiscales, que deben ser llevados a 1,9 del PBI en 2023.<\/p>\n<p>Sobretasas y recargos<br \/>\nUno de los pedidos recurrentes de Argentina en foros internacionales durante la era Mart\u00edn Guzm\u00e1n tuvo que ver con las tasas y sobrecargos que cobra el FMI, que aumentaron al calor del endurecimiento de la pol\u00edtica monetaria de los bancos centrales del mundo desde 2022.<\/p>\n<p>Es que el FMI cuenta con una moneda propia, los Derechos Especiales de Giro (DEG), cuyo valor fluct\u00faa seg\u00fan el promedio ponderado de cinco monedas: el d\u00f3lar, la libra esterlina, el yen japon\u00e9s, el yuan chino y el euro. Cada una es emitida por el Banco Central de su pa\u00eds, con distintas tasa de inter\u00e9s y la tasa que se paga para devolver pr\u00e9stamos del Fondo es el promedio ponderado de las que establece cada autoridad. La suba de tasas que est\u00e1 realizando la FED y el Banco Central Europeo para enfriar la econom\u00eda y controlar la inflaci\u00f3n, hace que la misma suba. Y empeora con los sobrecargos de alrededor de tres puntos que paga el pa\u00eds por haber tomado deuda por encima de lo que corresponde de acuerdo a su cuotaparte.<\/p>\n<p>Desde Econom\u00eda no ven posible que haya una respuesta a corto plazo: \u201cLa burocracia del fondo tiene su presupuesto en funci\u00f3n de lo que cobra de sobrecargos\u201d, explican. Como referencia, hoy en d\u00eda, la tasa del DEG es de 3,437 por ciento y Argentina paga alrededor de 7 por ciento de intereses.<\/p>\n<p>La agenda del Ministro de Econom\u00eda en Washington, cuyo punto principal es la participaci\u00f3n dentro de la comitiva en el encuentro bilateral entre Alberto Fern\u00e1ndez y Joseph Biden, seguir\u00e1 ma\u00f1ana con la firma de un acuerdo con el Departamento de Estado para despejar los bloqueos pendientes que no dejan que Argentina acceda a cr\u00e9ditos para inversiones de las agencias estadounidenses. A la tarde, se encontrar\u00e1 con Fondos Sobresanos \u00c1rabes.<\/p>\n<p>Fuente: Natal\u00ed Risso \/ P\u00e1gina 12<\/p>\n","protected":false},"excerpt":{"rendered":"<p>En Econom\u00eda dejaron trascender que, para el Fondo Monetario Internacional, las consecuencias de la hist\u00f3rica seca es menor a lo que calcul\u00f3 la Bolsa de Rosario. Los planes para nuevo d\u00f3lar a las econom\u00edas regionales, las reservas en el Banco Central y la renegociaci\u00f3n del programa con el Fondo.<\/p>\n","protected":false},"author":4,"featured_media":0,"comment_status":"closed","ping_status":"closed","sticky":false,"template":"","format":"standard","meta":{"_jetpack_newsletter_access":"","_jetpack_dont_email_post_to_subs":false,"_jetpack_newsletter_tier_id":0,"_jetpack_memberships_contains_paywalled_content":false,"_jetpack_memberships_contains_paid_content":false,"footnotes":""},"categories":[45],"tags":[],"class_list":["post-119959","post","type-post","status-publish","format-standard","hentry","category-economia"],"jetpack_featured_media_url":"","jetpack_shortlink":"https:\/\/wp.me\/p2JWE0-vcP","jetpack-related-posts":[{"id":120179,"url":"https:\/\/www.24baires.com\/?p=120179","url_meta":{"origin":119959,"position":0},"title":"Massa contin\u00faa la negociaci\u00f3n con el FMI con el eje en el \u00abda\u00f1o\u00bb por la sequ\u00eda","author":"AF","date":"13\/06\/2023","format":false,"excerpt":"En un acto en la f\u00e1brica automotriz Ford en Pacheco el ministro cont\u00f3 que lac conversaciones con el organismo de cr\u00e9dito se desarrollan de modo virtual y luego ir\u00e1 una misi\u00f3n a Washington para cerrar el acuerdo. El ministro de Econom\u00eda, Sergio Massa, confirm\u00f3 este martes que contin\u00faan las negociaciones\u2026","rel":"","context":"En \u00abEconom\u00eda\u00bb","block_context":{"text":"Econom\u00eda","link":"https:\/\/www.24baires.com\/?cat=45"},"img":{"alt_text":"","src":"https:\/\/i0.wp.com\/www.24baires.com\/wp-content\/uploads\/2023\/05\/massa-scaled.jpg?resize=350%2C200","width":350,"height":200,"srcset":"https:\/\/i0.wp.com\/www.24baires.com\/wp-content\/uploads\/2023\/05\/massa-scaled.jpg?resize=350%2C200 1x, https:\/\/i0.wp.com\/www.24baires.com\/wp-content\/uploads\/2023\/05\/massa-scaled.jpg?resize=525%2C300 1.5x, https:\/\/i0.wp.com\/www.24baires.com\/wp-content\/uploads\/2023\/05\/massa-scaled.jpg?resize=700%2C400 2x"},"classes":[]},{"id":120299,"url":"https:\/\/www.24baires.com\/?p=120299","url_meta":{"origin":119959,"position":1},"title":"Massa volvi\u00f3 a hablar con Georgieva y se aceleran las negociaciones con el FMI","author":"AF","date":"20\/07\/2023","format":false,"excerpt":"La conversaci\u00f3n entre el ministro de Econom\u00eda y la titular del Fondo se extendi\u00f3 durante una hora y luego, se sumaron dos nuevos funcionarios a la delegaci\u00f3n argentina. El precandidato debe definir si viaja a Washington para cerrar el entendimiento con el organismo. El ministro de Econom\u00eda, Sergio Massa, volvi\u00f3\u2026","rel":"","context":"En \u00abEconom\u00eda\u00bb","block_context":{"text":"Econom\u00eda","link":"https:\/\/www.24baires.com\/?cat=45"},"img":{"alt_text":"","src":"https:\/\/i0.wp.com\/www.24baires.com\/wp-content\/uploads\/2023\/07\/massa.jpg?resize=350%2C200","width":350,"height":200,"srcset":"https:\/\/i0.wp.com\/www.24baires.com\/wp-content\/uploads\/2023\/07\/massa.jpg?resize=350%2C200 1x, https:\/\/i0.wp.com\/www.24baires.com\/wp-content\/uploads\/2023\/07\/massa.jpg?resize=525%2C300 1.5x, https:\/\/i0.wp.com\/www.24baires.com\/wp-content\/uploads\/2023\/07\/massa.jpg?resize=700%2C400 2x"},"classes":[]},{"id":120294,"url":"https:\/\/www.24baires.com\/?p=120294","url_meta":{"origin":119959,"position":2},"title":"Argentina inici\u00f3 las negociaciones con el FMI para cerrar el acuerdo","author":"AF","date":"18\/07\/2023","format":false,"excerpt":"Funcionarios del Ministerio de Econom\u00eda ya iniciaron las reuniones con el equipo t\u00e9cnico del Fondo Monetario Internacional para acordar los detalles finales del entendimiento. Massa viajar\u00eda esta semana. El secretario de Pol\u00edtica Econ\u00f3mica, Gabriel Rubinstein; el jefe de asesores del Ministerio de Econom\u00eda, Leonardo Madcur; y el vicepresidente del Banco\u2026","rel":"","context":"En \u00abEconom\u00eda\u00bb","block_context":{"text":"Econom\u00eda","link":"https:\/\/www.24baires.com\/?cat=45"},"img":{"alt_text":"","src":"https:\/\/i0.wp.com\/www.24baires.com\/wp-content\/uploads\/2023\/06\/fmi.jpeg?resize=350%2C200","width":350,"height":200,"srcset":"https:\/\/i0.wp.com\/www.24baires.com\/wp-content\/uploads\/2023\/06\/fmi.jpeg?resize=350%2C200 1x, https:\/\/i0.wp.com\/www.24baires.com\/wp-content\/uploads\/2023\/06\/fmi.jpeg?resize=525%2C300 1.5x, https:\/\/i0.wp.com\/www.24baires.com\/wp-content\/uploads\/2023\/06\/fmi.jpeg?resize=700%2C400 2x"},"classes":[]},{"id":120233,"url":"https:\/\/www.24baires.com\/?p=120233","url_meta":{"origin":119959,"position":3},"title":"El Gobierno argentino pagar\u00e1 vencimientos al FMI con DEG y yuanes","author":"AF","date":"29\/06\/2023","format":false,"excerpt":"De esta manera \u201cse cumple con lo que se acord\u00f3 con el Fondo y al mismo tiempo no se pondr\u00e1n en riesgo las Reservas del Banco Central\u201d, inform\u00f3 la vocera presidencial, Gabriela Cerrutti. El Ministerio de Econom\u00eda anunci\u00f3 que este viernes pagar\u00e1 al Fondo Monetario Internacional (FMI) US$ 2.700 millones,\u2026","rel":"","context":"En \u00abEconom\u00eda\u00bb","block_context":{"text":"Econom\u00eda","link":"https:\/\/www.24baires.com\/?cat=45"},"img":{"alt_text":"","src":"https:\/\/i0.wp.com\/www.24baires.com\/wp-content\/uploads\/2019\/08\/fmi.jpg?resize=350%2C200","width":350,"height":200,"srcset":"https:\/\/i0.wp.com\/www.24baires.com\/wp-content\/uploads\/2019\/08\/fmi.jpg?resize=350%2C200 1x, https:\/\/i0.wp.com\/www.24baires.com\/wp-content\/uploads\/2019\/08\/fmi.jpg?resize=525%2C300 1.5x, https:\/\/i0.wp.com\/www.24baires.com\/wp-content\/uploads\/2019\/08\/fmi.jpg?resize=700%2C400 2x"},"classes":[]},{"id":119891,"url":"https:\/\/www.24baires.com\/?p=119891","url_meta":{"origin":119959,"position":4},"title":"El Fondo acord\u00f3 flexibilizar metas y llega un nuevo desembolso","author":"AF","date":"13\/03\/2023","format":false,"excerpt":"El FMI acord\u00f3 con el Gobierno nacional una modificaci\u00f3n en el esquema de metas del programa. La acumulaci\u00f3n de reservas ser\u00e1 menos exigente en lo que resta del a\u00f1o, debido a que se tuvo en cuenta el impacto para las cuentas p\u00fablicas provocado por la sequ\u00eda. La meta trimestral de\u2026","rel":"","context":"En \u00abEconom\u00eda\u00bb","block_context":{"text":"Econom\u00eda","link":"https:\/\/www.24baires.com\/?cat=45"},"img":{"alt_text":"","src":"https:\/\/i0.wp.com\/www.24baires.com\/wp-content\/uploads\/2019\/08\/fmi.jpg?resize=350%2C200","width":350,"height":200,"srcset":"https:\/\/i0.wp.com\/www.24baires.com\/wp-content\/uploads\/2019\/08\/fmi.jpg?resize=350%2C200 1x, https:\/\/i0.wp.com\/www.24baires.com\/wp-content\/uploads\/2019\/08\/fmi.jpg?resize=525%2C300 1.5x, https:\/\/i0.wp.com\/www.24baires.com\/wp-content\/uploads\/2019\/08\/fmi.jpg?resize=700%2C400 2x"},"classes":[]},{"id":93886,"url":"https:\/\/www.24baires.com\/?p=93886","url_meta":{"origin":119959,"position":5},"title":"El FMI estima que Argentina alcanzar\u00e1 una inflaci\u00f3n del 25,6% en 2017","author":"AF","date":"18\/04\/2017","format":false,"excerpt":"Seg\u00fan un informe elaborado por el Fondo Monetario Internacional, la inflaci\u00f3n de este a\u00f1o en Argentina se ubicar\u00e1 muchos puntos por encima del 17 por ciento que estableci\u00f3 el gobierno de Mauricio Macri. Incluso para 2018, la suba ser\u00eda del 18 por ciento. Las \u00faltimas proyecciones del Fondo Monetario Internacional\u2026","rel":"","context":"En \u00abEconom\u00eda\u00bb","block_context":{"text":"Econom\u00eda","link":"https:\/\/www.24baires.com\/?cat=45"},"img":{"alt_text":"","src":"https:\/\/i0.wp.com\/www.24baires.com\/wp-content\/uploads\/2015\/04\/fmi.jpg?resize=350%2C200","width":350,"height":200,"srcset":"https:\/\/i0.wp.com\/www.24baires.com\/wp-content\/uploads\/2015\/04\/fmi.jpg?resize=350%2C200 1x, https:\/\/i0.wp.com\/www.24baires.com\/wp-content\/uploads\/2015\/04\/fmi.jpg?resize=525%2C300 1.5x"},"classes":[]}],"jetpack_sharing_enabled":true,"jetpack_likes_enabled":true,"_links":{"self":[{"href":"https:\/\/www.24baires.com\/index.php?rest_route=\/wp\/v2\/posts\/119959","targetHints":{"allow":["GET"]}}],"collection":[{"href":"https:\/\/www.24baires.com\/index.php?rest_route=\/wp\/v2\/posts"}],"about":[{"href":"https:\/\/www.24baires.com\/index.php?rest_route=\/wp\/v2\/types\/post"}],"author":[{"embeddable":true,"href":"https:\/\/www.24baires.com\/index.php?rest_route=\/wp\/v2\/users\/4"}],"replies":[{"embeddable":true,"href":"https:\/\/www.24baires.com\/index.php?rest_route=%2Fwp%2Fv2%2Fcomments&post=119959"}],"version-history":[{"count":1,"href":"https:\/\/www.24baires.com\/index.php?rest_route=\/wp\/v2\/posts\/119959\/revisions"}],"predecessor-version":[{"id":119961,"href":"https:\/\/www.24baires.com\/index.php?rest_route=\/wp\/v2\/posts\/119959\/revisions\/119961"}],"wp:attachment":[{"href":"https:\/\/www.24baires.com\/index.php?rest_route=%2Fwp%2Fv2%2Fmedia&parent=119959"}],"wp:term":[{"taxonomy":"category","embeddable":true,"href":"https:\/\/www.24baires.com\/index.php?rest_route=%2Fwp%2Fv2%2Fcategories&post=119959"},{"taxonomy":"post_tag","embeddable":true,"href":"https:\/\/www.24baires.com\/index.php?rest_route=%2Fwp%2Fv2%2Ftags&post=119959"}],"curies":[{"name":"wp","href":"https:\/\/api.w.org\/{rel}","templated":true}]}}