{"id":119955,"date":"2023-03-28T10:32:09","date_gmt":"2023-03-28T13:32:09","guid":{"rendered":"http:\/\/www.24baires.com\/?p=119955"},"modified":"2023-03-28T10:32:09","modified_gmt":"2023-03-28T13:32:09","slug":"massa-anuncio-beneficios-impositivos-para-el-campo","status":"publish","type":"post","link":"https:\/\/www.24baires.com\/?p=119955","title":{"rendered":"Massa anunci\u00f3 beneficios impositivos para el campo"},"content":{"rendered":"<p><img data-recalc-dims=\"1\" loading=\"lazy\" decoding=\"async\" class=\"aligncenter wp-image-119956\" src=\"https:\/\/i0.wp.com\/www.24baires.com\/wp-content\/uploads\/2023\/03\/sergio-massa-bahillo-castagnetojpg.jpg?resize=720%2C569\" alt=\"\" width=\"720\" height=\"569\" srcset=\"https:\/\/i0.wp.com\/www.24baires.com\/wp-content\/uploads\/2023\/03\/sergio-massa-bahillo-castagnetojpg.jpg?w=748&amp;ssl=1 748w, https:\/\/i0.wp.com\/www.24baires.com\/wp-content\/uploads\/2023\/03\/sergio-massa-bahillo-castagnetojpg.jpg?resize=300%2C237&amp;ssl=1 300w\" sizes=\"auto, (max-width: 720px) 100vw, 720px\" \/>El ministro de Econom\u00eda de la Naci\u00f3n, Sergio Massa, busca bajar el malestar del sector agropecuario.<!--more--><\/p>\n<p>Mientras distintas organizaciones del sector agropecuario se declaran en alerta o preparan movilizaciones, el gobierno nacional anunci\u00f3 nuevas medidas para mitigar la crisis. El ministro de Econom\u00eda, Sergio Massa, las confirm\u00f3 antes de viajar a Nueva York para encontrarse con el presidente. \u00bfDe qu\u00e9 se tratan?<\/p>\n<p>En primer lugar, se resolvi\u00f3 que aquellos productores rurales que trabajan en zonas declaradas en emergencia tengan acceso autom\u00e1tico a los beneficios implementados previamente. Es decir, que no deber\u00e1n tramitar los diferentes subsidios creados anteriormente.<\/p>\n<p>La Federaci\u00f3n Agraria marchar\u00e1 de Rosario a Buenos Aires<br \/>\nTambi\u00e9n se suspender\u00e1n las intimaciones por falta de presentaci\u00f3n de declaraciones juradas y pago de obligaciones, los juicios de ejecuci\u00f3n fiscal y el pago de anticipos del Impuesto a las Ganancias. Asimismo, se levantar\u00e1n los embargos en las cuentas bancarias y se otorgar\u00e1n beneficios fiscales para la venta forzosa de vientres.<\/p>\n<p>\u00abA esto se suman un plan de pagos de 48 cuotas para regularizar deudas con AFIP y ordenar la situaci\u00f3n de los productores con el organismo, lo que facilitar\u00e1 el acceso a las l\u00edneas de financiamiento existentes en el marco de la emergencia agropecuaria\u00bb, a\u00f1adi\u00f3 Massa..<\/p>\n<p>Tambi\u00e9n dispusieron los desembolsos a trav\u00e9s de la emergencia agropecuaria en distintas provincias del pa\u00eds.<\/p>\n","protected":false},"excerpt":{"rendered":"<p>El ministro de Econom\u00eda de la Naci\u00f3n, Sergio Massa, busca bajar el malestar del sector agropecuario.<\/p>\n","protected":false},"author":8,"featured_media":0,"comment_status":"closed","ping_status":"closed","sticky":false,"template":"","format":"standard","meta":{"_jetpack_newsletter_access":"","_jetpack_dont_email_post_to_subs":false,"_jetpack_newsletter_tier_id":0,"_jetpack_memberships_contains_paywalled_content":false,"_jetpack_memberships_contains_paid_content":false,"footnotes":""},"categories":[45],"tags":[],"class_list":["post-119955","post","type-post","status-publish","format-standard","hentry","category-economia"],"jetpack_featured_media_url":"","jetpack_shortlink":"https:\/\/wp.me\/p2JWE0-vcL","jetpack-related-posts":[{"id":119406,"url":"https:\/\/www.24baires.com\/?p=119406","url_meta":{"origin":119955,"position":0},"title":"Habr\u00e1 medidas para sectores vulnerables a partir de los resultados del d\u00f3lar soja","author":"AF","date":"30\/09\/2022","format":false,"excerpt":"El ministro de Econom\u00eda encabez\u00f3 en el Palacio de Hacienda la presentaci\u00f3n de los resultados del r\u00e9gimen de fomento a las exportaciones agroindustriales y el programa de fortalecimiento de peque\u00f1os y medianos productores. El ministro de Econom\u00eda, Sergio Massa, destac\u00f3 que el Programa de Incremento Exportador (PIE), conocido como \"d\u00f3lar\u2026","rel":"","context":"En \u00abEconom\u00eda\u00bb","block_context":{"text":"Econom\u00eda","link":"https:\/\/www.24baires.com\/?cat=45"},"img":{"alt_text":"","src":"https:\/\/i0.wp.com\/www.24baires.com\/wp-content\/uploads\/2022\/09\/massa..jpg?resize=350%2C200","width":350,"height":200,"srcset":"https:\/\/i0.wp.com\/www.24baires.com\/wp-content\/uploads\/2022\/09\/massa..jpg?resize=350%2C200 1x, https:\/\/i0.wp.com\/www.24baires.com\/wp-content\/uploads\/2022\/09\/massa..jpg?resize=525%2C300 1.5x, https:\/\/i0.wp.com\/www.24baires.com\/wp-content\/uploads\/2022\/09\/massa..jpg?resize=700%2C400 2x"},"classes":[]},{"id":120305,"url":"https:\/\/www.24baires.com\/?p=120305","url_meta":{"origin":119955,"position":1},"title":"Massa anunci\u00f3 el fin de las retenciones para econom\u00edas regionales","author":"AF","date":"24\/07\/2023","format":false,"excerpt":"El ministro de Econom\u00eda y candidato presidencial de UxP critic\u00f3 a los dirigentes de la oposici\u00f3n que hab\u00edan asegurado que se aplicar\u00edan retenciones a \"200 econom\u00edas regionales\". \"Las consignas f\u00e1ciles y lindas para repetir en la tele, son pan para hoy y hambre para ma\u00f1ana\", afirm\u00f3. El ministro de Econom\u00eda\u2026","rel":"","context":"En \u00abPol\u00edtica\u00bb","block_context":{"text":"Pol\u00edtica","link":"https:\/\/www.24baires.com\/?cat=51"},"img":{"alt_text":"","src":"https:\/\/i0.wp.com\/www.24baires.com\/wp-content\/uploads\/2023\/07\/WhatsApp-Image-2023-07-24-at-19.44.07.jpeg?resize=350%2C200","width":350,"height":200,"srcset":"https:\/\/i0.wp.com\/www.24baires.com\/wp-content\/uploads\/2023\/07\/WhatsApp-Image-2023-07-24-at-19.44.07.jpeg?resize=350%2C200 1x, https:\/\/i0.wp.com\/www.24baires.com\/wp-content\/uploads\/2023\/07\/WhatsApp-Image-2023-07-24-at-19.44.07.jpeg?resize=525%2C300 1.5x, https:\/\/i0.wp.com\/www.24baires.com\/wp-content\/uploads\/2023\/07\/WhatsApp-Image-2023-07-24-at-19.44.07.jpeg?resize=700%2C400 2x"},"classes":[]},{"id":120469,"url":"https:\/\/www.24baires.com\/?p=120469","url_meta":{"origin":119955,"position":2},"title":"Massa anunci\u00f3 la devoluci\u00f3n del IVA para monotributistas, jubilados y trabajadores","author":"GB","date":"14\/09\/2023","format":false,"excerpt":"El ministro de Econom\u00eda, Sergio Massa, anunci\u00f3 nuevas medidas econ\u00f3micas que beneficiar\u00e1n a monotributistas, jubilados y trabajadores que no pagan Ganancias. Luego de conocerse la inflaci\u00f3n de agosto, el ministro de Econom\u00eda de la Naci\u00f3n y candidato a la presidencia por Uni\u00f3n por la Patria, Sergio Massa, anunci\u00f3 una serie\u2026","rel":"","context":"En \u00abEconom\u00eda\u00bb","block_context":{"text":"Econom\u00eda","link":"https:\/\/www.24baires.com\/?cat=45"},"img":{"alt_text":"","src":"https:\/\/i0.wp.com\/www.24baires.com\/wp-content\/uploads\/2023\/08\/massa.webp?resize=350%2C200","width":350,"height":200,"srcset":"https:\/\/i0.wp.com\/www.24baires.com\/wp-content\/uploads\/2023\/08\/massa.webp?resize=350%2C200 1x, https:\/\/i0.wp.com\/www.24baires.com\/wp-content\/uploads\/2023\/08\/massa.webp?resize=525%2C300 1.5x, https:\/\/i0.wp.com\/www.24baires.com\/wp-content\/uploads\/2023\/08\/massa.webp?resize=700%2C400 2x"},"classes":[]},{"id":119291,"url":"https:\/\/www.24baires.com\/?p=119291","url_meta":{"origin":119955,"position":3},"title":"El Gobierno nacional anunci\u00f3 un nuevo \u00abd\u00f3lar soja\u00bb","author":"GB","date":"05\/09\/2022","format":false,"excerpt":"El ministro de Econom\u00eda anunci\u00f3 la implementaci\u00f3n de un d\u00f3lar a 200 pesos destinado a la liquidaci\u00f3n de la cosecha de soja. Gobierno de la naci\u00f3n anunci\u00f3 un nuevo tipo de cambio de 200 pesos por d\u00f3lar destinado a las transacciones internacionales de soja. Esta medida con la que se\u2026","rel":"","context":"En \u00abEconom\u00eda\u00bb","block_context":{"text":"Econom\u00eda","link":"https:\/\/www.24baires.com\/?cat=45"},"img":{"alt_text":"","src":"https:\/\/i0.wp.com\/www.24baires.com\/wp-content\/uploads\/2022\/09\/massa-dolar-sojapng.png?resize=350%2C200","width":350,"height":200,"srcset":"https:\/\/i0.wp.com\/www.24baires.com\/wp-content\/uploads\/2022\/09\/massa-dolar-sojapng.png?resize=350%2C200 1x, https:\/\/i0.wp.com\/www.24baires.com\/wp-content\/uploads\/2022\/09\/massa-dolar-sojapng.png?resize=525%2C300 1.5x, https:\/\/i0.wp.com\/www.24baires.com\/wp-content\/uploads\/2022\/09\/massa-dolar-sojapng.png?resize=700%2C400 2x"},"classes":[]},{"id":120500,"url":"https:\/\/www.24baires.com\/?p=120500","url_meta":{"origin":119955,"position":4},"title":"Massa anunci\u00f3 un IFE de $94 mil para trabajadores informales","author":"AF","date":"26\/09\/2023","format":false,"excerpt":"El ministro de Econom\u00eda anunci\u00f3 un beneficio de 94.000 pesos para trabajadores y trabajadoras informales. Qui\u00e9nes pueden acceder a este beneficio y qui\u00e9nes no. C\u00f3mo y cu\u00e1ndo inscribirse. El ministro de Econom\u00eda Sergio Massa anunci\u00f3 este martes un refuerzo de ingresos para trabajadores informales de 94.000 pesos. La inscripci\u00f3n estar\u00e1\u2026","rel":"","context":"En \u00abSociedad\u00bb","block_context":{"text":"Sociedad","link":"https:\/\/www.24baires.com\/?cat=1"},"img":{"alt_text":"","src":"https:\/\/i0.wp.com\/www.24baires.com\/wp-content\/uploads\/2023\/09\/WhatsApp-Image-2023-09-26-at-23.50.16.jpeg?resize=350%2C200","width":350,"height":200,"srcset":"https:\/\/i0.wp.com\/www.24baires.com\/wp-content\/uploads\/2023\/09\/WhatsApp-Image-2023-09-26-at-23.50.16.jpeg?resize=350%2C200 1x, https:\/\/i0.wp.com\/www.24baires.com\/wp-content\/uploads\/2023\/09\/WhatsApp-Image-2023-09-26-at-23.50.16.jpeg?resize=525%2C300 1.5x, https:\/\/i0.wp.com\/www.24baires.com\/wp-content\/uploads\/2023\/09\/WhatsApp-Image-2023-09-26-at-23.50.16.jpeg?resize=700%2C400 2x"},"classes":[]},{"id":120416,"url":"https:\/\/www.24baires.com\/?p=120416","url_meta":{"origin":119955,"position":5},"title":"Multar\u00e1n a empresas que no paguen el bono anunciado por Massa","author":"AF","date":"29\/08\/2023","format":false,"excerpt":"La ministra de Trabajo convoc\u00f3 a los gremios a \"acompa\u00f1ar\" e \"identificar a las empresas\" que no cumplan con las medidas anunciadas por el ministro de Econom\u00eda. Su par de Desarrollo Social, as\u00ed como la titular de la ANSES y de la AFIP, ampliaron el detalle de las medidas dadas\u2026","rel":"","context":"En \u00abSociedad\u00bb","block_context":{"text":"Sociedad","link":"https:\/\/www.24baires.com\/?cat=1"},"img":{"alt_text":"","src":"https:\/\/i0.wp.com\/www.24baires.com\/wp-content\/uploads\/2023\/08\/WhatsApp-Image-2023-08-29-at-21.38.07.jpeg?resize=350%2C200","width":350,"height":200,"srcset":"https:\/\/i0.wp.com\/www.24baires.com\/wp-content\/uploads\/2023\/08\/WhatsApp-Image-2023-08-29-at-21.38.07.jpeg?resize=350%2C200 1x, https:\/\/i0.wp.com\/www.24baires.com\/wp-content\/uploads\/2023\/08\/WhatsApp-Image-2023-08-29-at-21.38.07.jpeg?resize=525%2C300 1.5x, https:\/\/i0.wp.com\/www.24baires.com\/wp-content\/uploads\/2023\/08\/WhatsApp-Image-2023-08-29-at-21.38.07.jpeg?resize=700%2C400 2x"},"classes":[]}],"jetpack_sharing_enabled":true,"jetpack_likes_enabled":true,"_links":{"self":[{"href":"https:\/\/www.24baires.com\/index.php?rest_route=\/wp\/v2\/posts\/119955","targetHints":{"allow":["GET"]}}],"collection":[{"href":"https:\/\/www.24baires.com\/index.php?rest_route=\/wp\/v2\/posts"}],"about":[{"href":"https:\/\/www.24baires.com\/index.php?rest_route=\/wp\/v2\/types\/post"}],"author":[{"embeddable":true,"href":"https:\/\/www.24baires.com\/index.php?rest_route=\/wp\/v2\/users\/8"}],"replies":[{"embeddable":true,"href":"https:\/\/www.24baires.com\/index.php?rest_route=%2Fwp%2Fv2%2Fcomments&post=119955"}],"version-history":[{"count":1,"href":"https:\/\/www.24baires.com\/index.php?rest_route=\/wp\/v2\/posts\/119955\/revisions"}],"predecessor-version":[{"id":119957,"href":"https:\/\/www.24baires.com\/index.php?rest_route=\/wp\/v2\/posts\/119955\/revisions\/119957"}],"wp:attachment":[{"href":"https:\/\/www.24baires.com\/index.php?rest_route=%2Fwp%2Fv2%2Fmedia&parent=119955"}],"wp:term":[{"taxonomy":"category","embeddable":true,"href":"https:\/\/www.24baires.com\/index.php?rest_route=%2Fwp%2Fv2%2Fcategories&post=119955"},{"taxonomy":"post_tag","embeddable":true,"href":"https:\/\/www.24baires.com\/index.php?rest_route=%2Fwp%2Fv2%2Ftags&post=119955"}],"curies":[{"name":"wp","href":"https:\/\/api.w.org\/{rel}","templated":true}]}}