{"id":119899,"date":"2023-03-14T20:49:14","date_gmt":"2023-03-14T23:49:14","guid":{"rendered":"http:\/\/www.24baires.com\/?p=119899"},"modified":"2023-03-15T12:39:56","modified_gmt":"2023-03-15T15:39:56","slug":"la-inflamacion-de-febrero-fue-del-66-y-la-interanual-alcanzo-el-1025","status":"publish","type":"post","link":"https:\/\/www.24baires.com\/?p=119899","title":{"rendered":"La inflaci\u00f3n de febrero fue del 6,6% y la interanual alcanz\u00f3 el 102,5%"},"content":{"rendered":"<p><img data-recalc-dims=\"1\" loading=\"lazy\" decoding=\"async\" class=\"aligncenter wp-image-119900\" src=\"https:\/\/i0.wp.com\/www.24baires.com\/wp-content\/uploads\/2023\/03\/inflacion-aceite-precios-super-gondolas-consumo.jpg?resize=720%2C540\" alt=\"\" width=\"720\" height=\"540\" srcset=\"https:\/\/i0.wp.com\/www.24baires.com\/wp-content\/uploads\/2023\/03\/inflacion-aceite-precios-super-gondolas-consumo.jpg?w=400&amp;ssl=1 400w, https:\/\/i0.wp.com\/www.24baires.com\/wp-content\/uploads\/2023\/03\/inflacion-aceite-precios-super-gondolas-consumo.jpg?resize=300%2C225&amp;ssl=1 300w\" sizes=\"auto, (max-width: 720px) 100vw, 720px\" \/>El \u00cdndice de precios al consumidor se aceler\u00f3 al 6,6% en febrero, y acumul\u00f3 en el primer bimestre del a\u00f1o una variaci\u00f3n de 13,1%. En la medici\u00f3n interanual se ubic\u00f3 en el 102,5%.<\/p>\n<p>La inflaci\u00f3n se aceler\u00f3 con fuerza por tercer mes consecutivo. En febrero se ubic\u00f3 en el 6,6%, el nivel m\u00e1s alto desde agosto del 2022 cuando el IPC trep\u00f3 hasta el 7% y muy por encima de lo proyectado por el mercado (+6,1%). Adem\u00e1s, en un a\u00f1o super\u00f3 el 100%, por primera vez en m\u00e1s de tres d\u00e9cadas, as\u00ed lo inform\u00f3 este martes el Instituto Nacional de Estad\u00edstica y Censos (INDEC).<\/p>\n<p>Por otra parte, la inflaci\u00f3n acumul\u00f3 en el primer bimestre del a\u00f1o un alza del 13,1%. El \u00edtem que m\u00e1s subi\u00f3 el mes pasado fue Alimentos y bebidas no alcoh\u00f3licas que se dispar\u00f3 9,8%, principalmente afectado por la fuerte alza de precios en los cortes de carnes y los productos l\u00e1cteos.<\/p>\n<p>&nbsp;<\/p>\n<p>&nbsp;<\/p>\n<p>Fuente: P\u00e1gina 12<\/p>\n","protected":false},"excerpt":{"rendered":"<p>El \u00cdndice de precios al consumidor se aceler\u00f3 al 6,6% en febrero, y acumul\u00f3 en el primer bimestre del a\u00f1o una variaci\u00f3n de 13,1%. En la medici\u00f3n interanual se ubic\u00f3 en el 102,5%. La inflaci\u00f3n se aceler\u00f3 con fuerza por tercer mes consecutivo. En febrero se ubic\u00f3 en el 6,6%, el nivel m\u00e1s alto desde agosto del 2022 cuando el [&#8230;]<\/p>\n","protected":false},"author":4,"featured_media":0,"comment_status":"closed","ping_status":"closed","sticky":false,"template":"","format":"standard","meta":{"_jetpack_newsletter_access":"","_jetpack_dont_email_post_to_subs":false,"_jetpack_newsletter_tier_id":0,"_jetpack_memberships_contains_paywalled_content":false,"_jetpack_memberships_contains_paid_content":false,"footnotes":""},"categories":[45],"tags":[],"class_list":["post-119899","post","type-post","status-publish","format-standard","hentry","category-economia"],"jetpack_featured_media_url":"","jetpack_shortlink":"https:\/\/wp.me\/p2JWE0-vbR","jetpack-related-posts":[{"id":101066,"url":"https:\/\/www.24baires.com\/?p=101066","url_meta":{"origin":119899,"position":0},"title":"Seg\u00fan el Indec, la inflaci\u00f3n de febrero fue del 2,4%","author":"AF","date":"14\/03\/2018","format":false,"excerpt":"El costo de vida peg\u00f3 un salto el mes pasado por las m\u00faltiples subas, como el transporte, que afectaron el bolsillo de los trabajadores. El Instituto Nacional de Estad\u00edstica y Censos (Indec) anunci\u00f3 este mi\u00e9rcoles que la inflaci\u00f3n de febrero fue del 2,4%, dos puntos por debajo de lo que\u2026","rel":"","context":"En \u00abEconom\u00eda\u00bb","block_context":{"text":"Econom\u00eda","link":"https:\/\/www.24baires.com\/?cat=45"},"img":{"alt_text":"","src":"https:\/\/i0.wp.com\/www.24baires.com\/wp-content\/uploads\/2013\/12\/super-chino.jpg?resize=350%2C200","width":350,"height":200,"srcset":"https:\/\/i0.wp.com\/www.24baires.com\/wp-content\/uploads\/2013\/12\/super-chino.jpg?resize=350%2C200 1x, https:\/\/i0.wp.com\/www.24baires.com\/wp-content\/uploads\/2013\/12\/super-chino.jpg?resize=525%2C300 1.5x"},"classes":[]},{"id":119997,"url":"https:\/\/www.24baires.com\/?p=119997","url_meta":{"origin":119899,"position":1},"title":"Paritaria: un gremio le reclama a Kicillof volver a discutir los sueldos","author":"GB","date":"13\/04\/2023","format":false,"excerpt":"Frente a la inflaci\u00f3n, un gremio de estatales le envi\u00f3 una carta al gobierno bonaerense para activar la cl\u00e1usula de revisi\u00f3n y monitoreo de la paritaria. En el marco del alza inflacionaria que no da descanso a los bolsillos, desde la Federaci\u00f3n de Gremios Estatales y Particulares de la provincia\u2026","rel":"","context":"En \u00abProvincia\u00bb","block_context":{"text":"Provincia","link":"https:\/\/www.24baires.com\/?cat=40"},"img":{"alt_text":"","src":"https:\/\/i0.wp.com\/www.24baires.com\/wp-content\/uploads\/2023\/04\/paritaria.jpg?resize=350%2C200","width":350,"height":200,"srcset":"https:\/\/i0.wp.com\/www.24baires.com\/wp-content\/uploads\/2023\/04\/paritaria.jpg?resize=350%2C200 1x, https:\/\/i0.wp.com\/www.24baires.com\/wp-content\/uploads\/2023\/04\/paritaria.jpg?resize=525%2C300 1.5x, https:\/\/i0.wp.com\/www.24baires.com\/wp-content\/uploads\/2023\/04\/paritaria.jpg?resize=700%2C400 2x"},"classes":[]},{"id":107215,"url":"https:\/\/www.24baires.com\/?p=107215","url_meta":{"origin":119899,"position":2},"title":"La inflaci\u00f3n de febrero fue de 3,8% y en dos meses acumula 6,8%","author":"AF","date":"14\/03\/2019","format":false,"excerpt":"Los tarifazos en la luz, agua, el aumento de las naftas y la disparada de los precios de los alimentos impactaron fuerte en el IPC del segundo mes del a\u00f1o, seg\u00fan la medici\u00f3n del INDEC. El \u00cdndice de Precios al Consumidor aument\u00f3 3,8% durante febrero, impulsado por la suba de\u2026","rel":"","context":"En \u00abEconom\u00eda\u00bb","block_context":{"text":"Econom\u00eda","link":"https:\/\/www.24baires.com\/?cat=45"},"img":{"alt_text":"","src":"https:\/\/i0.wp.com\/www.24baires.com\/wp-content\/uploads\/2018\/08\/supermercado.jpg?resize=350%2C200","width":350,"height":200,"srcset":"https:\/\/i0.wp.com\/www.24baires.com\/wp-content\/uploads\/2018\/08\/supermercado.jpg?resize=350%2C200 1x, https:\/\/i0.wp.com\/www.24baires.com\/wp-content\/uploads\/2018\/08\/supermercado.jpg?resize=525%2C300 1.5x"},"classes":[]},{"id":117137,"url":"https:\/\/www.24baires.com\/?p=117137","url_meta":{"origin":119899,"position":3},"title":"Se registr\u00f3 una suba interanual en la industria y la construcci\u00f3n","author":"AF","date":"04\/02\/2021","format":false,"excerpt":"Reactivaci\u00f3n en puerta. Pese a que el acumulado de 2020 fue negativo, la buena noticia se registr\u00f3 en diciembre \u00faltimo respecto de mismo mes de 2019. La actividad de la industria registr\u00f3 en diciembre una suba interanual de 4,9%, y tuvo un retroceso en 2020 de 7,6%, mientas que el\u2026","rel":"","context":"En \u00abSociedad\u00bb","block_context":{"text":"Sociedad","link":"https:\/\/www.24baires.com\/?cat=1"},"img":{"alt_text":"","src":"https:\/\/i0.wp.com\/www.24baires.com\/wp-content\/uploads\/2018\/11\/industria.jpg?resize=350%2C200","width":350,"height":200,"srcset":"https:\/\/i0.wp.com\/www.24baires.com\/wp-content\/uploads\/2018\/11\/industria.jpg?resize=350%2C200 1x, https:\/\/i0.wp.com\/www.24baires.com\/wp-content\/uploads\/2018\/11\/industria.jpg?resize=525%2C300 1.5x"},"classes":[]},{"id":103291,"url":"https:\/\/www.24baires.com\/?p=103291","url_meta":{"origin":119899,"position":4},"title":"La suba de precios en junio fue del 3,5%","author":"AF","date":"11\/07\/2018","format":false,"excerpt":"El registro de inflaci\u00f3n del mes pasado es el m\u00e1s alto en los \u00faltimos dos a\u00f1os, ya que hay que remontarse hasta mayo de 2016 para encontrar un alza superior. El relevamiento de la UMET arroja una suba interanual del 29,5 por ciento. La suba de precios de junio fue\u2026","rel":"","context":"En \u00abEconom\u00eda\u00bb","block_context":{"text":"Econom\u00eda","link":"https:\/\/www.24baires.com\/?cat=45"},"img":{"alt_text":"","src":"https:\/\/i0.wp.com\/www.24baires.com\/wp-content\/uploads\/2013\/03\/supermercado2.jpg?resize=350%2C200","width":350,"height":200,"srcset":"https:\/\/i0.wp.com\/www.24baires.com\/wp-content\/uploads\/2013\/03\/supermercado2.jpg?resize=350%2C200 1x, https:\/\/i0.wp.com\/www.24baires.com\/wp-content\/uploads\/2013\/03\/supermercado2.jpg?resize=525%2C300 1.5x"},"classes":[]},{"id":115639,"url":"https:\/\/www.24baires.com\/?p=115639","url_meta":{"origin":119899,"position":5},"title":"La inflaci\u00f3n de junio lleg\u00f3 al 2,2%","author":"AF","date":"15\/07\/2020","format":false,"excerpt":"La medici\u00f3n marca una ligera aceleraci\u00f3n con respecto a los dos meses previos y es la tercera marca m\u00e1s alta del a\u00f1o. El Instituto Nacional de Estad\u00edstica y Censos (Indec) inform\u00f3 este mi\u00e9rcoles que el \u00cdndice de Precios al Consumidor (IPC) subi\u00f3 2,2% en junio y de esta forma, el\u2026","rel":"","context":"En \u00abEconom\u00eda\u00bb","block_context":{"text":"Econom\u00eda","link":"https:\/\/www.24baires.com\/?cat=45"},"img":{"alt_text":"","src":"https:\/\/i0.wp.com\/www.24baires.com\/wp-content\/uploads\/2020\/05\/supermercado.jpg?resize=350%2C200","width":350,"height":200,"srcset":"https:\/\/i0.wp.com\/www.24baires.com\/wp-content\/uploads\/2020\/05\/supermercado.jpg?resize=350%2C200 1x, https:\/\/i0.wp.com\/www.24baires.com\/wp-content\/uploads\/2020\/05\/supermercado.jpg?resize=525%2C300 1.5x"},"classes":[]}],"jetpack_sharing_enabled":true,"jetpack_likes_enabled":true,"_links":{"self":[{"href":"https:\/\/www.24baires.com\/index.php?rest_route=\/wp\/v2\/posts\/119899","targetHints":{"allow":["GET"]}}],"collection":[{"href":"https:\/\/www.24baires.com\/index.php?rest_route=\/wp\/v2\/posts"}],"about":[{"href":"https:\/\/www.24baires.com\/index.php?rest_route=\/wp\/v2\/types\/post"}],"author":[{"embeddable":true,"href":"https:\/\/www.24baires.com\/index.php?rest_route=\/wp\/v2\/users\/4"}],"replies":[{"embeddable":true,"href":"https:\/\/www.24baires.com\/index.php?rest_route=%2Fwp%2Fv2%2Fcomments&post=119899"}],"version-history":[{"count":2,"href":"https:\/\/www.24baires.com\/index.php?rest_route=\/wp\/v2\/posts\/119899\/revisions"}],"predecessor-version":[{"id":119902,"href":"https:\/\/www.24baires.com\/index.php?rest_route=\/wp\/v2\/posts\/119899\/revisions\/119902"}],"wp:attachment":[{"href":"https:\/\/www.24baires.com\/index.php?rest_route=%2Fwp%2Fv2%2Fmedia&parent=119899"}],"wp:term":[{"taxonomy":"category","embeddable":true,"href":"https:\/\/www.24baires.com\/index.php?rest_route=%2Fwp%2Fv2%2Fcategories&post=119899"},{"taxonomy":"post_tag","embeddable":true,"href":"https:\/\/www.24baires.com\/index.php?rest_route=%2Fwp%2Fv2%2Ftags&post=119899"}],"curies":[{"name":"wp","href":"https:\/\/api.w.org\/{rel}","templated":true}]}}