{"id":119891,"date":"2023-03-13T20:20:04","date_gmt":"2023-03-13T23:20:04","guid":{"rendered":"http:\/\/www.24baires.com\/?p=119891"},"modified":"2023-03-13T20:20:04","modified_gmt":"2023-03-13T23:20:04","slug":"el-fondo-acordo-flexibilizar-metas-y-llega-un-nuevo-desembolso","status":"publish","type":"post","link":"https:\/\/www.24baires.com\/?p=119891","title":{"rendered":"El Fondo acord\u00f3 flexibilizar metas y llega un nuevo desembolso"},"content":{"rendered":"<p><img data-recalc-dims=\"1\" loading=\"lazy\" decoding=\"async\" class=\"aligncenter wp-image-111842\" src=\"https:\/\/i0.wp.com\/www.24baires.com\/wp-content\/uploads\/2019\/08\/fmi.jpg?resize=720%2C404\" alt=\"\" width=\"720\" height=\"404\" srcset=\"https:\/\/i0.wp.com\/www.24baires.com\/wp-content\/uploads\/2019\/08\/fmi.jpg?w=560&amp;ssl=1 560w, https:\/\/i0.wp.com\/www.24baires.com\/wp-content\/uploads\/2019\/08\/fmi.jpg?resize=300%2C168&amp;ssl=1 300w\" sizes=\"auto, (max-width: 720px) 100vw, 720px\" \/>El FMI acord\u00f3 con el Gobierno nacional una modificaci\u00f3n en el esquema de metas del programa. La acumulaci\u00f3n de reservas ser\u00e1 menos exigente en lo que resta del a\u00f1o, debido a que se tuvo en cuenta el impacto para las cuentas p\u00fablicas provocado por la sequ\u00eda. La meta trimestral de reservas ser\u00e1 reducida en unos US$ 3.000 millones. El nuevo acuerdo abre el camino para otro desembolso por 5.300 millones de d\u00f3lares en las pr\u00f3ximas semanas.<!--more--><\/p>\n<p>El Gobierno nacional acord\u00f3 este lunes con el Fondo Monetario Internacional (FMI) una reducci\u00f3n de casi US$ 2.000 millones en la meta de acumulaci\u00f3n de reservas internacionales para 2023 por el efecto de la sequ\u00eda sobre las exportaciones, al tiempo que mantuvo sin cambios la meta de 1,9 por ciento del PBI de d\u00e9ficit fiscal para este a\u00f1o.<\/p>\n<p>La decisi\u00f3n forma parte del acuerdo a nivel t\u00e9cnico alcanzado por las autoridades argentinas y el personal del FMI sobre la cuarta revisi\u00f3n bajo el acuerdo de facilidades extendidas (EFF, por sus siglas en ingles) de 30 meses de Argentina, que deber\u00e1 ser aprobado por el Directorio Ejecutivo del organismo multilateral en las pr\u00f3ximas semanas. Una vez completada la revisi\u00f3n, Argentina tendr\u00e1 acceso a alrededor de US$5.300 millones.<\/p>\n<p>Entre los puntos a destacar del comunicado difundido por el organismo internacional, tras el acuerdo t\u00e9cnico con los funcionarios del Ministerio de Econom\u00eda, se resalta que la gesti\u00f3n macroecon\u00f3mica prudente en la segunda mitad de 2022 respald\u00f3 la estabilidad y ayud\u00f3 con cierto margen a asegurar los objetivos del programa hasta fines de 2022.<\/p>\n<p>\u201cEl d\u00e9ficit fiscal primario de 2022 alcanz\u00f3 el 2,3% del PIB (frente a una meta del 2,5%), en particular debido al continuo s\u00f3lido control del gasto y las acciones para mejorar la focalizaci\u00f3n de los subsidios y la asistencia social\u00bb, destac\u00f3 el FMI en el escrito.<\/p>\n<p>Al mismo tiempo, \u00ablas reservas internacionales netas aumentaron en USD5.400 millones (por encima de la meta de USD5.000 millones), debido a mejoras en la balanza comercial y un importante apoyo oficial. El PIB real se expandi\u00f3 un 5,4% en 2022 y la inflaci\u00f3n anual alcanz\u00f3 el 94,8%\u201d, agreg\u00f3 el texto.<\/p>\n<p>La confirmaci\u00f3n del cambio en las metas de acumulaci\u00f3n de reservas llega en un momento en el que por la sequ\u00eda se espera que ingresen en 2023 al menos US$14.000 millones menos que el a\u00f1o pasado en concepto de exportaciones del agro. Eso se sum\u00f3 al impacto de casi US$5.000 millones que tuvo en la balanza comercial la guerra en Ucrania, seg\u00fan c\u00e1lculos del Palacio de Hacienda.<\/p>\n<p>En tanto, cumplir con la hoja de ruta pactada con el Fondo resultaba imposible en ese contexto. Es decir, con el sendero vigente el pa\u00eds deber\u00eda finalizar marzo con reservas netas en el BCRA por US$5.500 millones m\u00e1s que de las de diciembre de 2021.<\/p>\n<p>Mientras que, para el segundo trimestre, el objetivo previsto eran US$3.100 millones adicionales, que se sumaban a US$100 millones en el tercero y otros US$1.000 millones antes del 31 de diciembre. En total, a lo largo del a\u00f1o la autoridad monetaria deb\u00eda sumar US$4.800 millones y US$9.800 millones desde que se firm\u00f3 el acuerdo.<\/p>\n<p>Sin embargo, las inclemencias clim\u00e1ticas y el conflicto b\u00e9lico pusieron en jaque ese horizonte y precipitaron la flexibilizaci\u00f3n.<\/p>\n<p>Respecto a los objetivos pautados para 2023, el FMI precis\u00f3 en el documento que Argentina deber\u00e1 alcanzar un d\u00e9ficit fiscal primario del 1,9% del PIB, con lo que inst\u00f3 a reforzar el control de gasto, especialmente en lo que tiene que ver con subsidios energ\u00e9ticos y asistencia social.<\/p>\n<p>A su vez, detall\u00f3 que el Gobierno se comprometi\u00f3 a \u201ccontinuar implementando el esquema de segmentaci\u00f3n acordado, eliminando los subsidios para los usuarios residenciales de mayores ingresos a partir de mayo y para los usuarios comerciales a fines de 2023\u2033.<\/p>\n<p>Adem\u00e1s, se hizo referencia a la aprobaci\u00f3n de la moratoria previsional, para lo que afirm\u00f3 que se \u201ctomar\u00e1n medidas tempranas y decididas para abordar de manera sostenible los costos fiscales de la aprobaci\u00f3n imprevista de la moratoria de pensiones para asegurar los objetivos fiscales para este a\u00f1o y los pr\u00f3ximos\u201d.<\/p>\n<p>Finalmente, sobre la inflaci\u00f3n, el FMI sostuvo que se mantendr\u00e1n positivas las tasas de inter\u00e9s en t\u00e9rminos reales y comunic\u00f3 que \u201clas autoridades planean complementar a trav\u00e9s de la oportuna racionalizaci\u00f3n de la pol\u00edtica cambiaria\u201d. \u201cTambi\u00e9n se comprometen a no utilizar reservas internacionales ni emitir instrumentos de deuda externa de corto plazo para intervenir en los mercados cambiarios paralelos\u201d, se\u00f1al\u00f3 el organismo.<\/p>\n<p>Los principales puntos del nuevo acuerdo<br \/>\n1. Se establece el desembolso de 4000 millones de degs que representan 5.300 millones de d\u00f3lares.<\/p>\n<p>2. El comunicado distingue el trabajo del equipo econ\u00f3mico del segundo semestre respecto del primer semestre en t\u00e9rminos de decisi\u00f3n pol\u00edtica.<\/p>\n<p>3. Marca la sequ\u00eda como principal motivo de la revisi\u00f3n de metas del programa.<\/p>\n<p>4. Detalla el sobre cumplimiento 2022, en materia fiscal, 2.3 y en materia de reservas, 5.4 billones, por encima de las metas previstas.<\/p>\n<p>5. Sostiene el objetivo del 1.9 fiscal, pero marca 4 cuestiones:<\/p>\n<p>a) Continuar con el control del gasto en busca de orden<\/p>\n<p>b) Priorizar la inversi\u00f3n en infraestructura y el gasto social.<\/p>\n<p>c) Acelerar la segmentaci\u00f3n para terminar con la regresividad en los subsidios.<\/p>\n<p>d) Sobre la moratoria jubilatoria se\u00f1ala la importancia de que sea justa, orientada a los m\u00e1s vulnerables y sin desborde de gasto.<\/p>\n<p>6. Contin\u00faa con la promoci\u00f3n de tasas de inter\u00e9s positivas.<\/p>\n<p>7. Habilita mecanismos de aumento de la competitividad externa (fomento de exportaciones) para fortalecer la cobertura de reservas como medidas de pol\u00edtica cambiaria temporales.<\/p>\n<p>8. Plantea la no utilizaci\u00f3n de reservas en intervenciones.<\/p>\n<p>9. Elogia el canje de deuda en pesos, 16000 millones de d\u00f3lares canjeados, y habilita a generar canjes intra Estado para mejorar los perfiles de vencimientos, asimismo promueve el mayor uso de multilaterales para financiamiento.<\/p>\n<p>10. Mantiene la meta de adelantos transitorios del Banco Central en 0.6 del PBI a pesar de que hasta la fecha el tesoro no lo ha utilizado. Eso libera acceso a pesos de financiamiento v\u00eda Banco Central.<\/p>\n<p>11. Establece un nuevo piso de acumulaci\u00f3n de reservas para marzo, junio, septiembre y diciembre, reduci\u00e9ndose en m\u00e1s de 3000 millones a acumular en marzo y en casi 2000 millones en 2023.<\/p>\n<p>12. Plantea la flexibilidad del programa para el a\u00f1o por el impacto de la sequ\u00eda sobre todo en el primer trimestre.<\/p>\n<p>13. Habilita a medidas cambiarias temporales.<\/p>\n<p>&nbsp;<\/p>\n<p>&nbsp;<\/p>\n<p>&nbsp;<\/p>\n<p>&nbsp;<\/p>\n<p>&nbsp;<\/p>\n<p>&nbsp;<\/p>\n<p>&nbsp;<\/p>\n<p>&nbsp;<\/p>\n<p>&nbsp;<\/p>\n<p>&nbsp;<\/p>\n<p>Fuente: P\u00e1gina 12<\/p>\n","protected":false},"excerpt":{"rendered":"<p>El FMI acord\u00f3 con el Gobierno nacional una modificaci\u00f3n en el esquema de metas del programa. La acumulaci\u00f3n de reservas ser\u00e1 menos exigente en lo que resta del a\u00f1o, debido a que se tuvo en cuenta el impacto para las cuentas p\u00fablicas provocado por la sequ\u00eda. La meta trimestral de reservas ser\u00e1 reducida en unos US$ 3.000 millones. El nuevo [&#8230;]<\/p>\n","protected":false},"author":4,"featured_media":0,"comment_status":"closed","ping_status":"closed","sticky":false,"template":"","format":"standard","meta":{"_jetpack_newsletter_access":"","_jetpack_dont_email_post_to_subs":false,"_jetpack_newsletter_tier_id":0,"_jetpack_memberships_contains_paywalled_content":false,"_jetpack_memberships_contains_paid_content":false,"footnotes":""},"categories":[45,51],"tags":[],"class_list":["post-119891","post","type-post","status-publish","format-standard","hentry","category-economia","category-politica"],"jetpack_featured_media_url":"","jetpack_shortlink":"https:\/\/wp.me\/p2JWE0-vbJ","jetpack-related-posts":[{"id":120179,"url":"https:\/\/www.24baires.com\/?p=120179","url_meta":{"origin":119891,"position":0},"title":"Massa contin\u00faa la negociaci\u00f3n con el FMI con el eje en el \u00abda\u00f1o\u00bb por la sequ\u00eda","author":"AF","date":"13\/06\/2023","format":false,"excerpt":"En un acto en la f\u00e1brica automotriz Ford en Pacheco el ministro cont\u00f3 que lac conversaciones con el organismo de cr\u00e9dito se desarrollan de modo virtual y luego ir\u00e1 una misi\u00f3n a Washington para cerrar el acuerdo. El ministro de Econom\u00eda, Sergio Massa, confirm\u00f3 este martes que contin\u00faan las negociaciones\u2026","rel":"","context":"En \u00abEconom\u00eda\u00bb","block_context":{"text":"Econom\u00eda","link":"https:\/\/www.24baires.com\/?cat=45"},"img":{"alt_text":"","src":"https:\/\/i0.wp.com\/www.24baires.com\/wp-content\/uploads\/2023\/05\/massa-scaled.jpg?resize=350%2C200","width":350,"height":200,"srcset":"https:\/\/i0.wp.com\/www.24baires.com\/wp-content\/uploads\/2023\/05\/massa-scaled.jpg?resize=350%2C200 1x, https:\/\/i0.wp.com\/www.24baires.com\/wp-content\/uploads\/2023\/05\/massa-scaled.jpg?resize=525%2C300 1.5x, https:\/\/i0.wp.com\/www.24baires.com\/wp-content\/uploads\/2023\/05\/massa-scaled.jpg?resize=700%2C400 2x"},"classes":[]},{"id":119419,"url":"https:\/\/www.24baires.com\/?p=119419","url_meta":{"origin":119891,"position":1},"title":"Massa viajar\u00e1 a la Asamblea del FMI y a la cumbre del G20","author":"AF","date":"05\/10\/2022","format":false,"excerpt":"El ministro de Econom\u00eda arribar\u00eda a la capital de Estados Unidos el pr\u00f3ximo mi\u00e9rcoles, con la posibilidad de que la segunda revisi\u00f3n del programa con el FMI sea aprobada por el Directorio del organismo. El ministro de Econom\u00eda, Sergio Massa, viajar\u00e1 a Washington la pr\u00f3xima semana para participar de la\u2026","rel":"","context":"En \u00abPol\u00edtica\u00bb","block_context":{"text":"Pol\u00edtica","link":"https:\/\/www.24baires.com\/?cat=51"},"img":{"alt_text":"","src":"https:\/\/i0.wp.com\/www.24baires.com\/wp-content\/uploads\/2022\/10\/massa.jpg?resize=350%2C200","width":350,"height":200,"srcset":"https:\/\/i0.wp.com\/www.24baires.com\/wp-content\/uploads\/2022\/10\/massa.jpg?resize=350%2C200 1x, https:\/\/i0.wp.com\/www.24baires.com\/wp-content\/uploads\/2022\/10\/massa.jpg?resize=525%2C300 1.5x, https:\/\/i0.wp.com\/www.24baires.com\/wp-content\/uploads\/2022\/10\/massa.jpg?resize=700%2C400 2x"},"classes":[]},{"id":120299,"url":"https:\/\/www.24baires.com\/?p=120299","url_meta":{"origin":119891,"position":2},"title":"Massa volvi\u00f3 a hablar con Georgieva y se aceleran las negociaciones con el FMI","author":"AF","date":"20\/07\/2023","format":false,"excerpt":"La conversaci\u00f3n entre el ministro de Econom\u00eda y la titular del Fondo se extendi\u00f3 durante una hora y luego, se sumaron dos nuevos funcionarios a la delegaci\u00f3n argentina. El precandidato debe definir si viaja a Washington para cerrar el entendimiento con el organismo. El ministro de Econom\u00eda, Sergio Massa, volvi\u00f3\u2026","rel":"","context":"En \u00abEconom\u00eda\u00bb","block_context":{"text":"Econom\u00eda","link":"https:\/\/www.24baires.com\/?cat=45"},"img":{"alt_text":"","src":"https:\/\/i0.wp.com\/www.24baires.com\/wp-content\/uploads\/2023\/07\/massa.jpg?resize=350%2C200","width":350,"height":200,"srcset":"https:\/\/i0.wp.com\/www.24baires.com\/wp-content\/uploads\/2023\/07\/massa.jpg?resize=350%2C200 1x, https:\/\/i0.wp.com\/www.24baires.com\/wp-content\/uploads\/2023\/07\/massa.jpg?resize=525%2C300 1.5x, https:\/\/i0.wp.com\/www.24baires.com\/wp-content\/uploads\/2023\/07\/massa.jpg?resize=700%2C400 2x"},"classes":[]},{"id":111787,"url":"https:\/\/www.24baires.com\/?p=111787","url_meta":{"origin":119891,"position":3},"title":"El FMI se reunir\u00e1 con el equipo econ\u00f3mico del Frente de Todos","author":"GB","date":"26\/08\/2019","format":false,"excerpt":"El s\u00e1bado el organismo mantuvo un encuentro con el ministro de Hacienda, Hern\u00e1n Lacunza, mientras eval\u00faa el dep\u00f3sito de 5.400 millones de d\u00f3lares al pa\u00eds. La misi\u00f3n del Fondo Monetario Internacional (FMI) continuar\u00e1 este lunes con la revisi\u00f3n de las cuentas del Estado Nacional y mantendr\u00e1 uncuentro con miembros del\u2026","rel":"","context":"En \u00abEconom\u00eda\u00bb","block_context":{"text":"Econom\u00eda","link":"https:\/\/www.24baires.com\/?cat=45"},"img":{"alt_text":"","src":"https:\/\/i0.wp.com\/www.24baires.com\/wp-content\/uploads\/2019\/02\/fmi-uocra.jpg?resize=350%2C200","width":350,"height":200,"srcset":"https:\/\/i0.wp.com\/www.24baires.com\/wp-content\/uploads\/2019\/02\/fmi-uocra.jpg?resize=350%2C200 1x, https:\/\/i0.wp.com\/www.24baires.com\/wp-content\/uploads\/2019\/02\/fmi-uocra.jpg?resize=525%2C300 1.5x"},"classes":[]},{"id":119959,"url":"https:\/\/www.24baires.com\/?p=119959","url_meta":{"origin":119891,"position":4},"title":"El FMI calcula que el impacto de la sequ\u00eda es de 9000 millones de d\u00f3lares","author":"AF","date":"29\/03\/2023","format":false,"excerpt":"En Econom\u00eda dejaron trascender que, para el Fondo Monetario Internacional, las consecuencias de la hist\u00f3rica seca es menor a lo que calcul\u00f3 la Bolsa de Rosario. Los planes para nuevo d\u00f3lar a las econom\u00edas regionales, las reservas en el Banco Central y la renegociaci\u00f3n del programa con el Fondo. El\u2026","rel":"","context":"En \u00abEconom\u00eda\u00bb","block_context":{"text":"Econom\u00eda","link":"https:\/\/www.24baires.com\/?cat=45"},"img":{"alt_text":"","src":"https:\/\/i0.wp.com\/www.24baires.com\/wp-content\/uploads\/2023\/03\/massa-fmi.jpeg?resize=350%2C200","width":350,"height":200,"srcset":"https:\/\/i0.wp.com\/www.24baires.com\/wp-content\/uploads\/2023\/03\/massa-fmi.jpeg?resize=350%2C200 1x, https:\/\/i0.wp.com\/www.24baires.com\/wp-content\/uploads\/2023\/03\/massa-fmi.jpeg?resize=525%2C300 1.5x, https:\/\/i0.wp.com\/www.24baires.com\/wp-content\/uploads\/2023\/03\/massa-fmi.jpeg?resize=700%2C400 2x"},"classes":[]},{"id":119027,"url":"https:\/\/www.24baires.com\/?p=119027","url_meta":{"origin":119891,"position":5},"title":"Tras aprobar la primera revisi\u00f3n, el FMI desembols\u00f3 US$ 3.980 millones","author":"AF","date":"28\/06\/2022","format":false,"excerpt":"El organismo multilateral cumpli\u00f3 el compromiso asumido con la Argentina luego de la primera revisi\u00f3n satisfactoria del Acuerdo de Facilidades Extendidas. Las reservas del Banco Central sumaron US$ 3.980 millones tras el desembolso del Fondo Monetario Internacional (FMI), correspondiente a la aprobaci\u00f3n de la primera revisi\u00f3n del Acuerdo de Facilidades\u2026","rel":"","context":"En \u00abEconom\u00eda\u00bb","block_context":{"text":"Econom\u00eda","link":"https:\/\/www.24baires.com\/?cat=45"},"img":{"alt_text":"","src":"https:\/\/i0.wp.com\/www.24baires.com\/wp-content\/uploads\/2019\/08\/fmi.jpg?resize=350%2C200","width":350,"height":200,"srcset":"https:\/\/i0.wp.com\/www.24baires.com\/wp-content\/uploads\/2019\/08\/fmi.jpg?resize=350%2C200 1x, https:\/\/i0.wp.com\/www.24baires.com\/wp-content\/uploads\/2019\/08\/fmi.jpg?resize=525%2C300 1.5x, https:\/\/i0.wp.com\/www.24baires.com\/wp-content\/uploads\/2019\/08\/fmi.jpg?resize=700%2C400 2x"},"classes":[]}],"jetpack_sharing_enabled":true,"jetpack_likes_enabled":true,"_links":{"self":[{"href":"https:\/\/www.24baires.com\/index.php?rest_route=\/wp\/v2\/posts\/119891","targetHints":{"allow":["GET"]}}],"collection":[{"href":"https:\/\/www.24baires.com\/index.php?rest_route=\/wp\/v2\/posts"}],"about":[{"href":"https:\/\/www.24baires.com\/index.php?rest_route=\/wp\/v2\/types\/post"}],"author":[{"embeddable":true,"href":"https:\/\/www.24baires.com\/index.php?rest_route=\/wp\/v2\/users\/4"}],"replies":[{"embeddable":true,"href":"https:\/\/www.24baires.com\/index.php?rest_route=%2Fwp%2Fv2%2Fcomments&post=119891"}],"version-history":[{"count":1,"href":"https:\/\/www.24baires.com\/index.php?rest_route=\/wp\/v2\/posts\/119891\/revisions"}],"predecessor-version":[{"id":119892,"href":"https:\/\/www.24baires.com\/index.php?rest_route=\/wp\/v2\/posts\/119891\/revisions\/119892"}],"wp:attachment":[{"href":"https:\/\/www.24baires.com\/index.php?rest_route=%2Fwp%2Fv2%2Fmedia&parent=119891"}],"wp:term":[{"taxonomy":"category","embeddable":true,"href":"https:\/\/www.24baires.com\/index.php?rest_route=%2Fwp%2Fv2%2Fcategories&post=119891"},{"taxonomy":"post_tag","embeddable":true,"href":"https:\/\/www.24baires.com\/index.php?rest_route=%2Fwp%2Fv2%2Ftags&post=119891"}],"curies":[{"name":"wp","href":"https:\/\/api.w.org\/{rel}","templated":true}]}}