{"id":11988,"date":"2013-01-12T20:00:04","date_gmt":"2013-01-12T23:00:04","guid":{"rendered":"http:\/\/www.24baires.com\/?p=11988"},"modified":"2013-01-12T20:00:08","modified_gmt":"2013-01-12T23:00:08","slug":"en-uruguay-se-realizaron-200-abortos-a-un-mes-de-su-despenalizacion","status":"publish","type":"post","link":"https:\/\/www.24baires.com\/?p=11988","title":{"rendered":"En Uruguay se realizaron 200 abortos a un mes de su despenalizaci\u00f3n"},"content":{"rendered":"<p><a href=\"http:\/\/www.24baires.com\/?attachment_id=11989\" rel=\"attachment wp-att-11989\"><img data-recalc-dims=\"1\" loading=\"lazy\" decoding=\"async\" class=\"alignleft size-medium wp-image-11989\" alt=\"aborto uruguay\" src=\"https:\/\/i0.wp.com\/www.24baires.com\/wp-content\/uploads\/2013\/01\/aborto-uruguay.jpg?resize=300%2C190\" width=\"300\" height=\"190\" srcset=\"https:\/\/i0.wp.com\/www.24baires.com\/wp-content\/uploads\/2013\/01\/aborto-uruguay.jpg?resize=300%2C190&amp;ssl=1 300w, https:\/\/i0.wp.com\/www.24baires.com\/wp-content\/uploads\/2013\/01\/aborto-uruguay.jpg?w=315&amp;ssl=1 315w\" sizes=\"auto, (max-width: 300px) 100vw, 300px\" \/><\/a>En el primer mes desde la despenalizaci\u00f3n del aborto en Uruguay, se practicaron 200 interrupciones de embarazos en el pa\u00eds, seg\u00fan cifras oficiales. La ley entr\u00f3 en vigencia el pasado 3 de diciembre y obliga a las instituciones de asistencia m\u00e9dica a asesorar y practicar el aborto a las mujeres que lo soliciten dentro de las primeras 12 semanas de gestaci\u00f3n.<!--more--><\/p>\n<p>En el primer mes desde la despenalizaci\u00f3n del aborto en Uruguay se practicaron 200 interrupciones de embarazos en el pa\u00eds, seg\u00fan cifras oficiales recogidas hoy por la prensa de Montevideo.<\/p>\n<p>La ley de despenalizaci\u00f3n entr\u00f3 en vigor el pasado 3 de diciembre y oblig\u00f3 a todas las instituciones de asistencia m\u00e9dica (p\u00fablicas y privadas) a asesorar y practicar el aborto a las mujeres que lo soliciten dentro de las primeras 12 semanas de gestaci\u00f3n.<\/p>\n<p>Esta cifra \u00abecha por tierra\u00bb el argumento de los opositores a la despenalizaci\u00f3n de que se trata de una \u00abley pro-aborto\u00bb, seg\u00fan el viceministro de Salud P\u00fablica, Leonel Briozzo.<\/p>\n<p>\u00abLos datos internacionales demuestran que si se combinan la anticoncepci\u00f3n, planificaci\u00f3n familiar y la educaci\u00f3n en salud sexual se disminuye el n\u00famero de abortos, que es lo que todos queremos\u00bb, a\u00f1adi\u00f3.<\/p>\n<p>Los promotores de la despenalizaci\u00f3n se\u00f1alaron durante la discusi\u00f3n legislativa de la norma que en Uruguay se practicaban unos 30.000 abortos clandestinos al a\u00f1o bajo condiciones muchas veces de riesgo, sobre todo para mujeres de escasos ingresos.<\/p>\n<p>&nbsp;<\/p>\n<p>&nbsp;<\/p>\n<p>&nbsp;<\/p>\n<p>&nbsp;<\/p>\n<p>&nbsp;<\/p>\n<p>&nbsp;<\/p>\n<p>&nbsp;<\/p>\n<p>&nbsp;<\/p>\n<p>&nbsp;<\/p>\n<p>&nbsp;<\/p>\n<p>&nbsp;<\/p>\n<p>&nbsp;<\/p>\n<p>&nbsp;<\/p>\n<p>&nbsp;<\/p>\n<p>&nbsp;<\/p>\n<p>&nbsp;<\/p>\n<p>&nbsp;<\/p>\n<p>&nbsp;<\/p>\n<p>&nbsp;<\/p>\n<p>&nbsp;<\/p>\n<p>&nbsp;<\/p>\n<p>&nbsp;<\/p>\n<p>&nbsp;<\/p>\n<p>&nbsp;<\/p>\n<p>&nbsp;<\/p>\n<p>&nbsp;<\/p>\n<p>&nbsp;<\/p>\n","protected":false},"excerpt":{"rendered":"<p>En el primer mes desde la despenalizaci\u00f3n del aborto en Uruguay, se practicaron 200 interrupciones de embarazos en el pa\u00eds, seg\u00fan cifras oficiales. La ley entr\u00f3 en vigencia el pasado 3 de diciembre y obliga a las instituciones de asistencia m\u00e9dica a asesorar y practicar el aborto a las mujeres que lo soliciten dentro de las primeras 12 semanas de [&#8230;]<\/p>\n","protected":false},"author":4,"featured_media":0,"comment_status":"open","ping_status":"open","sticky":false,"template":"","format":"standard","meta":{"_jetpack_newsletter_access":"","_jetpack_dont_email_post_to_subs":false,"_jetpack_newsletter_tier_id":0,"_jetpack_memberships_contains_paywalled_content":false,"_jetpack_memberships_contains_paid_content":false,"footnotes":""},"categories":[1],"tags":[],"class_list":["post-11988","post","type-post","status-publish","format-standard","hentry","category-sociedad"],"jetpack_featured_media_url":"","jetpack_shortlink":"https:\/\/wp.me\/p2JWE0-37m","jetpack-related-posts":[{"id":102728,"url":"https:\/\/www.24baires.com\/?p=102728","url_meta":{"origin":11988,"position":0},"title":"Uruguay: \u201cSomos el pa\u00eds con menor mortalidad materna de Am\u00e9rica despu\u00e9s de Canad\u00e1\u201d","author":"GB","date":"14\/06\/2018","format":false,"excerpt":"A cinco a\u00f1os de la despenalizaci\u00f3n, el ex viceministro de Salud de Uruguay asegur\u00f3 que la norma se implement\u00f3 \u201cde manera muy exitosa\u201d en su pa\u00eds y recalc\u00f3 que la tasa de interrupciones voluntarias es similar a la de las regiones m\u00e1s desarrolladas. Mientras en el Congreso de la Naci\u00f3n\u2026","rel":"","context":"En \u00abSociedad\u00bb","block_context":{"text":"Sociedad","link":"https:\/\/www.24baires.com\/?cat=1"},"img":{"alt_text":"","src":"https:\/\/i0.wp.com\/www.24baires.com\/wp-content\/uploads\/2018\/06\/aborto-uruguay.jpg?resize=350%2C200","width":350,"height":200,"srcset":"https:\/\/i0.wp.com\/www.24baires.com\/wp-content\/uploads\/2018\/06\/aborto-uruguay.jpg?resize=350%2C200 1x, https:\/\/i0.wp.com\/www.24baires.com\/wp-content\/uploads\/2018\/06\/aborto-uruguay.jpg?resize=525%2C300 1.5x"},"classes":[]},{"id":100969,"url":"https:\/\/www.24baires.com\/?p=100969","url_meta":{"origin":11988,"position":1},"title":"Patricia Bullrich respald\u00f3 la despenalizaci\u00f3n del aborto","author":"GB","date":"10\/03\/2018","format":false,"excerpt":"La ministra de Seguridad de la Naci\u00f3n, Patricia Bullrich, se mostr\u00f3 a favor de la despenalizaci\u00f3n del aborto que se tratar\u00e1 en el Congreso. 1994 ya hab\u00eda presentado un proyecto en este sentido. La ministra de Seguridad, Patricia Bullrich, se mostr\u00f3 este viernes \"a favor de la despenalizaci\u00f3n del aborto\"\u2026","rel":"","context":"En \u00abPol\u00edtica\u00bb","block_context":{"text":"Pol\u00edtica","link":"https:\/\/www.24baires.com\/?cat=51"},"img":{"alt_text":"","src":"https:\/\/i0.wp.com\/www.24baires.com\/wp-content\/uploads\/2017\/08\/bullrich-testigo-protegido.jpg?resize=350%2C200","width":350,"height":200,"srcset":"https:\/\/i0.wp.com\/www.24baires.com\/wp-content\/uploads\/2017\/08\/bullrich-testigo-protegido.jpg?resize=350%2C200 1x, https:\/\/i0.wp.com\/www.24baires.com\/wp-content\/uploads\/2017\/08\/bullrich-testigo-protegido.jpg?resize=525%2C300 1.5x"},"classes":[]},{"id":102724,"url":"https:\/\/www.24baires.com\/?p=102724","url_meta":{"origin":11988,"position":2},"title":"Contin\u00faa en Diputados la sesi\u00f3n para definir la legalizaci\u00f3n del aborto","author":"AF","date":"13\/06\/2018","format":false,"excerpt":"La hist\u00f3rica sesi\u00f3n en Diputados por la despenalizaci\u00f3n del aborto lleva varias horas entre fuertes discursos y algunas chicanas. La votaci\u00f3n se mantiene muy re\u00f1ida y se espera un final abierto. El conteo cambia minuto a minuto y se estima una paridad en el resultado. En tanto, en las calles\u2026","rel":"","context":"En \u00abPol\u00edtica\u00bb","block_context":{"text":"Pol\u00edtica","link":"https:\/\/www.24baires.com\/?cat=51"},"img":{"alt_text":"","src":"https:\/\/i0.wp.com\/www.24baires.com\/wp-content\/uploads\/2018\/06\/diputados.jpg?resize=350%2C200","width":350,"height":200,"srcset":"https:\/\/i0.wp.com\/www.24baires.com\/wp-content\/uploads\/2018\/06\/diputados.jpg?resize=350%2C200 1x, https:\/\/i0.wp.com\/www.24baires.com\/wp-content\/uploads\/2018\/06\/diputados.jpg?resize=525%2C300 1.5x"},"classes":[]},{"id":101147,"url":"https:\/\/www.24baires.com\/?p=101147","url_meta":{"origin":11988,"position":3},"title":"Realizan pa\u00f1uelazo por el aborto legal en la Quinta de Olivos","author":"AF","date":"19\/03\/2018","format":false,"excerpt":"La Campa\u00f1a Nacional reclamar\u00e1 la despenalizaci\u00f3n de la interrupci\u00f3n del embarazo y el financiamiento para Educaci\u00f3n Sexual en la vereda de la casa presidencial. La \"Se\u00f1orita Bimbo\" participar\u00e1 de una radio abierta. Las m\u00e1s de 500 organizaciones que integran la Campa\u00f1a Nacional por el Derecho al Aborto Legal Seguro y\u2026","rel":"","context":"En \u00abSociedad\u00bb","block_context":{"text":"Sociedad","link":"https:\/\/www.24baires.com\/?cat=1"},"img":{"alt_text":"","src":"https:\/\/i0.wp.com\/www.24baires.com\/wp-content\/uploads\/2018\/03\/pa%C3%B1uelazo-aborto.jpg?resize=350%2C200","width":350,"height":200,"srcset":"https:\/\/i0.wp.com\/www.24baires.com\/wp-content\/uploads\/2018\/03\/pa%C3%B1uelazo-aborto.jpg?resize=350%2C200 1x, https:\/\/i0.wp.com\/www.24baires.com\/wp-content\/uploads\/2018\/03\/pa%C3%B1uelazo-aborto.jpg?resize=525%2C300 1.5x"},"classes":[]},{"id":96369,"url":"https:\/\/www.24baires.com\/?p=96369","url_meta":{"origin":11988,"position":4},"title":"Felipe Sol\u00e1 echa m\u00e1s le\u00f1a al fuego: \u00abUna embarazada no es due\u00f1a de su cuerpo\u00bb","author":"Grupo Sierra","date":"01\/08\/2017","format":false,"excerpt":"El precandidato a diputado nacional por 1Pa\u00eds dijo estar \u201ca favor\u201d de debatir la despenalizaci\u00f3n del aborto, pero consider\u00f3 que \u201cuna embarazada no es due\u00f1a de su cuerpo, porque hay otro ser adentro\u201d de ella. Tampoco se priv\u00f3 de criticar a Bullrich, quien en una ins\u00f3lita frase mezcl\u00f3 el \"Ni\u2026","rel":"","context":"En \u00abPol\u00edtica\u00bb","block_context":{"text":"Pol\u00edtica","link":"https:\/\/www.24baires.com\/?cat=51"},"img":{"alt_text":"","src":"https:\/\/i0.wp.com\/www.24baires.com\/wp-content\/uploads\/2014\/07\/felipe-sol%C3%A1.jpg?resize=350%2C200","width":350,"height":200,"srcset":"https:\/\/i0.wp.com\/www.24baires.com\/wp-content\/uploads\/2014\/07\/felipe-sol%C3%A1.jpg?resize=350%2C200 1x, https:\/\/i0.wp.com\/www.24baires.com\/wp-content\/uploads\/2014\/07\/felipe-sol%C3%A1.jpg?resize=525%2C300 1.5x"},"classes":[]},{"id":101281,"url":"https:\/\/www.24baires.com\/?p=101281","url_meta":{"origin":11988,"position":5},"title":"El aborto es la principal causa de muerte materna en Argentina","author":"GB","date":"26\/03\/2018","format":false,"excerpt":"En nuestro pa\u00eds se realizan entre 486 mil y 520 mil abortos por a\u00f1o. Seg\u00fan un informe de la OMC, la legalizaci\u00f3n de esta pr\u00e1ctica reduce la mortalidad, mientras que prohibirla no reduce la cantidad de abortos. En 2016, \u00faltimo dato publicado por el Ministerio de Salud de la Naci\u00f3n,\u2026","rel":"","context":"En \u00abPol\u00edtica\u00bb","block_context":{"text":"Pol\u00edtica","link":"https:\/\/www.24baires.com\/?cat=51"},"img":{"alt_text":"","src":"https:\/\/i0.wp.com\/www.24baires.com\/wp-content\/uploads\/2014\/11\/aborto-legal.jpg?resize=350%2C200","width":350,"height":200,"srcset":"https:\/\/i0.wp.com\/www.24baires.com\/wp-content\/uploads\/2014\/11\/aborto-legal.jpg?resize=350%2C200 1x, https:\/\/i0.wp.com\/www.24baires.com\/wp-content\/uploads\/2014\/11\/aborto-legal.jpg?resize=525%2C300 1.5x"},"classes":[]}],"jetpack_sharing_enabled":true,"jetpack_likes_enabled":true,"_links":{"self":[{"href":"https:\/\/www.24baires.com\/index.php?rest_route=\/wp\/v2\/posts\/11988","targetHints":{"allow":["GET"]}}],"collection":[{"href":"https:\/\/www.24baires.com\/index.php?rest_route=\/wp\/v2\/posts"}],"about":[{"href":"https:\/\/www.24baires.com\/index.php?rest_route=\/wp\/v2\/types\/post"}],"author":[{"embeddable":true,"href":"https:\/\/www.24baires.com\/index.php?rest_route=\/wp\/v2\/users\/4"}],"replies":[{"embeddable":true,"href":"https:\/\/www.24baires.com\/index.php?rest_route=%2Fwp%2Fv2%2Fcomments&post=11988"}],"version-history":[{"count":2,"href":"https:\/\/www.24baires.com\/index.php?rest_route=\/wp\/v2\/posts\/11988\/revisions"}],"predecessor-version":[{"id":11995,"href":"https:\/\/www.24baires.com\/index.php?rest_route=\/wp\/v2\/posts\/11988\/revisions\/11995"}],"wp:attachment":[{"href":"https:\/\/www.24baires.com\/index.php?rest_route=%2Fwp%2Fv2%2Fmedia&parent=11988"}],"wp:term":[{"taxonomy":"category","embeddable":true,"href":"https:\/\/www.24baires.com\/index.php?rest_route=%2Fwp%2Fv2%2Fcategories&post=11988"},{"taxonomy":"post_tag","embeddable":true,"href":"https:\/\/www.24baires.com\/index.php?rest_route=%2Fwp%2Fv2%2Ftags&post=11988"}],"curies":[{"name":"wp","href":"https:\/\/api.w.org\/{rel}","templated":true}]}}